{"id":120968,"date":"2025-12-04T12:04:27","date_gmt":"2025-12-04T15:04:27","guid":{"rendered":"https:\/\/www.apucarana.pr.gov.br\/site\/?p=120968"},"modified":"2025-12-04T12:04:27","modified_gmt":"2025-12-04T15:04:27","slug":"centro-de-qualificacao-de-apucarana-inicia-curso-de-manutencao-de-maquinas-de-costura","status":"publish","type":"post","link":"http:\/\/www.apucarana.pr.gov.br\/site\/centro-de-qualificacao-de-apucarana-inicia-curso-de-manutencao-de-maquinas-de-costura\/","title":{"rendered":"Centro de Qualifica\u00e7\u00e3o de Apucarana inicia curso de Manuten\u00e7\u00e3o de M\u00e1quinas de Costura"},"content":{"rendered":"\n\t\t<!-- MasterSlider -->\n\t\t<div id=\"P_MS69efaf320acd0\" class=\"master-slider-parent master-slider-gallery   ms-parent-id-0\" style=\"\" >\n\n\t\t\t\n\t\t\t<!-- MasterSlider Main -->\n\t\t\t<div id=\"MS69efaf320acd0\" class=\"master-slider ms-skin-default\" >\n\t\t\t\t \t\t\t\t \n\t\t\t<div  class=\"ms-slide\" data-delay=\"3\"    >\n\t\t\t\t\t<img decoding=\"async\" src=\"http:\/\/www.apucarana.pr.gov.br\/site\/wp-content\/plugins\/masterslider\/public\/assets\/css\/blank.gif\" alt=\"WhatsApp Image 2025-12-04 at 10.34.16 (1)\" title=\"WhatsApp Image 2025-12-04 at 10.34.16 (1)\" data-src=\"http:\/\/www.apucarana.pr.gov.br\/site\/wp-content\/uploads\/2025\/12\/WhatsApp-Image-2025-12-04-at-10.34.16-1-1024x768.jpeg\" \/>\n\t<a href=\"http:\/\/www.apucarana.pr.gov.br\/site\/wp-content\/uploads\/2025\/12\/WhatsApp-Image-2025-12-04-at-10.34.16-1-1024x768.jpeg\" target=\"_self\"    >WhatsApp Image 2025-12-04 at 10.34.16 (1)<\/a>\n\n\n\t<img decoding=\"async\" class=\"ms-thumb\" src=\"http:\/\/www.apucarana.pr.gov.br\/site\/wp-content\/uploads\/2025\/12\/WhatsApp-Image-2025-12-04-at-10.34.16-1-1024x768-140x80.jpeg\" alt=\"WhatsApp Image 2025-12-04 at 10.34.16 (1)\" \/>\n\t\t\t\t<\/div>\n\t\t\t<div  class=\"ms-slide\" data-delay=\"3\"    >\n\t\t\t\t\t<img decoding=\"async\" src=\"http:\/\/www.apucarana.pr.gov.br\/site\/wp-content\/plugins\/masterslider\/public\/assets\/css\/blank.gif\" alt=\"WhatsApp Image 2025-12-04 at 10.34.16 (2)\" title=\"WhatsApp Image 2025-12-04 at 10.34.16 (2)\" data-src=\"http:\/\/www.apucarana.pr.gov.br\/site\/wp-content\/uploads\/2025\/12\/WhatsApp-Image-2025-12-04-at-10.34.16-2-1024x768.jpeg\" \/>\n\t<a href=\"http:\/\/www.apucarana.pr.gov.br\/site\/wp-content\/uploads\/2025\/12\/WhatsApp-Image-2025-12-04-at-10.34.16-2-1024x768.jpeg\" target=\"_self\"    >WhatsApp Image 2025-12-04 at 10.34.16 (2)<\/a>\n\n\n\t<img decoding=\"async\" class=\"ms-thumb\" src=\"http:\/\/www.apucarana.pr.gov.br\/site\/wp-content\/uploads\/2025\/12\/WhatsApp-Image-2025-12-04-at-10.34.16-2-1024x768-140x80.jpeg\" alt=\"WhatsApp Image 2025-12-04 at 10.34.16 (2)\" \/>\n\t\t\t\t<\/div>\n\t\t\t<div  class=\"ms-slide\" data-delay=\"3\"    >\n\t\t\t\t\t<img decoding=\"async\" src=\"http:\/\/www.apucarana.pr.gov.br\/site\/wp-content\/plugins\/masterslider\/public\/assets\/css\/blank.gif\" alt=\"WhatsApp Image 2025-12-04 at 10.34.16\" title=\"WhatsApp Image 2025-12-04 at 10.34.16\" data-src=\"http:\/\/www.apucarana.pr.gov.br\/site\/wp-content\/uploads\/2025\/12\/WhatsApp-Image-2025-12-04-at-10.34.16.jpeg\" \/>\n\t<a href=\"http:\/\/www.apucarana.pr.gov.br\/site\/wp-content\/uploads\/2025\/12\/WhatsApp-Image-2025-12-04-at-10.34.16.jpeg\" target=\"_self\"    >WhatsApp Image 2025-12-04 at 10.34.16<\/a>\n\n\n\t<img decoding=\"async\" class=\"ms-thumb\" src=\"http:\/\/www.apucarana.pr.gov.br\/site\/wp-content\/uploads\/2025\/12\/WhatsApp-Image-2025-12-04-at-10.34.16-140x80.jpeg\" alt=\"WhatsApp Image 2025-12-04 at 10.34.16\" \/>\n\t\t\t\t<\/div>\n\n\t\t\t<\/div>\n\t\t\t<!-- END MasterSlider Main -->\n\n\t\t\t \n\t\t<\/div>\n\t\t<!-- END MasterSlider -->\n\n\t\t<script>\n\t\t( window.MSReady = window.MSReady || [] ).push( function( $ ) {\n\n\t\t\t\"use strict\";\n\t\t\tvar masterslider_acd0 = new MasterSlider();\n\n\t\t\t\/\/ slider controls\n\t\t\tmasterslider_acd0.control('arrows'     ,{ autohide:true, overVideo:true  });\n\t\t\tmasterslider_acd0.control('thumblist'  ,{ autohide:false, overVideo:true, dir:'h', speed:17, inset:false, arrows:false, hover:false, customClass:'', align:'bottom',type:'thumbs', margin:2, width:140, height:80, space:2, fillMode:'fill'  });\n\t\t\t\/\/ slider setup\n\t\t\tmasterslider_acd0.setup(\"MS69efaf320acd0\", {\n\t\t\t\twidth           : 960,\n\t\t\t\theight          : 540,\n\t\t\t\tminHeight       : 0,\n\t\t\t\tspace           : 0,\n\t\t\t\tstart           : 1,\n\t\t\t\tgrabCursor      : true,\n\t\t\t\tswipe           : true,\n\t\t\t\tmouse           : true,\n\t\t\t\tkeyboard        : false,\n\t\t\t\tlayout          : \"fillwidth\",\n\t\t\t\twheel           : false,\n\t\t\t\tautoplay        : true,\n                instantStartLayers:false,\n\t\t\t\tmobileBGVideo:false,\n\t\t\t\tloop            : true,\n\t\t\t\tshuffle         : false,\n\t\t\t\tpreload         : 3,\n\t\t\t\theightLimit     : false,\n\t\t\t\tautoHeight      : false,\n\t\t\t\tsmoothHeight    : true,\n\t\t\t\tendPause        : false,\n\t\t\t\toverPause       : false,\n\t\t\t\tfillMode        : \"fill\",\n\t\t\t\tcenterControls  : true,\n\t\t\t\tstartOnAppear   : false,\n\t\t\t\tlayersMode      : \"center\",\n\t\t\t\tautofillTarget  : \"\",\n\t\t\t\thideLayers      : false,\n\t\t\t\tfullscreenMargin: 0,\n\t\t\t\tspeed           : 17,\n\t\t\t\tdir             : \"h\",\n\t\t\t\tresponsive      : true,\n\t\t\t\ttabletWidth     : 768,\n\t\t\t\ttabletHeight    : null,\n\t\t\t\tphoneWidth      : 480,\n\t\t\t\tphoneHeight    : null,\n\t\t\t\tsizingReference : window,\n\t\t\t\tparallaxMode    : 'swipe',\n\t\t\t\tview            : \"basic\"\n\t\t\t});\n\n\t\t\t\n\t\t\twindow.masterslider_instances = window.masterslider_instances || [];\n\t\t\twindow.masterslider_instances.push( masterslider_acd0 );\n\t\t});\n\t\t<\/script>\n\n\n<p>&nbsp;<\/p>\n<p>A Prefeitura de Apucarana avan\u00e7a no apoio ao setor produtivo, com a realiza\u00e7\u00e3o de mais um curso gratuito de qualifica\u00e7\u00e3o profissional. O Centro de Qualifica\u00e7\u00e3o, por meio de uma parceria entre o Munic\u00edpio e o Senai, iniciou nesta semana o curso de Manuten\u00e7\u00e3o de M\u00e1quinas de Costura. A carga hor\u00e1ria \u00e9 de 120 horas, com aulas \u00e0s segundas, quartas e sextas-feiras.<\/p>\n<p>O prefeito Rodolfo Mota lembra que o Munic\u00edpio j\u00e1 investiu neste ano mais de R$ 1 milh\u00e3o em cursos gratuitos, por meio de parcerias com o Sistema S e o governo do Estado.\u00a0 \u201cAo todo, a Prefeitura adquiriu cerca de 30 cursos do Senai, Senac, Sesc e Sesi, viabilizando 900 capacita\u00e7\u00f5es e a meta \u00e9 at\u00e9 o final do ano chegar a mil capacita\u00e7\u00f5es, gerando renda e aumentando a empregabilidade\u201d, ressaltou.<\/p>\n<p>O secret\u00e1rio municipal de Ind\u00fastria, Com\u00e9rcio e Servi\u00e7os, Emerson Toledo, destaca que os cursos ofertados atendem as demandas do setor produtivo. \u201cO curso de Manuten\u00e7\u00e3o de M\u00e1quinas de Costura, por exemplo, \u00e9 essencial para preparar profissionais que atuam no polo de confec\u00e7\u00e3o, contribuindo diretamente para o preenchimento de vagas no mercado de trabalho e com o desenvolvimento econ\u00f4mico local\u201d, salientou.<\/p>\n<p>O Superintendente do Trabalho, Neno Leiroz, que tamb\u00e9m est\u00e1 \u00e0 frente da coordena\u00e7\u00e3o dos cursos, participou da abertura da capacita\u00e7\u00e3o ao lado da diretora do Senai Apucarana, Priscila Veronez. Ambos destacaram a relev\u00e2ncia da forma\u00e7\u00e3o t\u00e9cnica para atender a forte demanda da ind\u00fastria do vestu\u00e1rio.<\/p>\n<p><strong>Conte\u00fado program\u00e1tico do curso &#8211;<\/strong> Qualidade, seguran\u00e7a, meio ambiente e sa\u00fade; no\u00e7\u00f5es de Metrologia; mec\u00e2nico de m\u00e1quina de costura \u201cOverloque\u201d; mec\u00e2nico de m\u00e1quina de costura industrial \u201cPonta Corrente\u201d; mec\u00e2nico de m\u00e1quina de costura \u201cPonta Fixa\u201d.<\/p>\n","protected":false},"excerpt":{"rendered":"<p>&nbsp; A Prefeitura de Apucarana avan&ccedil;a no apoio ao setor produtivo, com a realiza&ccedil;&atilde;o de mais um curso gratuito de qualifica&ccedil;&atilde;o profissional. O Centro de Qualifica&ccedil;&atilde;o, por meio de uma parceria entre o Munic&iacute;pio e o Senai, iniciou nesta semana o curso de Manuten&ccedil;&atilde;o de M&aacute;quinas de Costura. A carga hor&aacute;ria &eacute; de 120 horas, [&hellip;]<\/p>\n","protected":false},"author":6,"featured_media":120969,"comment_status":"closed","ping_status":"closed","sticky":false,"template":"","format":"standard","meta":{"footnotes":""},"categories":[24],"tags":[],"class_list":["post-120968","post","type-post","status-publish","format-standard","has-post-thumbnail","hentry","category-noticias"],"acf":[],"_links":{"self":[{"href":"http:\/\/www.apucarana.pr.gov.br\/site\/wp-json\/wp\/v2\/posts\/120968","targetHints":{"allow":["GET"]}}],"collection":[{"href":"http:\/\/www.apucarana.pr.gov.br\/site\/wp-json\/wp\/v2\/posts"}],"about":[{"href":"http:\/\/www.apucarana.pr.gov.br\/site\/wp-json\/wp\/v2\/types\/post"}],"author":[{"embeddable":true,"href":"http:\/\/www.apucarana.pr.gov.br\/site\/wp-json\/wp\/v2\/users\/6"}],"replies":[{"embeddable":true,"href":"http:\/\/www.apucarana.pr.gov.br\/site\/wp-json\/wp\/v2\/comments?post=120968"}],"version-history":[{"count":1,"href":"http:\/\/www.apucarana.pr.gov.br\/site\/wp-json\/wp\/v2\/posts\/120968\/revisions"}],"predecessor-version":[{"id":120972,"href":"http:\/\/www.apucarana.pr.gov.br\/site\/wp-json\/wp\/v2\/posts\/120968\/revisions\/120972"}],"wp:featuredmedia":[{"embeddable":true,"href":"http:\/\/www.apucarana.pr.gov.br\/site\/wp-json\/wp\/v2\/media\/120969"}],"wp:attachment":[{"href":"http:\/\/www.apucarana.pr.gov.br\/site\/wp-json\/wp\/v2\/media?parent=120968"}],"wp:term":[{"taxonomy":"category","embeddable":true,"href":"http:\/\/www.apucarana.pr.gov.br\/site\/wp-json\/wp\/v2\/categories?post=120968"},{"taxonomy":"post_tag","embeddable":true,"href":"http:\/\/www.apucarana.pr.gov.br\/site\/wp-json\/wp\/v2\/tags?post=120968"}],"curies":[{"name":"wp","href":"https:\/\/api.w.org\/{rel}","templated":true}]}}