{"id":120957,"date":"2025-12-04T11:42:53","date_gmt":"2025-12-04T14:42:53","guid":{"rendered":"https:\/\/www.apucarana.pr.gov.br\/site\/?p=120957"},"modified":"2025-12-04T17:51:55","modified_gmt":"2025-12-04T20:51:55","slug":"prefeitura-inicia-montagem-de-novos-viveiros-no-bosque-municipal","status":"publish","type":"post","link":"http:\/\/www.apucarana.pr.gov.br\/site\/prefeitura-inicia-montagem-de-novos-viveiros-no-bosque-municipal\/","title":{"rendered":"Prefeitura inicia montagem de novos viveiros no Bosque Municipal"},"content":{"rendered":"\n\t\t<!-- MasterSlider -->\n\t\t<div id=\"P_MS69efaf69e8e1a\" class=\"master-slider-parent master-slider-gallery   ms-parent-id-0\" style=\"\" >\n\n\t\t\t\n\t\t\t<!-- MasterSlider Main -->\n\t\t\t<div id=\"MS69efaf69e8e1a\" class=\"master-slider ms-skin-default\" >\n\t\t\t\t \t\t\t\t \n\t\t\t<div  class=\"ms-slide\" data-delay=\"3\"    >\n\t\t\t\t\t<img decoding=\"async\" src=\"http:\/\/www.apucarana.pr.gov.br\/site\/wp-content\/plugins\/masterslider\/public\/assets\/css\/blank.gif\" alt=\"Viveiros Bosque\" title=\"Viveiros Bosque\" data-src=\"http:\/\/www.apucarana.pr.gov.br\/site\/wp-content\/uploads\/2025\/12\/Viveiros-Bosque-1024x768.jpg\" \/>\n\t<a href=\"http:\/\/www.apucarana.pr.gov.br\/site\/wp-content\/uploads\/2025\/12\/Viveiros-Bosque-1024x768.jpg\" target=\"_self\"    >Viveiros Bosque<\/a>\n\n\n\t<img decoding=\"async\" class=\"ms-thumb\" src=\"http:\/\/www.apucarana.pr.gov.br\/site\/wp-content\/uploads\/2025\/12\/Viveiros-Bosque-1024x768-140x80.jpg\" alt=\"Viveiros Bosque\" \/>\n\t\t\t\t<\/div>\n\t\t\t<div  class=\"ms-slide\" data-delay=\"3\"    >\n\t\t\t\t\t<img decoding=\"async\" src=\"http:\/\/www.apucarana.pr.gov.br\/site\/wp-content\/plugins\/masterslider\/public\/assets\/css\/blank.gif\" alt=\"Viveiros Bosque-2\" title=\"Viveiros Bosque-2\" data-src=\"http:\/\/www.apucarana.pr.gov.br\/site\/wp-content\/uploads\/2025\/12\/Viveiros-Bosque-2-1024x768.jpg\" \/>\n\t<a href=\"http:\/\/www.apucarana.pr.gov.br\/site\/wp-content\/uploads\/2025\/12\/Viveiros-Bosque-2-1024x768.jpg\" target=\"_self\"    >Viveiros Bosque-2<\/a>\n\n\n\t<img decoding=\"async\" class=\"ms-thumb\" src=\"http:\/\/www.apucarana.pr.gov.br\/site\/wp-content\/uploads\/2025\/12\/Viveiros-Bosque-2-1024x768-140x80.jpg\" alt=\"Viveiros Bosque-2\" \/>\n\t\t\t\t<\/div>\n\t\t\t<div  class=\"ms-slide\" data-delay=\"3\"    >\n\t\t\t\t\t<img decoding=\"async\" src=\"http:\/\/www.apucarana.pr.gov.br\/site\/wp-content\/plugins\/masterslider\/public\/assets\/css\/blank.gif\" alt=\"Viveiros Bosque-3\" title=\"Viveiros Bosque-3\" data-src=\"http:\/\/www.apucarana.pr.gov.br\/site\/wp-content\/uploads\/2025\/12\/Viveiros-Bosque-3-1024x768.jpg\" \/>\n\t<a href=\"http:\/\/www.apucarana.pr.gov.br\/site\/wp-content\/uploads\/2025\/12\/Viveiros-Bosque-3-1024x768.jpg\" target=\"_self\"    >Viveiros Bosque-3<\/a>\n\n\n\t<img decoding=\"async\" class=\"ms-thumb\" src=\"http:\/\/www.apucarana.pr.gov.br\/site\/wp-content\/uploads\/2025\/12\/Viveiros-Bosque-3-1024x768-140x80.jpg\" alt=\"Viveiros Bosque-3\" \/>\n\t\t\t\t<\/div>\n\t\t\t<div  class=\"ms-slide\" data-delay=\"3\"    >\n\t\t\t\t\t<img decoding=\"async\" src=\"http:\/\/www.apucarana.pr.gov.br\/site\/wp-content\/plugins\/masterslider\/public\/assets\/css\/blank.gif\" alt=\"Viveiros Bosque-4\" title=\"Viveiros Bosque-4\" data-src=\"http:\/\/www.apucarana.pr.gov.br\/site\/wp-content\/uploads\/2025\/12\/Viveiros-Bosque-4-1024x768.jpg\" \/>\n\t<a href=\"http:\/\/www.apucarana.pr.gov.br\/site\/wp-content\/uploads\/2025\/12\/Viveiros-Bosque-4-1024x768.jpg\" target=\"_self\"    >Viveiros Bosque-4<\/a>\n\n\n\t<img decoding=\"async\" class=\"ms-thumb\" src=\"http:\/\/www.apucarana.pr.gov.br\/site\/wp-content\/uploads\/2025\/12\/Viveiros-Bosque-4-1024x768-140x80.jpg\" alt=\"Viveiros Bosque-4\" \/>\n\t\t\t\t<\/div>\n\t\t\t<div  class=\"ms-slide\" data-delay=\"3\"    >\n\t\t\t\t\t<img decoding=\"async\" src=\"http:\/\/www.apucarana.pr.gov.br\/site\/wp-content\/plugins\/masterslider\/public\/assets\/css\/blank.gif\" alt=\"Viveiros Bosque-6\" title=\"Viveiros Bosque-6\" data-src=\"http:\/\/www.apucarana.pr.gov.br\/site\/wp-content\/uploads\/2025\/12\/Viveiros-Bosque-6-1024x726.jpg\" \/>\n\t<a href=\"http:\/\/www.apucarana.pr.gov.br\/site\/wp-content\/uploads\/2025\/12\/Viveiros-Bosque-6-1024x726.jpg\" target=\"_self\"    >Viveiros Bosque-6<\/a>\n\n\n\t<img decoding=\"async\" class=\"ms-thumb\" src=\"http:\/\/www.apucarana.pr.gov.br\/site\/wp-content\/uploads\/2025\/12\/Viveiros-Bosque-6-1024x726-140x80.jpg\" alt=\"Viveiros Bosque-6\" \/>\n\t\t\t\t<\/div>\n\t\t\t<div  class=\"ms-slide\" data-delay=\"3\"    >\n\t\t\t\t\t<img decoding=\"async\" src=\"http:\/\/www.apucarana.pr.gov.br\/site\/wp-content\/plugins\/masterslider\/public\/assets\/css\/blank.gif\" alt=\"Viveiros Bosque-7\" title=\"Viveiros Bosque-7\" data-src=\"http:\/\/www.apucarana.pr.gov.br\/site\/wp-content\/uploads\/2025\/12\/Viveiros-Bosque-7-1024x773.jpg\" \/>\n\t<a href=\"http:\/\/www.apucarana.pr.gov.br\/site\/wp-content\/uploads\/2025\/12\/Viveiros-Bosque-7-1024x773.jpg\" target=\"_self\"    >Viveiros Bosque-7<\/a>\n\n\n\t<img decoding=\"async\" class=\"ms-thumb\" src=\"http:\/\/www.apucarana.pr.gov.br\/site\/wp-content\/uploads\/2025\/12\/Viveiros-Bosque-7-1024x773-140x80.jpg\" alt=\"Viveiros Bosque-7\" \/>\n\t\t\t\t<\/div>\n\t\t\t<div  class=\"ms-slide\" data-delay=\"3\"    >\n\t\t\t\t\t<img decoding=\"async\" src=\"http:\/\/www.apucarana.pr.gov.br\/site\/wp-content\/plugins\/masterslider\/public\/assets\/css\/blank.gif\" alt=\"Viveiros Bosque-8\" title=\"Viveiros Bosque-8\" data-src=\"http:\/\/www.apucarana.pr.gov.br\/site\/wp-content\/uploads\/2025\/12\/Viveiros-Bosque-8-1024x773.jpg\" \/>\n\t<a href=\"http:\/\/www.apucarana.pr.gov.br\/site\/wp-content\/uploads\/2025\/12\/Viveiros-Bosque-8-1024x773.jpg\" target=\"_self\"    >Viveiros Bosque-8<\/a>\n\n\n\t<img decoding=\"async\" class=\"ms-thumb\" src=\"http:\/\/www.apucarana.pr.gov.br\/site\/wp-content\/uploads\/2025\/12\/Viveiros-Bosque-8-1024x773-140x80.jpg\" alt=\"Viveiros Bosque-8\" \/>\n\t\t\t\t<\/div>\n\t\t\t<div  class=\"ms-slide\" data-delay=\"3\"    >\n\t\t\t\t\t<img decoding=\"async\" src=\"http:\/\/www.apucarana.pr.gov.br\/site\/wp-content\/plugins\/masterslider\/public\/assets\/css\/blank.gif\" alt=\"Viveiros Bosque-10\" title=\"Viveiros Bosque-10\" data-src=\"http:\/\/www.apucarana.pr.gov.br\/site\/wp-content\/uploads\/2025\/12\/Viveiros-Bosque-10-1024x773.jpg\" \/>\n\t<a href=\"http:\/\/www.apucarana.pr.gov.br\/site\/wp-content\/uploads\/2025\/12\/Viveiros-Bosque-10-1024x773.jpg\" target=\"_self\"    >Viveiros Bosque-10<\/a>\n\n\n\t<img decoding=\"async\" class=\"ms-thumb\" src=\"http:\/\/www.apucarana.pr.gov.br\/site\/wp-content\/uploads\/2025\/12\/Viveiros-Bosque-10-1024x773-140x80.jpg\" alt=\"Viveiros Bosque-10\" \/>\n\t\t\t\t<\/div>\n\t\t\t<div  class=\"ms-slide\" data-delay=\"3\"    >\n\t\t\t\t\t<img decoding=\"async\" src=\"http:\/\/www.apucarana.pr.gov.br\/site\/wp-content\/plugins\/masterslider\/public\/assets\/css\/blank.gif\" alt=\"WhatsApp Image 2025-12-04 at 08.03.22\" title=\"WhatsApp Image 2025-12-04 at 08.03.22\" data-src=\"http:\/\/www.apucarana.pr.gov.br\/site\/wp-content\/uploads\/2025\/12\/WhatsApp-Image-2025-12-04-at-08.03.22-1024x576.jpeg\" \/>\n\t<a href=\"http:\/\/www.apucarana.pr.gov.br\/site\/wp-content\/uploads\/2025\/12\/WhatsApp-Image-2025-12-04-at-08.03.22-1024x576.jpeg\" target=\"_self\"    >WhatsApp Image 2025-12-04 at 08.03.22<\/a>\n\n\n\t<img decoding=\"async\" class=\"ms-thumb\" src=\"http:\/\/www.apucarana.pr.gov.br\/site\/wp-content\/uploads\/2025\/12\/WhatsApp-Image-2025-12-04-at-08.03.22-1024x576-140x80.jpeg\" alt=\"WhatsApp Image 2025-12-04 at 08.03.22\" \/>\n\t\t\t\t<\/div>\n\n\t\t\t<\/div>\n\t\t\t<!-- END MasterSlider Main -->\n\n\t\t\t \n\t\t<\/div>\n\t\t<!-- END MasterSlider -->\n\n\t\t<script>\n\t\t( window.MSReady = window.MSReady || [] ).push( function( $ ) {\n\n\t\t\t\"use strict\";\n\t\t\tvar masterslider_8e1a = new MasterSlider();\n\n\t\t\t\/\/ slider controls\n\t\t\tmasterslider_8e1a.control('arrows'     ,{ autohide:true, overVideo:true  });\n\t\t\tmasterslider_8e1a.control('thumblist'  ,{ autohide:false, overVideo:true, dir:'h', speed:17, inset:false, arrows:false, hover:false, customClass:'', align:'bottom',type:'thumbs', margin:2, width:140, height:80, space:2, fillMode:'fill'  });\n\t\t\t\/\/ slider setup\n\t\t\tmasterslider_8e1a.setup(\"MS69efaf69e8e1a\", {\n\t\t\t\twidth           : 960,\n\t\t\t\theight          : 540,\n\t\t\t\tminHeight       : 0,\n\t\t\t\tspace           : 0,\n\t\t\t\tstart           : 1,\n\t\t\t\tgrabCursor      : true,\n\t\t\t\tswipe           : true,\n\t\t\t\tmouse           : true,\n\t\t\t\tkeyboard        : false,\n\t\t\t\tlayout          : \"fillwidth\",\n\t\t\t\twheel           : false,\n\t\t\t\tautoplay        : true,\n                instantStartLayers:false,\n\t\t\t\tmobileBGVideo:false,\n\t\t\t\tloop            : true,\n\t\t\t\tshuffle         : false,\n\t\t\t\tpreload         : 3,\n\t\t\t\theightLimit     : false,\n\t\t\t\tautoHeight      : false,\n\t\t\t\tsmoothHeight    : true,\n\t\t\t\tendPause        : false,\n\t\t\t\toverPause       : false,\n\t\t\t\tfillMode        : \"fill\",\n\t\t\t\tcenterControls  : true,\n\t\t\t\tstartOnAppear   : false,\n\t\t\t\tlayersMode      : \"center\",\n\t\t\t\tautofillTarget  : \"\",\n\t\t\t\thideLayers      : false,\n\t\t\t\tfullscreenMargin: 0,\n\t\t\t\tspeed           : 17,\n\t\t\t\tdir             : \"h\",\n\t\t\t\tresponsive      : true,\n\t\t\t\ttabletWidth     : 768,\n\t\t\t\ttabletHeight    : null,\n\t\t\t\tphoneWidth      : 480,\n\t\t\t\tphoneHeight    : null,\n\t\t\t\tsizingReference : window,\n\t\t\t\tparallaxMode    : 'swipe',\n\t\t\t\tview            : \"basic\"\n\t\t\t});\n\n\t\t\t\n\t\t\twindow.masterslider_instances = window.masterslider_instances || [];\n\t\t\twindow.masterslider_instances.push( masterslider_8e1a );\n\t\t});\n\t\t<\/script>\n\n\n<p>A Prefeitura de Apucarana deu in\u00edcio na quarta-feira (03\/12) \u00e0 montagem dos novos viveiros no Bosque Municipal, integrando as a\u00e7\u00f5es de moderniza\u00e7\u00e3o do espa\u00e7o. Com investimento de aproximadamente R$ 350 mil em recursos pr\u00f3prios, a revitaliza\u00e7\u00e3o inclui rota com acessibilidade, alargamento de cal\u00e7adas, novo parque tem\u00e1tico e adequa\u00e7\u00e3o \u00e0s normas ambientais.<\/p>\n<p>O prefeito Rodolfo Mota destaca que a moderniza\u00e7\u00e3o visa n\u00e3o apenas a reestrutura\u00e7\u00e3o f\u00edsica do local, mas tamb\u00e9m a recupera\u00e7\u00e3o da licen\u00e7a ambiental para o retorno dos animais silvestres. \u201cO investimento vai tornar o bosque mais atrativo, seguro e acess\u00edvel para pessoas com mobilidade reduzida\u201d, ressaltou.<\/p>\n<p>O prefeito refor\u00e7a que as melhorias atendem tamb\u00e9m \u00e0s exig\u00eancias t\u00e9cnicas do Instituto Brasileiro do Meio Ambiente e dos Recursos Naturais Renov\u00e1veis (Ibama). \u201cA amplia\u00e7\u00e3o dos viveiros e a adequa\u00e7\u00e3o das cal\u00e7adas s\u00e3o etapas fundamentais para atender as normas, garantindo o bem-estar dos animais e a seguran\u00e7a dos visitantes\u201d, completou.<\/p>\n<p>Diego Silva, secret\u00e1rio municipal de Meio Ambiente, explicou que a montagem do primeiro \u2014 dos 11 viveiros previstos \u2014 j\u00e1 come\u00e7ou. \u201cO processo exige cuidado porque os viveiros n\u00e3o podem ser constru\u00eddos simultaneamente. \u00c9 preciso montar um, transferir os animais e ent\u00e3o iniciar o seguinte\u201d, afirmou, acrescentando que as estruturas receber\u00e3o barras de seguran\u00e7a.<\/p>\n<p>MODERNIZA\u00c7\u00c3O \u2014 Al\u00e9m dos viveiros, a moderniza\u00e7\u00e3o prev\u00ea diversos outros servi\u00e7os. \u201cA pista de acessibilidade, permitindo que pessoas com mobilidade reduzida percorram todo o bosque, j\u00e1 foi conclu\u00edda\u201d, exemplificou Diego Silva, observando que nessa rota tamb\u00e9m ser\u00e3o instaladas barras de prote\u00e7\u00e3o.<\/p>\n<p>Todo o cal\u00e7amento do bosque ser\u00e1 readequado, com alargamento das \u00e1reas de circula\u00e7\u00e3o e outras melhorias estruturais. \u201cUma das novidades ser\u00e1 a instala\u00e7\u00e3o de um novo parque tem\u00e1tico dentro do bosque\u201d, completou o secret\u00e1rio.<\/p>\n<p>O espa\u00e7o segue fechado desde 17 de outubro, e a reabertura est\u00e1 prevista para o primeiro trimestre do pr\u00f3ximo ano. \u201cO fechamento para visita\u00e7\u00e3o foi necess\u00e1rio para garantir seguran\u00e7a e agilidade \u00e0 execu\u00e7\u00e3o das obras, pois o trabalho envolve a movimenta\u00e7\u00e3o de maquin\u00e1rios e o uso constante de ferramentas. Pedimos a compreens\u00e3o da popula\u00e7\u00e3o, que em breve poder\u00e1 conhecer as novidades preparadas para a reinaugura\u00e7\u00e3o\u201d, concluiu.<\/p>\n","protected":false},"excerpt":{"rendered":"<p>A Prefeitura de Apucarana deu in&iacute;cio na quarta-feira (03\/12) &agrave; montagem dos novos viveiros no Bosque Municipal, integrando as a&ccedil;&otilde;es de moderniza&ccedil;&atilde;o do espa&ccedil;o. Com investimento de aproximadamente R$ 350 mil em recursos pr&oacute;prios, a revitaliza&ccedil;&atilde;o inclui rota com acessibilidade, alargamento de cal&ccedil;adas, novo parque tem&aacute;tico e adequa&ccedil;&atilde;o &agrave;s normas ambientais. O prefeito Rodolfo Mota [&hellip;]<\/p>\n","protected":false},"author":6,"featured_media":120966,"comment_status":"closed","ping_status":"closed","sticky":false,"template":"","format":"standard","meta":{"footnotes":""},"categories":[24],"tags":[],"class_list":["post-120957","post","type-post","status-publish","format-standard","has-post-thumbnail","hentry","category-noticias"],"acf":[],"_links":{"self":[{"href":"http:\/\/www.apucarana.pr.gov.br\/site\/wp-json\/wp\/v2\/posts\/120957","targetHints":{"allow":["GET"]}}],"collection":[{"href":"http:\/\/www.apucarana.pr.gov.br\/site\/wp-json\/wp\/v2\/posts"}],"about":[{"href":"http:\/\/www.apucarana.pr.gov.br\/site\/wp-json\/wp\/v2\/types\/post"}],"author":[{"embeddable":true,"href":"http:\/\/www.apucarana.pr.gov.br\/site\/wp-json\/wp\/v2\/users\/6"}],"replies":[{"embeddable":true,"href":"http:\/\/www.apucarana.pr.gov.br\/site\/wp-json\/wp\/v2\/comments?post=120957"}],"version-history":[{"count":1,"href":"http:\/\/www.apucarana.pr.gov.br\/site\/wp-json\/wp\/v2\/posts\/120957\/revisions"}],"predecessor-version":[{"id":120967,"href":"http:\/\/www.apucarana.pr.gov.br\/site\/wp-json\/wp\/v2\/posts\/120957\/revisions\/120967"}],"wp:featuredmedia":[{"embeddable":true,"href":"http:\/\/www.apucarana.pr.gov.br\/site\/wp-json\/wp\/v2\/media\/120966"}],"wp:attachment":[{"href":"http:\/\/www.apucarana.pr.gov.br\/site\/wp-json\/wp\/v2\/media?parent=120957"}],"wp:term":[{"taxonomy":"category","embeddable":true,"href":"http:\/\/www.apucarana.pr.gov.br\/site\/wp-json\/wp\/v2\/categories?post=120957"},{"taxonomy":"post_tag","embeddable":true,"href":"http:\/\/www.apucarana.pr.gov.br\/site\/wp-json\/wp\/v2\/tags?post=120957"}],"curies":[{"name":"wp","href":"https:\/\/api.w.org\/{rel}","templated":true}]}}