{"id":120927,"date":"2025-12-03T20:04:16","date_gmt":"2025-12-03T23:04:16","guid":{"rendered":"https:\/\/www.apucarana.pr.gov.br\/site\/?p=120927"},"modified":"2025-12-04T11:43:28","modified_gmt":"2025-12-04T14:43:28","slug":"prefeitura-de-apucarana-injeta-mais-de-r-35-milhoes-na-economia-com-a-antecipacao-dos-salarios-de-dezembro-do-13o-e-do-abono","status":"publish","type":"post","link":"http:\/\/www.apucarana.pr.gov.br\/site\/prefeitura-de-apucarana-injeta-mais-de-r-35-milhoes-na-economia-com-a-antecipacao-dos-salarios-de-dezembro-do-13o-e-do-abono\/","title":{"rendered":"Prefeitura de Apucarana injeta mais de R$ 35 milh\u00f5es na economia com a antecipa\u00e7\u00e3o dos sal\u00e1rios de dezembro, do 13\u00ba e do abono"},"content":{"rendered":"<blockquote><p>&nbsp;<\/p>\n<p>O prefeito de Apucarana, Rodolfo Mota, anunciou nesta quarta-feira que a prefeitura vai pagar, no pr\u00f3ximo dia 15 de dezembro, a segunda metade do d\u00e9cimo terceiro sal\u00e1rio dos 3.675 servidores municipais. Mota tamb\u00e9m confirmou a antecipa\u00e7\u00e3o da folha de dezembro, que ser\u00e1 depositada no dia 23, juntamente com o abono de R$ 250 aos servidores. Somados, os tr\u00eas pagamentos totalizam R$ 35.583.594,74 em valores brutos, que ser\u00e3o injetados diretamente na economia do munic\u00edpio.<\/p>\n<p>O prefeito destacou que a medida \u00e9 resultado direto do esfor\u00e7o conjunto entre gest\u00e3o e funcionalismo. \u201cMesmo com grandes desafios financeiros, honramos a primeira metade do d\u00e9cimo terceiro em julho. E agora, gra\u00e7as \u00e0 continuidade das a\u00e7\u00f5es administrativas e da colabora\u00e7\u00e3o dos servidores, que atuaram conosco em uma pol\u00edtica de economia e efici\u00eancia, estamos pagando a segunda metade. Reconhe\u00e7o o trabalho de cada servidor ao longo deste ano. A antecipa\u00e7\u00e3o \u00e9 um gesto de respeito e reafirma nossa gest\u00e3o s\u00f3lida, que honra quem trabalha e mant\u00e9m o foco no que realmente importa: servir bem a popula\u00e7\u00e3o\u201d, afirmou Rodolfo Mota.<\/p>\n<p>O secret\u00e1rio municipal de Fazenda, professor Rog\u00e9rio Ribeiro, detalhou os valores envolvidos na opera\u00e7\u00e3o financeira. A folha antecipada de dezembro soma R$ 23.481.130,84, enquanto a segunda parcela do d\u00e9cimo terceiro representa R$ 11.183.713,90. O abono de R$ 250 destinado aos 3.675 servidores adiciona mais R$ 918.750,00 ao montante final. \u201cEsse movimento planejado e sustentado por responsabilidade fiscal injeta mais de R$ 35 milh\u00f5es na economia de Apucarana. Mantivemos rigor absoluto no controle das despesas e garantimos previsibilidade ao servidor, fechando 2025 com equil\u00edbrio, transpar\u00eancia e entregando resultados concretos na ponta\u201d, ressaltou.<\/p>\n<p>O secret\u00e1rio de Gest\u00e3o P\u00fablica, Robson de Souza Cruz, destacou o trabalho integrado das equipes t\u00e9cnicas. \u201cAs antecipa\u00e7\u00f5es da segunda parcela do 13\u00ba para o dia 15 e do sal\u00e1rio de dezembro para o dia 23 \u2014 que incluir\u00e1 tamb\u00e9m o abono de R$ 250, o maior j\u00e1 pago \u2014 garantem que o servidor possa planejar melhor suas compras de fim de ano. O Departamento de Recursos Humanos atuou intensamente para deixar toda a documenta\u00e7\u00e3o em ordem, enquanto a Secretaria da Fazenda realizou um esfor\u00e7o robusto para viabilizar recursos suficientes, equivalentes a praticamente uma folha e meia. \u00c9 gest\u00e3o integrada, cada \u00e1rea cumprindo seu papel, garantindo compromissos honrados e total organiza\u00e7\u00e3o\u201d, afirmou.<\/p>\n<p>Com a antecipa\u00e7\u00e3o dos pagamentos e a circula\u00e7\u00e3o de mais de R$ 35 milh\u00f5es no munic\u00edpio, a administra\u00e7\u00e3o municipal refor\u00e7a o compromisso com responsabilidade fiscal, valoriza\u00e7\u00e3o do servidor e estabilidade financeira. O volume adicional de recursos deve impulsionar ainda mais o com\u00e9rcio de Apucarana, especialmente neste per\u00edodo em que as lojas passam a atender \u00e0 noite a partir de 8 de dezembro, fortalecendo as vendas e movimentando ainda mais a economia no fim do ano.<\/p><\/blockquote>\n","protected":false},"excerpt":{"rendered":"<p>&nbsp; O prefeito de Apucarana, Rodolfo Mota, anunciou nesta quarta-feira que a prefeitura vai pagar, no pr&oacute;ximo dia 15 de dezembro, a segunda metade do d&eacute;cimo terceiro sal&aacute;rio dos 3.675 servidores municipais. Mota tamb&eacute;m confirmou a antecipa&ccedil;&atilde;o da folha de dezembro, que ser&aacute; depositada no dia 23, juntamente com o abono de R$ 250 aos [&hellip;]<\/p>\n","protected":false},"author":18,"featured_media":120930,"comment_status":"closed","ping_status":"closed","sticky":false,"template":"","format":"standard","meta":{"footnotes":""},"categories":[24],"tags":[],"class_list":["post-120927","post","type-post","status-publish","format-standard","has-post-thumbnail","hentry","category-noticias"],"acf":[],"_links":{"self":[{"href":"http:\/\/www.apucarana.pr.gov.br\/site\/wp-json\/wp\/v2\/posts\/120927","targetHints":{"allow":["GET"]}}],"collection":[{"href":"http:\/\/www.apucarana.pr.gov.br\/site\/wp-json\/wp\/v2\/posts"}],"about":[{"href":"http:\/\/www.apucarana.pr.gov.br\/site\/wp-json\/wp\/v2\/types\/post"}],"author":[{"embeddable":true,"href":"http:\/\/www.apucarana.pr.gov.br\/site\/wp-json\/wp\/v2\/users\/18"}],"replies":[{"embeddable":true,"href":"http:\/\/www.apucarana.pr.gov.br\/site\/wp-json\/wp\/v2\/comments?post=120927"}],"version-history":[{"count":4,"href":"http:\/\/www.apucarana.pr.gov.br\/site\/wp-json\/wp\/v2\/posts\/120927\/revisions"}],"predecessor-version":[{"id":120935,"href":"http:\/\/www.apucarana.pr.gov.br\/site\/wp-json\/wp\/v2\/posts\/120927\/revisions\/120935"}],"wp:featuredmedia":[{"embeddable":true,"href":"http:\/\/www.apucarana.pr.gov.br\/site\/wp-json\/wp\/v2\/media\/120930"}],"wp:attachment":[{"href":"http:\/\/www.apucarana.pr.gov.br\/site\/wp-json\/wp\/v2\/media?parent=120927"}],"wp:term":[{"taxonomy":"category","embeddable":true,"href":"http:\/\/www.apucarana.pr.gov.br\/site\/wp-json\/wp\/v2\/categories?post=120927"},{"taxonomy":"post_tag","embeddable":true,"href":"http:\/\/www.apucarana.pr.gov.br\/site\/wp-json\/wp\/v2\/tags?post=120927"}],"curies":[{"name":"wp","href":"https:\/\/api.w.org\/{rel}","templated":true}]}}