{"id":120915,"date":"2025-12-03T16:21:14","date_gmt":"2025-12-03T19:21:14","guid":{"rendered":"https:\/\/www.apucarana.pr.gov.br\/site\/?p=120915"},"modified":"2025-12-03T16:24:47","modified_gmt":"2025-12-03T19:24:47","slug":"estadio-olimpio-barreto-recebe-neste-domingo-a-grande-final-do-supercampeonato-amador-de-apucarana","status":"publish","type":"post","link":"http:\/\/www.apucarana.pr.gov.br\/site\/estadio-olimpio-barreto-recebe-neste-domingo-a-grande-final-do-supercampeonato-amador-de-apucarana\/","title":{"rendered":"Est\u00e1dio Ol\u00edmpio Barreto recebe neste domingo a grande final do Supercampeonato Amador de Apucarana"},"content":{"rendered":"\n\t\t<!-- MasterSlider -->\n\t\t<div id=\"P_MS69efaf69055ad\" class=\"master-slider-parent master-slider-gallery   ms-parent-id-0\" style=\"\" >\n\n\t\t\t\n\t\t\t<!-- MasterSlider Main -->\n\t\t\t<div id=\"MS69efaf69055ad\" class=\"master-slider ms-skin-default\" >\n\t\t\t\t \t\t\t\t \n\t\t\t<div  class=\"ms-slide\" data-delay=\"3\"    >\n\t\t\t\t\t<img decoding=\"async\" src=\"http:\/\/www.apucarana.pr.gov.br\/site\/wp-content\/plugins\/masterslider\/public\/assets\/css\/blank.gif\" alt=\"WhatsApp Image 2025-12-03 at 14.26.12\" title=\"WhatsApp Image 2025-12-03 at 14.26.12\" data-src=\"http:\/\/www.apucarana.pr.gov.br\/site\/wp-content\/uploads\/2025\/12\/WhatsApp-Image-2025-12-03-at-14.26.12-819x1024.jpeg\" \/>\n\t<a href=\"http:\/\/www.apucarana.pr.gov.br\/site\/wp-content\/uploads\/2025\/12\/WhatsApp-Image-2025-12-03-at-14.26.12-819x1024.jpeg\" target=\"_self\"    >WhatsApp Image 2025-12-03 at 14.26.12<\/a>\n\n\n\t<img decoding=\"async\" class=\"ms-thumb\" src=\"http:\/\/www.apucarana.pr.gov.br\/site\/wp-content\/uploads\/2025\/12\/WhatsApp-Image-2025-12-03-at-14.26.12-819x1024-140x80.jpeg\" alt=\"WhatsApp Image 2025-12-03 at 14.26.12\" \/>\n\t\t\t\t<\/div>\n\t\t\t<div  class=\"ms-slide\" data-delay=\"3\"    >\n\t\t\t\t\t<img decoding=\"async\" src=\"http:\/\/www.apucarana.pr.gov.br\/site\/wp-content\/plugins\/masterslider\/public\/assets\/css\/blank.gif\" alt=\"WhatsApp Image 2025-11-12 at 08.54.10 (1)\" title=\"WhatsApp Image 2025-11-12 at 08.54.10 (1)\" data-src=\"http:\/\/www.apucarana.pr.gov.br\/site\/wp-content\/uploads\/2025\/12\/WhatsApp-Image-2025-11-12-at-08.54.10-1-1024x683.jpeg\" \/>\n\t<a href=\"http:\/\/www.apucarana.pr.gov.br\/site\/wp-content\/uploads\/2025\/12\/WhatsApp-Image-2025-11-12-at-08.54.10-1-1024x683.jpeg\" target=\"_self\"    >WhatsApp Image 2025-11-12 at 08.54.10 (1)<\/a>\n\n\n\t<img decoding=\"async\" class=\"ms-thumb\" src=\"http:\/\/www.apucarana.pr.gov.br\/site\/wp-content\/uploads\/2025\/12\/WhatsApp-Image-2025-11-12-at-08.54.10-1-1024x683-140x80.jpeg\" alt=\"WhatsApp Image 2025-11-12 at 08.54.10 (1)\" \/>\n\t\t\t\t<\/div>\n\t\t\t<div  class=\"ms-slide\" data-delay=\"3\"    >\n\t\t\t\t\t<img decoding=\"async\" src=\"http:\/\/www.apucarana.pr.gov.br\/site\/wp-content\/plugins\/masterslider\/public\/assets\/css\/blank.gif\" alt=\"WhatsApp Image 2025-11-12 at 08.54.11 (1)\" title=\"WhatsApp Image 2025-11-12 at 08.54.11 (1)\" data-src=\"http:\/\/www.apucarana.pr.gov.br\/site\/wp-content\/uploads\/2025\/12\/WhatsApp-Image-2025-11-12-at-08.54.11-1-1024x683.jpeg\" \/>\n\t<a href=\"http:\/\/www.apucarana.pr.gov.br\/site\/wp-content\/uploads\/2025\/12\/WhatsApp-Image-2025-11-12-at-08.54.11-1-1024x683.jpeg\" target=\"_self\"    >WhatsApp Image 2025-11-12 at 08.54.11 (1)<\/a>\n\n\n\t<img decoding=\"async\" class=\"ms-thumb\" src=\"http:\/\/www.apucarana.pr.gov.br\/site\/wp-content\/uploads\/2025\/12\/WhatsApp-Image-2025-11-12-at-08.54.11-1-1024x683-140x80.jpeg\" alt=\"WhatsApp Image 2025-11-12 at 08.54.11 (1)\" \/>\n\t\t\t\t<\/div>\n\t\t\t<div  class=\"ms-slide\" data-delay=\"3\"    >\n\t\t\t\t\t<img decoding=\"async\" src=\"http:\/\/www.apucarana.pr.gov.br\/site\/wp-content\/plugins\/masterslider\/public\/assets\/css\/blank.gif\" alt=\"WhatsApp Image 2025-11-12 at 08.54.11\" title=\"WhatsApp Image 2025-11-12 at 08.54.11\" data-src=\"http:\/\/www.apucarana.pr.gov.br\/site\/wp-content\/uploads\/2025\/12\/WhatsApp-Image-2025-11-12-at-08.54.11-1024x683.jpeg\" \/>\n\t<a href=\"http:\/\/www.apucarana.pr.gov.br\/site\/wp-content\/uploads\/2025\/12\/WhatsApp-Image-2025-11-12-at-08.54.11-1024x683.jpeg\" target=\"_self\"    >WhatsApp Image 2025-11-12 at 08.54.11<\/a>\n\n\n\t<img decoding=\"async\" class=\"ms-thumb\" src=\"http:\/\/www.apucarana.pr.gov.br\/site\/wp-content\/uploads\/2025\/12\/WhatsApp-Image-2025-11-12-at-08.54.11-1024x683-140x80.jpeg\" alt=\"WhatsApp Image 2025-11-12 at 08.54.11\" \/>\n\t\t\t\t<\/div>\n\t\t\t<div  class=\"ms-slide\" data-delay=\"3\"    >\n\t\t\t\t\t<img decoding=\"async\" src=\"http:\/\/www.apucarana.pr.gov.br\/site\/wp-content\/plugins\/masterslider\/public\/assets\/css\/blank.gif\" alt=\"WhatsApp Image 2025-11-12 at 08.54.13 (2)\" title=\"WhatsApp Image 2025-11-12 at 08.54.13 (2)\" data-src=\"http:\/\/www.apucarana.pr.gov.br\/site\/wp-content\/uploads\/2025\/12\/WhatsApp-Image-2025-11-12-at-08.54.13-2-1024x683.jpeg\" \/>\n\t<a href=\"http:\/\/www.apucarana.pr.gov.br\/site\/wp-content\/uploads\/2025\/12\/WhatsApp-Image-2025-11-12-at-08.54.13-2-1024x683.jpeg\" target=\"_self\"    >WhatsApp Image 2025-11-12 at 08.54.13 (2)<\/a>\n\n\n\t<img decoding=\"async\" class=\"ms-thumb\" src=\"http:\/\/www.apucarana.pr.gov.br\/site\/wp-content\/uploads\/2025\/12\/WhatsApp-Image-2025-11-12-at-08.54.13-2-1024x683-140x80.jpeg\" alt=\"WhatsApp Image 2025-11-12 at 08.54.13 (2)\" \/>\n\t\t\t\t<\/div>\n\t\t\t<div  class=\"ms-slide\" data-delay=\"3\"    >\n\t\t\t\t\t<img decoding=\"async\" src=\"http:\/\/www.apucarana.pr.gov.br\/site\/wp-content\/plugins\/masterslider\/public\/assets\/css\/blank.gif\" alt=\"WhatsApp Image 2025-11-12 at 08.54.13\" title=\"WhatsApp Image 2025-11-12 at 08.54.13\" data-src=\"http:\/\/www.apucarana.pr.gov.br\/site\/wp-content\/uploads\/2025\/12\/WhatsApp-Image-2025-11-12-at-08.54.13-1024x683.jpeg\" \/>\n\t<a href=\"http:\/\/www.apucarana.pr.gov.br\/site\/wp-content\/uploads\/2025\/12\/WhatsApp-Image-2025-11-12-at-08.54.13-1024x683.jpeg\" target=\"_self\"    >WhatsApp Image 2025-11-12 at 08.54.13<\/a>\n\n\n\t<img decoding=\"async\" class=\"ms-thumb\" src=\"http:\/\/www.apucarana.pr.gov.br\/site\/wp-content\/uploads\/2025\/12\/WhatsApp-Image-2025-11-12-at-08.54.13-1024x683-140x80.jpeg\" alt=\"WhatsApp Image 2025-11-12 at 08.54.13\" \/>\n\t\t\t\t<\/div>\n\t\t\t<div  class=\"ms-slide\" data-delay=\"3\"    >\n\t\t\t\t\t<img decoding=\"async\" src=\"http:\/\/www.apucarana.pr.gov.br\/site\/wp-content\/plugins\/masterslider\/public\/assets\/css\/blank.gif\" alt=\"WhatsApp Image 2025-11-12 at 08.54.14 (1)\" title=\"WhatsApp Image 2025-11-12 at 08.54.14 (1)\" data-src=\"http:\/\/www.apucarana.pr.gov.br\/site\/wp-content\/uploads\/2025\/12\/WhatsApp-Image-2025-11-12-at-08.54.14-1-1024x683.jpeg\" \/>\n\t<a href=\"http:\/\/www.apucarana.pr.gov.br\/site\/wp-content\/uploads\/2025\/12\/WhatsApp-Image-2025-11-12-at-08.54.14-1-1024x683.jpeg\" target=\"_self\"    >WhatsApp Image 2025-11-12 at 08.54.14 (1)<\/a>\n\n\n\t<img decoding=\"async\" class=\"ms-thumb\" src=\"http:\/\/www.apucarana.pr.gov.br\/site\/wp-content\/uploads\/2025\/12\/WhatsApp-Image-2025-11-12-at-08.54.14-1-1024x683-140x80.jpeg\" alt=\"WhatsApp Image 2025-11-12 at 08.54.14 (1)\" \/>\n\t\t\t\t<\/div>\n\t\t\t<div  class=\"ms-slide\" data-delay=\"3\"    >\n\t\t\t\t\t<img decoding=\"async\" src=\"http:\/\/www.apucarana.pr.gov.br\/site\/wp-content\/plugins\/masterslider\/public\/assets\/css\/blank.gif\" alt=\"WhatsApp Image 2025-11-12 at 08.54.15\" title=\"WhatsApp Image 2025-11-12 at 08.54.15\" data-src=\"http:\/\/www.apucarana.pr.gov.br\/site\/wp-content\/uploads\/2025\/12\/WhatsApp-Image-2025-11-12-at-08.54.15-1024x683.jpeg\" \/>\n\t<a href=\"http:\/\/www.apucarana.pr.gov.br\/site\/wp-content\/uploads\/2025\/12\/WhatsApp-Image-2025-11-12-at-08.54.15-1024x683.jpeg\" target=\"_self\"    >WhatsApp Image 2025-11-12 at 08.54.15<\/a>\n\n\n\t<img decoding=\"async\" class=\"ms-thumb\" src=\"http:\/\/www.apucarana.pr.gov.br\/site\/wp-content\/uploads\/2025\/12\/WhatsApp-Image-2025-11-12-at-08.54.15-1024x683-140x80.jpeg\" alt=\"WhatsApp Image 2025-11-12 at 08.54.15\" \/>\n\t\t\t\t<\/div>\n\t\t\t<div  class=\"ms-slide\" data-delay=\"3\"    >\n\t\t\t\t\t<img decoding=\"async\" src=\"http:\/\/www.apucarana.pr.gov.br\/site\/wp-content\/plugins\/masterslider\/public\/assets\/css\/blank.gif\" alt=\"WhatsApp Image 2025-11-12 at 08.54.16 (1)\" title=\"WhatsApp Image 2025-11-12 at 08.54.16 (1)\" data-src=\"http:\/\/www.apucarana.pr.gov.br\/site\/wp-content\/uploads\/2025\/12\/WhatsApp-Image-2025-11-12-at-08.54.16-1-1024x683.jpeg\" \/>\n\t<a href=\"http:\/\/www.apucarana.pr.gov.br\/site\/wp-content\/uploads\/2025\/12\/WhatsApp-Image-2025-11-12-at-08.54.16-1-1024x683.jpeg\" target=\"_self\"    >WhatsApp Image 2025-11-12 at 08.54.16 (1)<\/a>\n\n\n\t<img decoding=\"async\" class=\"ms-thumb\" src=\"http:\/\/www.apucarana.pr.gov.br\/site\/wp-content\/uploads\/2025\/12\/WhatsApp-Image-2025-11-12-at-08.54.16-1-1024x683-140x80.jpeg\" alt=\"WhatsApp Image 2025-11-12 at 08.54.16 (1)\" \/>\n\t\t\t\t<\/div>\n\n\t\t\t<\/div>\n\t\t\t<!-- END MasterSlider Main -->\n\n\t\t\t \n\t\t<\/div>\n\t\t<!-- END MasterSlider -->\n\n\t\t<script>\n\t\t( window.MSReady = window.MSReady || [] ).push( function( $ ) {\n\n\t\t\t\"use strict\";\n\t\t\tvar masterslider_55ad = new MasterSlider();\n\n\t\t\t\/\/ slider controls\n\t\t\tmasterslider_55ad.control('arrows'     ,{ autohide:true, overVideo:true  });\n\t\t\tmasterslider_55ad.control('thumblist'  ,{ autohide:false, overVideo:true, dir:'h', speed:17, inset:false, arrows:false, hover:false, customClass:'', align:'bottom',type:'thumbs', margin:2, width:140, height:80, space:2, fillMode:'fill'  });\n\t\t\t\/\/ slider setup\n\t\t\tmasterslider_55ad.setup(\"MS69efaf69055ad\", {\n\t\t\t\twidth           : 960,\n\t\t\t\theight          : 540,\n\t\t\t\tminHeight       : 0,\n\t\t\t\tspace           : 0,\n\t\t\t\tstart           : 1,\n\t\t\t\tgrabCursor      : true,\n\t\t\t\tswipe           : true,\n\t\t\t\tmouse           : true,\n\t\t\t\tkeyboard        : false,\n\t\t\t\tlayout          : \"fillwidth\",\n\t\t\t\twheel           : false,\n\t\t\t\tautoplay        : true,\n                instantStartLayers:false,\n\t\t\t\tmobileBGVideo:false,\n\t\t\t\tloop            : true,\n\t\t\t\tshuffle         : false,\n\t\t\t\tpreload         : 3,\n\t\t\t\theightLimit     : false,\n\t\t\t\tautoHeight      : false,\n\t\t\t\tsmoothHeight    : true,\n\t\t\t\tendPause        : false,\n\t\t\t\toverPause       : false,\n\t\t\t\tfillMode        : \"fill\",\n\t\t\t\tcenterControls  : true,\n\t\t\t\tstartOnAppear   : false,\n\t\t\t\tlayersMode      : \"center\",\n\t\t\t\tautofillTarget  : \"\",\n\t\t\t\thideLayers      : false,\n\t\t\t\tfullscreenMargin: 0,\n\t\t\t\tspeed           : 17,\n\t\t\t\tdir             : \"h\",\n\t\t\t\tresponsive      : true,\n\t\t\t\ttabletWidth     : 768,\n\t\t\t\ttabletHeight    : null,\n\t\t\t\tphoneWidth      : 480,\n\t\t\t\tphoneHeight    : null,\n\t\t\t\tsizingReference : window,\n\t\t\t\tparallaxMode    : 'swipe',\n\t\t\t\tview            : \"basic\"\n\t\t\t});\n\n\t\t\t\n\t\t\twindow.masterslider_instances = window.masterslider_instances || [];\n\t\t\twindow.masterslider_instances.push( masterslider_55ad );\n\t\t});\n\t\t<\/script>\n\n\n<p>A Secretaria de Esportes da Prefeitura de Apucarana promove neste domingo (07\/12), \u00e0s 10 horas, no Est\u00e1dio Municipal Ol\u00edmpio Barreto, a grande final do Supercampeonato Municipal Amador de Futebol de Campo. O t\u00edtulo da primeira edi\u00e7\u00e3o da competi\u00e7\u00e3o ser\u00e1 decidido pelas equipes JPG FC, melhor equipe da etapa classificat\u00f3ria, e Pinheir\u00e3o, do Distrito de Correia de Freitas. A entrada \u00e9 gratuita.<\/p>\n<p>A movimenta\u00e7\u00e3o no est\u00e1dio, por\u00e9m, ter\u00e1 in\u00edcio mais cedo, com a disputa do terceiro e quarto lugar, a partir das 8h15, entre as equipes Supermercado Viana e Adriano Correia. Iniciado em 14 de outubro, o campeonato reuniu 21 equipes, divididas em seis grupos, com jogos nas noites de ter\u00e7a e quinta, al\u00e9m da tradicional rodada nos domingos de manh\u00e3. Os confrontos aconteceram em quatro pra\u00e7as esportivas que foram revitalizadas pela Prefeitura recentemente: Est\u00e1dio Municipal Ol\u00edmpio Barreto, campos Hairton Santos (Z\u00e9 Rico), Sesi e UTFPR.<\/p>\n<p>Entusiasta do esporte amador, o prefeito Rodolfo Mota convida a popula\u00e7\u00e3o para prestigiar a partida final. \u201cForam semanas de competi\u00e7\u00e3o em pra\u00e7as esportivas revitalizadas, com jogos disputados e um clima de verdadeira integra\u00e7\u00e3o das nossas comunidades. Quero convidar todas as fam\u00edlias de Apucarana para prestigiar esta decis\u00e3o e celebrar o esporte amador, que \u00e9 parte da nossa identidade e do nosso compromisso de cuidar das pessoas\u201d, disse o prefeito.<\/p>\n<p>O secret\u00e1rio municipal de Esportes, Bruno Marchi, afirma que a organiza\u00e7\u00e3o encerra neste domingo a primeira edi\u00e7\u00e3o do Supercampeonato Amador com a sensa\u00e7\u00e3o de miss\u00e3o cumprida. \u201cReunimos 21 equipes em uma competi\u00e7\u00e3o equilibrada, marcada pela disciplina, pelo esp\u00edrito esportivo e por partidas de excelente qualidade t\u00e9cnica. Tudo transcorreu com tranquilidade, gra\u00e7as ao comprometimento dos atletas, das comiss\u00f5es t\u00e9cnicas e das nossas equipes de apoio. A final entre JPG FC e Pinheir\u00e3o representa bem o n\u00edvel que alcan\u00e7amos, e esperamos todos no Ol\u00edmpio Barreto para essa grande decis\u00e3o\u201d, diz o secret\u00e1rio.<\/p>\n<p>O coordenador da competi\u00e7\u00e3o, professor \u00c2ngelo Danilo, assinala que tamb\u00e9m haver\u00e1 premia\u00e7\u00e3o para o artilheiro e o goleiro menos vazado. \u201cAl\u00e9m da disputa pelo t\u00edtulo, teremos tamb\u00e9m a entrega dos trof\u00e9us de artilheiro e de goleiro menos vazado, reconhecendo o desempenho individual dos atletas que se destacaram ao longo de toda a competi\u00e7\u00e3o. \u00c9 uma forma de valorizar o comprometimento, a regularidade e o talento que vimos em campo durante o campeonato\u201d, assinala o coordenador. De acordo com ele, o grande favorito a artilheiro \u00e9 o atleta Lu\u00eds Guilherme Sartori, que j\u00e1 marcou 13 gols. \u201cPara defini\u00e7\u00e3o do goleiro menos vazado temos que esperar as duas \u00faltimas partidas para realizar o c\u00e1lculo gols sofridos\/partidas jogadas\u201d, explica \u00c2ngelo.<\/p>\n","protected":false},"excerpt":{"rendered":"<p>A Secretaria de Esportes da Prefeitura de Apucarana promove neste domingo (07\/12), &agrave;s 10 horas, no Est&aacute;dio Municipal Ol&iacute;mpio Barreto, a grande final do Supercampeonato Municipal Amador de Futebol de Campo. O t&iacute;tulo da primeira edi&ccedil;&atilde;o da competi&ccedil;&atilde;o ser&aacute; decidido pelas equipes JPG FC, melhor equipe da etapa classificat&oacute;ria, e Pinheir&atilde;o, do Distrito de Correia [&hellip;]<\/p>\n","protected":false},"author":7,"featured_media":120920,"comment_status":"closed","ping_status":"closed","sticky":false,"template":"","format":"standard","meta":{"footnotes":""},"categories":[24],"tags":[],"class_list":["post-120915","post","type-post","status-publish","format-standard","has-post-thumbnail","hentry","category-noticias"],"acf":[],"_links":{"self":[{"href":"http:\/\/www.apucarana.pr.gov.br\/site\/wp-json\/wp\/v2\/posts\/120915","targetHints":{"allow":["GET"]}}],"collection":[{"href":"http:\/\/www.apucarana.pr.gov.br\/site\/wp-json\/wp\/v2\/posts"}],"about":[{"href":"http:\/\/www.apucarana.pr.gov.br\/site\/wp-json\/wp\/v2\/types\/post"}],"author":[{"embeddable":true,"href":"http:\/\/www.apucarana.pr.gov.br\/site\/wp-json\/wp\/v2\/users\/7"}],"replies":[{"embeddable":true,"href":"http:\/\/www.apucarana.pr.gov.br\/site\/wp-json\/wp\/v2\/comments?post=120915"}],"version-history":[{"count":2,"href":"http:\/\/www.apucarana.pr.gov.br\/site\/wp-json\/wp\/v2\/posts\/120915\/revisions"}],"predecessor-version":[{"id":120926,"href":"http:\/\/www.apucarana.pr.gov.br\/site\/wp-json\/wp\/v2\/posts\/120915\/revisions\/120926"}],"wp:featuredmedia":[{"embeddable":true,"href":"http:\/\/www.apucarana.pr.gov.br\/site\/wp-json\/wp\/v2\/media\/120920"}],"wp:attachment":[{"href":"http:\/\/www.apucarana.pr.gov.br\/site\/wp-json\/wp\/v2\/media?parent=120915"}],"wp:term":[{"taxonomy":"category","embeddable":true,"href":"http:\/\/www.apucarana.pr.gov.br\/site\/wp-json\/wp\/v2\/categories?post=120915"},{"taxonomy":"post_tag","embeddable":true,"href":"http:\/\/www.apucarana.pr.gov.br\/site\/wp-json\/wp\/v2\/tags?post=120915"}],"curies":[{"name":"wp","href":"https:\/\/api.w.org\/{rel}","templated":true}]}}