{"id":120903,"date":"2025-12-03T12:02:25","date_gmt":"2025-12-03T15:02:25","guid":{"rendered":"https:\/\/www.apucarana.pr.gov.br\/site\/?p=120903"},"modified":"2025-12-04T11:43:43","modified_gmt":"2025-12-04T14:43:43","slug":"premiacao-inedita-coroa-empenho-e-aprendizado-na-formatura-de-1-400-alunos-do-proerd","status":"publish","type":"post","link":"http:\/\/www.apucarana.pr.gov.br\/site\/premiacao-inedita-coroa-empenho-e-aprendizado-na-formatura-de-1-400-alunos-do-proerd\/","title":{"rendered":"Premia\u00e7\u00e3o in\u00e9dita coroa empenho e aprendizado na formatura de 1.400 alunos do Proerd"},"content":{"rendered":"\n\t\t<!-- MasterSlider -->\n\t\t<div id=\"P_MS69efaf31b0333\" class=\"master-slider-parent master-slider-gallery   ms-parent-id-0\" style=\"\" >\n\n\t\t\t\n\t\t\t<!-- MasterSlider Main -->\n\t\t\t<div id=\"MS69efaf31b0333\" class=\"master-slider ms-skin-default\" >\n\t\t\t\t \t\t\t\t \n\t\t\t<div  class=\"ms-slide\" data-delay=\"3\"    >\n\t\t\t\t\t<img decoding=\"async\" src=\"http:\/\/www.apucarana.pr.gov.br\/site\/wp-content\/plugins\/masterslider\/public\/assets\/css\/blank.gif\" alt=\"WhatsApp Image 2025-12-03 at 10.47.53 (3)\" title=\"WhatsApp Image 2025-12-03 at 10.47.53 (3)\" data-src=\"http:\/\/www.apucarana.pr.gov.br\/site\/wp-content\/uploads\/2025\/12\/WhatsApp-Image-2025-12-03-at-10.47.53-3-1024x768.jpeg\" \/>\n\t<a href=\"http:\/\/www.apucarana.pr.gov.br\/site\/wp-content\/uploads\/2025\/12\/WhatsApp-Image-2025-12-03-at-10.47.53-3-1024x768.jpeg\" target=\"_self\"    >WhatsApp Image 2025-12-03 at 10.47.53 (3)<\/a>\n\n\n\t<img decoding=\"async\" class=\"ms-thumb\" src=\"http:\/\/www.apucarana.pr.gov.br\/site\/wp-content\/uploads\/2025\/12\/WhatsApp-Image-2025-12-03-at-10.47.53-3-1024x768-140x80.jpeg\" alt=\"WhatsApp Image 2025-12-03 at 10.47.53 (3)\" \/>\n\t\t\t\t<\/div>\n\t\t\t<div  class=\"ms-slide\" data-delay=\"3\"    >\n\t\t\t\t\t<img decoding=\"async\" src=\"http:\/\/www.apucarana.pr.gov.br\/site\/wp-content\/plugins\/masterslider\/public\/assets\/css\/blank.gif\" alt=\"WhatsApp Image 2025-12-03 at 10.47.53 (1)\" title=\"WhatsApp Image 2025-12-03 at 10.47.53 (1)\" data-src=\"http:\/\/www.apucarana.pr.gov.br\/site\/wp-content\/uploads\/2025\/12\/WhatsApp-Image-2025-12-03-at-10.47.53-1-1024x768.jpeg\" \/>\n\t<a href=\"http:\/\/www.apucarana.pr.gov.br\/site\/wp-content\/uploads\/2025\/12\/WhatsApp-Image-2025-12-03-at-10.47.53-1-1024x768.jpeg\" target=\"_self\"    >WhatsApp Image 2025-12-03 at 10.47.53 (1)<\/a>\n\n\n\t<img decoding=\"async\" class=\"ms-thumb\" src=\"http:\/\/www.apucarana.pr.gov.br\/site\/wp-content\/uploads\/2025\/12\/WhatsApp-Image-2025-12-03-at-10.47.53-1-1024x768-140x80.jpeg\" alt=\"WhatsApp Image 2025-12-03 at 10.47.53 (1)\" \/>\n\t\t\t\t<\/div>\n\t\t\t<div  class=\"ms-slide\" data-delay=\"3\"    >\n\t\t\t\t\t<img decoding=\"async\" src=\"http:\/\/www.apucarana.pr.gov.br\/site\/wp-content\/plugins\/masterslider\/public\/assets\/css\/blank.gif\" alt=\"WhatsApp Image 2025-12-03 at 10.47.53\" title=\"WhatsApp Image 2025-12-03 at 10.47.53\" data-src=\"http:\/\/www.apucarana.pr.gov.br\/site\/wp-content\/uploads\/2025\/12\/WhatsApp-Image-2025-12-03-at-10.47.53-1024x768.jpeg\" \/>\n\t<a href=\"http:\/\/www.apucarana.pr.gov.br\/site\/wp-content\/uploads\/2025\/12\/WhatsApp-Image-2025-12-03-at-10.47.53-1024x768.jpeg\" target=\"_self\"    >WhatsApp Image 2025-12-03 at 10.47.53<\/a>\n\n\n\t<img decoding=\"async\" class=\"ms-thumb\" src=\"http:\/\/www.apucarana.pr.gov.br\/site\/wp-content\/uploads\/2025\/12\/WhatsApp-Image-2025-12-03-at-10.47.53-1024x768-140x80.jpeg\" alt=\"WhatsApp Image 2025-12-03 at 10.47.53\" \/>\n\t\t\t\t<\/div>\n\n\t\t\t<\/div>\n\t\t\t<!-- END MasterSlider Main -->\n\n\t\t\t \n\t\t<\/div>\n\t\t<!-- END MasterSlider -->\n\n\t\t<script>\n\t\t( window.MSReady = window.MSReady || [] ).push( function( $ ) {\n\n\t\t\t\"use strict\";\n\t\t\tvar masterslider_0333 = new MasterSlider();\n\n\t\t\t\/\/ slider controls\n\t\t\tmasterslider_0333.control('arrows'     ,{ autohide:true, overVideo:true  });\n\t\t\tmasterslider_0333.control('thumblist'  ,{ autohide:false, overVideo:true, dir:'h', speed:17, inset:false, arrows:false, hover:false, customClass:'', align:'bottom',type:'thumbs', margin:2, width:140, height:80, space:2, fillMode:'fill'  });\n\t\t\t\/\/ slider setup\n\t\t\tmasterslider_0333.setup(\"MS69efaf31b0333\", {\n\t\t\t\twidth           : 960,\n\t\t\t\theight          : 540,\n\t\t\t\tminHeight       : 0,\n\t\t\t\tspace           : 0,\n\t\t\t\tstart           : 1,\n\t\t\t\tgrabCursor      : true,\n\t\t\t\tswipe           : true,\n\t\t\t\tmouse           : true,\n\t\t\t\tkeyboard        : false,\n\t\t\t\tlayout          : \"fillwidth\",\n\t\t\t\twheel           : false,\n\t\t\t\tautoplay        : true,\n                instantStartLayers:false,\n\t\t\t\tmobileBGVideo:false,\n\t\t\t\tloop            : true,\n\t\t\t\tshuffle         : false,\n\t\t\t\tpreload         : 3,\n\t\t\t\theightLimit     : false,\n\t\t\t\tautoHeight      : false,\n\t\t\t\tsmoothHeight    : true,\n\t\t\t\tendPause        : false,\n\t\t\t\toverPause       : false,\n\t\t\t\tfillMode        : \"fill\",\n\t\t\t\tcenterControls  : true,\n\t\t\t\tstartOnAppear   : false,\n\t\t\t\tlayersMode      : \"center\",\n\t\t\t\tautofillTarget  : \"\",\n\t\t\t\thideLayers      : false,\n\t\t\t\tfullscreenMargin: 0,\n\t\t\t\tspeed           : 17,\n\t\t\t\tdir             : \"h\",\n\t\t\t\tresponsive      : true,\n\t\t\t\ttabletWidth     : 768,\n\t\t\t\ttabletHeight    : null,\n\t\t\t\tphoneWidth      : 480,\n\t\t\t\tphoneHeight    : null,\n\t\t\t\tsizingReference : window,\n\t\t\t\tparallaxMode    : 'swipe',\n\t\t\t\tview            : \"basic\"\n\t\t\t});\n\n\t\t\t\n\t\t\twindow.masterslider_instances = window.masterslider_instances || [];\n\t\t\twindow.masterslider_instances.push( masterslider_0333 );\n\t\t});\n\t\t<\/script>\n\n\n<p>Mais 1.400 alunos do 5\u00ba ano da rede municipal de ensino de Apucarana conclu\u00edram o Programa Educacional de Resist\u00eancia \u00e0s Drogas e \u00e0 Viol\u00eancia (Proerd). A solenidade de formatura do programa \u00a0&#8211; que une preven\u00e7\u00e3o, cidadania e forma\u00e7\u00e3o de valores \u2013 aconteceu nesta ter\u00e7a-feira (02\/12), no gin\u00e1sio de esportes do Lago\u00e3o. O destaque deste ano foi a entrega de 35\u00a0 bicicletas aos autores das melhores reda\u00e7\u00f5es, abrangendo pela primeira vez com a premia\u00e7\u00e3o toda a rede municipal de ensino.<\/p>\n<p>O prefeito Rodolfo Mota &#8211; que esteve acompanhado da equipe e do secret\u00e1rio estadual do Trabalho, Qualifica\u00e7\u00e3o e Renda, do Carmo &#8211; \u00a0destacou a for\u00e7a da parceria entre o Munic\u00edpio, por meio da Autarquia Municipal de Educa\u00e7\u00e3o (AME), com a Pol\u00edcia Militar. \u201cO Programa ensina as nossas crian\u00e7as a dizer n\u00e3o para as drogas, al\u00e9m de levar no\u00e7\u00f5es de cidadania e disciplina\u201d, ressaltou.<\/p>\n<p>O prefeito celebrou ainda a novidade da premia\u00e7\u00e3o, que, al\u00e9m das bicicletas para as melhores reda\u00e7\u00f5es, incluiu a entrega de camisetas comemorativas, certificados e medalhas a todos os formandos. \u201cTudo foi pensado para motivar os alunos e estimular um futuro de paz, alegria e desenvolvimento para nossas crian\u00e7as\u201d, disse, refor\u00e7ando que a Pol\u00edcia Militar \u00e9 parceira estrat\u00e9gica na constru\u00e7\u00e3o de uma cidade mais segura e ordeira.<\/p>\n<p>A secret\u00e1ria municipal de Educa\u00e7\u00e3o, Ana Paula do Carmo Donato,\u00a0 agradeceu a presen\u00e7a das fam\u00edlias e o empenho das equipes escolares, citando diretoras e professoras que reorganizaram rotinas e mobilizaram as turmas ao longo do ano.<\/p>\n<p>A major Denise Mar\u00edlia Silva, subcomandante do Batalh\u00e3o de Patrulha Escolar Comunit\u00e1ria e coordenadora estadual do Proerd, refor\u00e7ou a trajet\u00f3ria s\u00f3lida do programa no Paran\u00e1. Presentes na rede p\u00fablica e privada desde 2000, as a\u00e7\u00f5es j\u00e1 formaram mais de 2 milh\u00f5es de estudantes, que se tornaram multiplicadores da cultura de preven\u00e7\u00e3o. \u201cO policial militar trabalha em sala de aula diversos assuntos, principalmente como os alunos devem se manter seguros e respons\u00e1veis, pensando sempre nas consequ\u00eancias de suas atitudes\u201d, afirmou.<\/p>\n<p>A major Mar\u00edlia explica que o Batalh\u00e3o de Patrulha Escolar Comunit\u00e1ria (BPEC) \u00e9 especializado na aplica\u00e7\u00e3o do policiamento comunit\u00e1rio escolar para todo o estado do Paran\u00e1 e\u00a0desenvolve os programas Patrulha Escolar Comunit\u00e1ria (PEC) e o Proerd.\u00a0 \u201cA Pol\u00edcia Militar est\u00e1 muito orgulhosa, principalmente do munic\u00edpio de Apucarana, que h\u00e1 tantos anos apoia o Proerd e realizou neste ano uma essa festa lind\u00edssima\u201d, disse a major.<\/p>\n<p><strong>\u00a0<\/strong><\/p>\n<p><strong>Programa entrega 35 bicicletas para melhores reda\u00e7\u00f5es<\/strong><\/p>\n<p>O instrutor social do Proerd, sargento F\u00e1bio do Nascimento Azevedo, destacou o car\u00e1ter in\u00e9dito da premia\u00e7\u00e3o. \u201cForam 35 bicicletas destinadas aos autores das melhores reda\u00e7\u00f5es, uma por escola, reconhecendo o m\u00e9rito dos estudantes. Ap\u00f3s dez aulas, os alunos produziram a reda\u00e7\u00e3o final dentro da sala de aula, sem qualquer consulta\u201d, esclareceu.<\/p>\n<p>O sargento Nascimento observou ainda que o n\u00edvel das reda\u00e7\u00f5es surpreendeu pela qualidade. Para ele, a premia\u00e7\u00e3o valoriza o empenho dos alunos e refor\u00e7a que dedica\u00e7\u00e3o e aprendizado caminham juntos.<\/p>\n<p>O sargento lembra ainda que o Proerd \u00e9 conduzido por policiais militares especialmente selecionados e capacitados na \u00e1rea da educa\u00e7\u00e3o. Eles atuam semanalmente nas turmas do 5\u00ba ano, em parceria institucional entre o Batalh\u00e3o de Patrulha Escolar Comunit\u00e1ria e a Autarquia Municipal de Educa\u00e7\u00e3o. A formatura coroou um ciclo de trabalho que fortalece escolhas seguras e aproxima comunidade, escola e seguran\u00e7a p\u00fablica, reafirmando o compromisso\u00a0 do Munic\u00edpio de Apucarana com a preven\u00e7\u00e3o e o cuidado com as crian\u00e7as.<\/p>\n","protected":false},"excerpt":{"rendered":"<p>Mais 1.400 alunos do 5&ordm; ano da rede municipal de ensino de Apucarana conclu&iacute;ram o Programa Educacional de Resist&ecirc;ncia &agrave;s Drogas e &agrave; Viol&ecirc;ncia (Proerd). A solenidade de formatura do programa &nbsp;&ndash; que une preven&ccedil;&atilde;o, cidadania e forma&ccedil;&atilde;o de valores &ndash; aconteceu nesta ter&ccedil;a-feira (02\/12), no gin&aacute;sio de esportes do Lago&atilde;o. O destaque deste ano [&hellip;]<\/p>\n","protected":false},"author":6,"featured_media":120904,"comment_status":"closed","ping_status":"closed","sticky":false,"template":"","format":"standard","meta":{"footnotes":""},"categories":[24],"tags":[],"class_list":["post-120903","post","type-post","status-publish","format-standard","has-post-thumbnail","hentry","category-noticias"],"acf":[],"_links":{"self":[{"href":"http:\/\/www.apucarana.pr.gov.br\/site\/wp-json\/wp\/v2\/posts\/120903","targetHints":{"allow":["GET"]}}],"collection":[{"href":"http:\/\/www.apucarana.pr.gov.br\/site\/wp-json\/wp\/v2\/posts"}],"about":[{"href":"http:\/\/www.apucarana.pr.gov.br\/site\/wp-json\/wp\/v2\/types\/post"}],"author":[{"embeddable":true,"href":"http:\/\/www.apucarana.pr.gov.br\/site\/wp-json\/wp\/v2\/users\/6"}],"replies":[{"embeddable":true,"href":"http:\/\/www.apucarana.pr.gov.br\/site\/wp-json\/wp\/v2\/comments?post=120903"}],"version-history":[{"count":5,"href":"http:\/\/www.apucarana.pr.gov.br\/site\/wp-json\/wp\/v2\/posts\/120903\/revisions"}],"predecessor-version":[{"id":120913,"href":"http:\/\/www.apucarana.pr.gov.br\/site\/wp-json\/wp\/v2\/posts\/120903\/revisions\/120913"}],"wp:featuredmedia":[{"embeddable":true,"href":"http:\/\/www.apucarana.pr.gov.br\/site\/wp-json\/wp\/v2\/media\/120904"}],"wp:attachment":[{"href":"http:\/\/www.apucarana.pr.gov.br\/site\/wp-json\/wp\/v2\/media?parent=120903"}],"wp:term":[{"taxonomy":"category","embeddable":true,"href":"http:\/\/www.apucarana.pr.gov.br\/site\/wp-json\/wp\/v2\/categories?post=120903"},{"taxonomy":"post_tag","embeddable":true,"href":"http:\/\/www.apucarana.pr.gov.br\/site\/wp-json\/wp\/v2\/tags?post=120903"}],"curies":[{"name":"wp","href":"https:\/\/api.w.org\/{rel}","templated":true}]}}