{"id":120896,"date":"2025-12-03T09:47:29","date_gmt":"2025-12-03T12:47:29","guid":{"rendered":"https:\/\/www.apucarana.pr.gov.br\/site\/?p=120896"},"modified":"2025-12-03T09:47:29","modified_gmt":"2025-12-03T12:47:29","slug":"caps-infantojuvenil-de-apucarana-promove-acoes-sobre-identidade-e-cultura-afro-brasileira","status":"publish","type":"post","link":"http:\/\/www.apucarana.pr.gov.br\/site\/caps-infantojuvenil-de-apucarana-promove-acoes-sobre-identidade-e-cultura-afro-brasileira\/","title":{"rendered":"CAPS Infantojuvenil de Apucarana promove a\u00e7\u00f5es sobre identidade e cultura afro-brasileira"},"content":{"rendered":"\n\t\t<!-- MasterSlider -->\n\t\t<div id=\"P_MS69efaf3110719\" class=\"master-slider-parent master-slider-gallery   ms-parent-id-0\" style=\"\" >\n\n\t\t\t\n\t\t\t<!-- MasterSlider Main -->\n\t\t\t<div id=\"MS69efaf3110719\" class=\"master-slider ms-skin-default\" >\n\t\t\t\t \t\t\t\t \n\t\t\t<div  class=\"ms-slide\" data-delay=\"3\"    >\n\t\t\t\t\t<img decoding=\"async\" src=\"http:\/\/www.apucarana.pr.gov.br\/site\/wp-content\/plugins\/masterslider\/public\/assets\/css\/blank.gif\" alt=\"aquilombados01\" title=\"aquilombados01\" data-src=\"http:\/\/www.apucarana.pr.gov.br\/site\/wp-content\/uploads\/2025\/12\/aquilombados01-1024x819.jpg\" \/>\n\t<a href=\"http:\/\/www.apucarana.pr.gov.br\/site\/wp-content\/uploads\/2025\/12\/aquilombados01-1024x819.jpg\" target=\"_self\"    >aquilombados01<\/a>\n\n\n\t<img decoding=\"async\" class=\"ms-thumb\" src=\"http:\/\/www.apucarana.pr.gov.br\/site\/wp-content\/uploads\/2025\/12\/aquilombados01-1024x819-140x80.jpg\" alt=\"aquilombados01\" \/>\n\t\t\t\t<\/div>\n\t\t\t<div  class=\"ms-slide\" data-delay=\"3\"    >\n\t\t\t\t\t<img decoding=\"async\" src=\"http:\/\/www.apucarana.pr.gov.br\/site\/wp-content\/plugins\/masterslider\/public\/assets\/css\/blank.gif\" alt=\"aquilombados02\" title=\"aquilombados02\" data-src=\"http:\/\/www.apucarana.pr.gov.br\/site\/wp-content\/uploads\/2025\/12\/aquilombados02-1024x819.jpg\" \/>\n\t<a href=\"http:\/\/www.apucarana.pr.gov.br\/site\/wp-content\/uploads\/2025\/12\/aquilombados02-1024x819.jpg\" target=\"_self\"    >aquilombados02<\/a>\n\n\n\t<img decoding=\"async\" class=\"ms-thumb\" src=\"http:\/\/www.apucarana.pr.gov.br\/site\/wp-content\/uploads\/2025\/12\/aquilombados02-1024x819-140x80.jpg\" alt=\"aquilombados02\" \/>\n\t\t\t\t<\/div>\n\t\t\t<div  class=\"ms-slide\" data-delay=\"3\"    >\n\t\t\t\t\t<img decoding=\"async\" src=\"http:\/\/www.apucarana.pr.gov.br\/site\/wp-content\/plugins\/masterslider\/public\/assets\/css\/blank.gif\" alt=\"aquilombados03h\" title=\"aquilombados03h\" data-src=\"http:\/\/www.apucarana.pr.gov.br\/site\/wp-content\/uploads\/2025\/12\/aquilombados03h-1024x819.jpg\" \/>\n\t<a href=\"http:\/\/www.apucarana.pr.gov.br\/site\/wp-content\/uploads\/2025\/12\/aquilombados03h-1024x819.jpg\" target=\"_self\"    >aquilombados03h<\/a>\n\n\n\t<img decoding=\"async\" class=\"ms-thumb\" src=\"http:\/\/www.apucarana.pr.gov.br\/site\/wp-content\/uploads\/2025\/12\/aquilombados03h-1024x819-140x80.jpg\" alt=\"aquilombados03h\" \/>\n\t\t\t\t<\/div>\n\n\t\t\t<\/div>\n\t\t\t<!-- END MasterSlider Main -->\n\n\t\t\t \n\t\t<\/div>\n\t\t<!-- END MasterSlider -->\n\n\t\t<script>\n\t\t( window.MSReady = window.MSReady || [] ).push( function( $ ) {\n\n\t\t\t\"use strict\";\n\t\t\tvar masterslider_0719 = new MasterSlider();\n\n\t\t\t\/\/ slider controls\n\t\t\tmasterslider_0719.control('arrows'     ,{ autohide:true, overVideo:true  });\n\t\t\tmasterslider_0719.control('thumblist'  ,{ autohide:false, overVideo:true, dir:'h', speed:17, inset:false, arrows:false, hover:false, customClass:'', align:'bottom',type:'thumbs', margin:2, width:140, height:80, space:2, fillMode:'fill'  });\n\t\t\t\/\/ slider setup\n\t\t\tmasterslider_0719.setup(\"MS69efaf3110719\", {\n\t\t\t\twidth           : 960,\n\t\t\t\theight          : 540,\n\t\t\t\tminHeight       : 0,\n\t\t\t\tspace           : 0,\n\t\t\t\tstart           : 1,\n\t\t\t\tgrabCursor      : true,\n\t\t\t\tswipe           : true,\n\t\t\t\tmouse           : true,\n\t\t\t\tkeyboard        : false,\n\t\t\t\tlayout          : \"fillwidth\",\n\t\t\t\twheel           : false,\n\t\t\t\tautoplay        : true,\n                instantStartLayers:false,\n\t\t\t\tmobileBGVideo:false,\n\t\t\t\tloop            : true,\n\t\t\t\tshuffle         : false,\n\t\t\t\tpreload         : 3,\n\t\t\t\theightLimit     : false,\n\t\t\t\tautoHeight      : false,\n\t\t\t\tsmoothHeight    : true,\n\t\t\t\tendPause        : false,\n\t\t\t\toverPause       : false,\n\t\t\t\tfillMode        : \"fill\",\n\t\t\t\tcenterControls  : true,\n\t\t\t\tstartOnAppear   : false,\n\t\t\t\tlayersMode      : \"center\",\n\t\t\t\tautofillTarget  : \"\",\n\t\t\t\thideLayers      : false,\n\t\t\t\tfullscreenMargin: 0,\n\t\t\t\tspeed           : 17,\n\t\t\t\tdir             : \"h\",\n\t\t\t\tresponsive      : true,\n\t\t\t\ttabletWidth     : 768,\n\t\t\t\ttabletHeight    : null,\n\t\t\t\tphoneWidth      : 480,\n\t\t\t\tphoneHeight    : null,\n\t\t\t\tsizingReference : window,\n\t\t\t\tparallaxMode    : 'swipe',\n\t\t\t\tview            : \"basic\"\n\t\t\t});\n\n\t\t\t\n\t\t\twindow.masterslider_instances = window.masterslider_instances || [];\n\t\t\twindow.masterslider_instances.push( masterslider_0719 );\n\t\t});\n\t\t<\/script>\n\n\n<p>O Centro de Aten\u00e7\u00e3o Psicossocial Infantojuvenil (CAPS IJ) de Apucarana desenvolveu, ao longo do m\u00eas de novembro, o projeto \u201cAquilombando o CAPS IJ\u201d. A iniciativa, organizada por profissionais do Programa de Resid\u00eancia Multiprofissional em Sa\u00fade Mental, teve como refer\u00eancia o Dia da Consci\u00eancia Negra (20\/11) e os quilombos como espa\u00e7os hist\u00f3ricos de resist\u00eancia, cuidado e fortalecimento comunit\u00e1rio. O objetivo foi valorizar identidades e express\u00f5es da cultura afro-brasileira.<\/p>\n<p>Na primeira semana, o projeto abordou est\u00e9tica e ancestralidade. Crian\u00e7as, adolescentes e familiares atendidos na unidade participaram da produ\u00e7\u00e3o de m\u00e1scaras africanas. Na semana seguinte, as atividades foram voltadas \u00e0 confec\u00e7\u00e3o das bonecas Abayomi, historicamente associadas a v\u00ednculos de cuidado entre mulheres negras escravizadas.<\/p>\n<p>A terceira semana concentrou-se em pr\u00e1ticas corporais inspiradas em dan\u00e7as afro-brasileiras, destacando movimento, ritmo e express\u00e3o coletiva. O encerramento contou com a participa\u00e7\u00e3o do capoeirista Arapu\u00e3, que apresentou aspectos hist\u00f3ricos da capoeira como manifesta\u00e7\u00e3o cultural de resist\u00eancia e conduziu uma roda que reuniu crian\u00e7as, adolescentes e familiares.<\/p>\n<p>A coordenadora do CAPS IJ, Dayene Gatto Alto\u00e9, afirmou que o projeto abrangeu as diferentes frentes de cuidado desenvolvidas pela unidade, incluindo atendimentos individuais, atividades em grupo, a\u00e7\u00f5es com familiares e pr\u00e1ticas de conviv\u00eancia comunit\u00e1ria. \u201cAs oficinas estimularam reflex\u00f5es e di\u00e1logos sobre corpo, identidade, autonomia, pertencimento, mem\u00f3ria e transmiss\u00e3o de saberes entre gera\u00e7\u00f5es. Entendemos que iniciativas que valorizam cultura e hist\u00f3ria contribuem para o cuidado integral de crian\u00e7as e adolescentes\u201d, declarou.<\/p>\n<p>O projeto \u201cAquilombando o CAPS IJ\u201d evidencia a relev\u00e2ncia de oferecer, no campo da sa\u00fade mental, pr\u00e1ticas que reconhe\u00e7am diferentes trajet\u00f3rias, valorizem identidades e ampliem o acesso a experi\u00eancias culturais. A iniciativa refor\u00e7a o compromisso do munic\u00edpio com a\u00e7\u00f5es de cuidado articuladas \u00e0s realidades das crian\u00e7as, adolescentes e fam\u00edlias atendidas.<\/p>\n","protected":false},"excerpt":{"rendered":"<p>O Centro de Aten&ccedil;&atilde;o Psicossocial Infantojuvenil (CAPS IJ) de Apucarana desenvolveu, ao longo do m&ecirc;s de novembro, o projeto &ldquo;Aquilombando o CAPS IJ&rdquo;. A iniciativa, organizada por profissionais do Programa de Resid&ecirc;ncia Multiprofissional em Sa&uacute;de Mental, teve como refer&ecirc;ncia o Dia da Consci&ecirc;ncia Negra (20\/11) e os quilombos como espa&ccedil;os hist&oacute;ricos de resist&ecirc;ncia, cuidado e [&hellip;]<\/p>\n","protected":false},"author":8,"featured_media":120900,"comment_status":"closed","ping_status":"closed","sticky":false,"template":"","format":"standard","meta":{"footnotes":""},"categories":[24],"tags":[],"class_list":["post-120896","post","type-post","status-publish","format-standard","has-post-thumbnail","hentry","category-noticias"],"acf":[],"_links":{"self":[{"href":"http:\/\/www.apucarana.pr.gov.br\/site\/wp-json\/wp\/v2\/posts\/120896","targetHints":{"allow":["GET"]}}],"collection":[{"href":"http:\/\/www.apucarana.pr.gov.br\/site\/wp-json\/wp\/v2\/posts"}],"about":[{"href":"http:\/\/www.apucarana.pr.gov.br\/site\/wp-json\/wp\/v2\/types\/post"}],"author":[{"embeddable":true,"href":"http:\/\/www.apucarana.pr.gov.br\/site\/wp-json\/wp\/v2\/users\/8"}],"replies":[{"embeddable":true,"href":"http:\/\/www.apucarana.pr.gov.br\/site\/wp-json\/wp\/v2\/comments?post=120896"}],"version-history":[{"count":1,"href":"http:\/\/www.apucarana.pr.gov.br\/site\/wp-json\/wp\/v2\/posts\/120896\/revisions"}],"predecessor-version":[{"id":120901,"href":"http:\/\/www.apucarana.pr.gov.br\/site\/wp-json\/wp\/v2\/posts\/120896\/revisions\/120901"}],"wp:featuredmedia":[{"embeddable":true,"href":"http:\/\/www.apucarana.pr.gov.br\/site\/wp-json\/wp\/v2\/media\/120900"}],"wp:attachment":[{"href":"http:\/\/www.apucarana.pr.gov.br\/site\/wp-json\/wp\/v2\/media?parent=120896"}],"wp:term":[{"taxonomy":"category","embeddable":true,"href":"http:\/\/www.apucarana.pr.gov.br\/site\/wp-json\/wp\/v2\/categories?post=120896"},{"taxonomy":"post_tag","embeddable":true,"href":"http:\/\/www.apucarana.pr.gov.br\/site\/wp-json\/wp\/v2\/tags?post=120896"}],"curies":[{"name":"wp","href":"https:\/\/api.w.org\/{rel}","templated":true}]}}