{"id":120862,"date":"2025-12-02T19:00:39","date_gmt":"2025-12-02T22:00:39","guid":{"rendered":"https:\/\/www.apucarana.pr.gov.br\/site\/?p=120862"},"modified":"2025-12-03T12:02:42","modified_gmt":"2025-12-03T15:02:42","slug":"cafes-especiais-de-apucarana-e-regiao-sao-premiados-em-seminario","status":"publish","type":"post","link":"http:\/\/www.apucarana.pr.gov.br\/site\/cafes-especiais-de-apucarana-e-regiao-sao-premiados-em-seminario\/","title":{"rendered":"Caf\u00e9s especiais de Apucarana e regi\u00e3o s\u00e3o premiados em semin\u00e1rio"},"content":{"rendered":"\n\t\t<!-- MasterSlider -->\n\t\t<div id=\"P_MS69ef9d12e5f43\" class=\"master-slider-parent master-slider-gallery   ms-parent-id-0\" style=\"\" >\n\n\t\t\t\n\t\t\t<!-- MasterSlider Main -->\n\t\t\t<div id=\"MS69ef9d12e5f43\" class=\"master-slider ms-skin-default\" >\n\t\t\t\t \t\t\t\t \n\t\t\t<div  class=\"ms-slide\" data-delay=\"3\"    >\n\t\t\t\t\t<img decoding=\"async\" src=\"http:\/\/www.apucarana.pr.gov.br\/site\/wp-content\/plugins\/masterslider\/public\/assets\/css\/blank.gif\" alt=\"1\u00ba Seminario de Caf\u00e9s-3\" title=\"1\u00ba Seminario de Caf\u00e9s-3\" data-src=\"http:\/\/www.apucarana.pr.gov.br\/site\/wp-content\/uploads\/2025\/12\/1o-Seminario-de-Cafes-3-1024x683.jpg\" \/>\n\t<a href=\"http:\/\/www.apucarana.pr.gov.br\/site\/wp-content\/uploads\/2025\/12\/1o-Seminario-de-Cafes-3-1024x683.jpg\" target=\"_self\"    >1\u00ba Seminario de Caf\u00e9s-3<\/a>\n\n\n\t<img decoding=\"async\" class=\"ms-thumb\" src=\"http:\/\/www.apucarana.pr.gov.br\/site\/wp-content\/uploads\/2025\/12\/1o-Seminario-de-Cafes-3-1024x683-140x80.jpg\" alt=\"1\u00ba Seminario de Caf\u00e9s-3\" \/>\n\t\t\t\t<\/div>\n\t\t\t<div  class=\"ms-slide\" data-delay=\"3\"    >\n\t\t\t\t\t<img decoding=\"async\" src=\"http:\/\/www.apucarana.pr.gov.br\/site\/wp-content\/plugins\/masterslider\/public\/assets\/css\/blank.gif\" alt=\"1\u00ba Seminario de Caf\u00e9s-5\" title=\"1\u00ba Seminario de Caf\u00e9s-5\" data-src=\"http:\/\/www.apucarana.pr.gov.br\/site\/wp-content\/uploads\/2025\/12\/1o-Seminario-de-Cafes-5-1024x683.jpg\" \/>\n\t<a href=\"http:\/\/www.apucarana.pr.gov.br\/site\/wp-content\/uploads\/2025\/12\/1o-Seminario-de-Cafes-5-1024x683.jpg\" target=\"_self\"    >1\u00ba Seminario de Caf\u00e9s-5<\/a>\n\n\n\t<img decoding=\"async\" class=\"ms-thumb\" src=\"http:\/\/www.apucarana.pr.gov.br\/site\/wp-content\/uploads\/2025\/12\/1o-Seminario-de-Cafes-5-1024x683-140x80.jpg\" alt=\"1\u00ba Seminario de Caf\u00e9s-5\" \/>\n\t\t\t\t<\/div>\n\t\t\t<div  class=\"ms-slide\" data-delay=\"3\"    >\n\t\t\t\t\t<img decoding=\"async\" src=\"http:\/\/www.apucarana.pr.gov.br\/site\/wp-content\/plugins\/masterslider\/public\/assets\/css\/blank.gif\" alt=\"1\u00ba Seminario de Caf\u00e9s\" title=\"1\u00ba Seminario de Caf\u00e9s\" data-src=\"http:\/\/www.apucarana.pr.gov.br\/site\/wp-content\/uploads\/2025\/12\/1o-Seminario-de-Cafes-1024x683.jpg\" \/>\n\t<a href=\"http:\/\/www.apucarana.pr.gov.br\/site\/wp-content\/uploads\/2025\/12\/1o-Seminario-de-Cafes-1024x683.jpg\" target=\"_self\"    >1\u00ba Seminario de Caf\u00e9s<\/a>\n\n\n\t<img decoding=\"async\" class=\"ms-thumb\" src=\"http:\/\/www.apucarana.pr.gov.br\/site\/wp-content\/uploads\/2025\/12\/1o-Seminario-de-Cafes-1024x683-140x80.jpg\" alt=\"1\u00ba Seminario de Caf\u00e9s\" \/>\n\t\t\t\t<\/div>\n\t\t\t<div  class=\"ms-slide\" data-delay=\"3\"    >\n\t\t\t\t\t<img decoding=\"async\" src=\"http:\/\/www.apucarana.pr.gov.br\/site\/wp-content\/plugins\/masterslider\/public\/assets\/css\/blank.gif\" alt=\"1\u00ba Seminario de Caf\u00e9s-7\" title=\"1\u00ba Seminario de Caf\u00e9s-7\" data-src=\"http:\/\/www.apucarana.pr.gov.br\/site\/wp-content\/uploads\/2025\/12\/1o-Seminario-de-Cafes-7-1024x683.jpg\" \/>\n\t<a href=\"http:\/\/www.apucarana.pr.gov.br\/site\/wp-content\/uploads\/2025\/12\/1o-Seminario-de-Cafes-7-1024x683.jpg\" target=\"_self\"    >1\u00ba Seminario de Caf\u00e9s-7<\/a>\n\n\n\t<img decoding=\"async\" class=\"ms-thumb\" src=\"http:\/\/www.apucarana.pr.gov.br\/site\/wp-content\/uploads\/2025\/12\/1o-Seminario-de-Cafes-7-1024x683-140x80.jpg\" alt=\"1\u00ba Seminario de Caf\u00e9s-7\" \/>\n\t\t\t\t<\/div>\n\t\t\t<div  class=\"ms-slide\" data-delay=\"3\"    >\n\t\t\t\t\t<img decoding=\"async\" src=\"http:\/\/www.apucarana.pr.gov.br\/site\/wp-content\/plugins\/masterslider\/public\/assets\/css\/blank.gif\" alt=\"1\u00ba Seminario de Caf\u00e9s-8\" title=\"1\u00ba Seminario de Caf\u00e9s-8\" data-src=\"http:\/\/www.apucarana.pr.gov.br\/site\/wp-content\/uploads\/2025\/12\/1o-Seminario-de-Cafes-8-1024x683.jpg\" \/>\n\t<a href=\"http:\/\/www.apucarana.pr.gov.br\/site\/wp-content\/uploads\/2025\/12\/1o-Seminario-de-Cafes-8-1024x683.jpg\" target=\"_self\"    >1\u00ba Seminario de Caf\u00e9s-8<\/a>\n\n\n\t<img decoding=\"async\" class=\"ms-thumb\" src=\"http:\/\/www.apucarana.pr.gov.br\/site\/wp-content\/uploads\/2025\/12\/1o-Seminario-de-Cafes-8-1024x683-140x80.jpg\" alt=\"1\u00ba Seminario de Caf\u00e9s-8\" \/>\n\t\t\t\t<\/div>\n\t\t\t<div  class=\"ms-slide\" data-delay=\"3\"    >\n\t\t\t\t\t<img decoding=\"async\" src=\"http:\/\/www.apucarana.pr.gov.br\/site\/wp-content\/plugins\/masterslider\/public\/assets\/css\/blank.gif\" alt=\"1\u00ba Seminario de Caf\u00e9s-14\" title=\"1\u00ba Seminario de Caf\u00e9s-14\" data-src=\"http:\/\/www.apucarana.pr.gov.br\/site\/wp-content\/uploads\/2025\/12\/1o-Seminario-de-Cafes-14-1024x683.jpg\" \/>\n\t<a href=\"http:\/\/www.apucarana.pr.gov.br\/site\/wp-content\/uploads\/2025\/12\/1o-Seminario-de-Cafes-14-1024x683.jpg\" target=\"_self\"    >1\u00ba Seminario de Caf\u00e9s-14<\/a>\n\n\n\t<img decoding=\"async\" class=\"ms-thumb\" src=\"http:\/\/www.apucarana.pr.gov.br\/site\/wp-content\/uploads\/2025\/12\/1o-Seminario-de-Cafes-14-1024x683-140x80.jpg\" alt=\"1\u00ba Seminario de Caf\u00e9s-14\" \/>\n\t\t\t\t<\/div>\n\t\t\t<div  class=\"ms-slide\" data-delay=\"3\"    >\n\t\t\t\t\t<img decoding=\"async\" src=\"http:\/\/www.apucarana.pr.gov.br\/site\/wp-content\/plugins\/masterslider\/public\/assets\/css\/blank.gif\" alt=\"1\u00ba Seminario de Caf\u00e9s-17\" title=\"1\u00ba Seminario de Caf\u00e9s-17\" data-src=\"http:\/\/www.apucarana.pr.gov.br\/site\/wp-content\/uploads\/2025\/12\/1o-Seminario-de-Cafes-17-1024x683.jpg\" \/>\n\t<a href=\"http:\/\/www.apucarana.pr.gov.br\/site\/wp-content\/uploads\/2025\/12\/1o-Seminario-de-Cafes-17-1024x683.jpg\" target=\"_self\"    >1\u00ba Seminario de Caf\u00e9s-17<\/a>\n\n\n\t<img decoding=\"async\" class=\"ms-thumb\" src=\"http:\/\/www.apucarana.pr.gov.br\/site\/wp-content\/uploads\/2025\/12\/1o-Seminario-de-Cafes-17-1024x683-140x80.jpg\" alt=\"1\u00ba Seminario de Caf\u00e9s-17\" \/>\n\t\t\t\t<\/div>\n\t\t\t<div  class=\"ms-slide\" data-delay=\"3\"    >\n\t\t\t\t\t<img decoding=\"async\" src=\"http:\/\/www.apucarana.pr.gov.br\/site\/wp-content\/plugins\/masterslider\/public\/assets\/css\/blank.gif\" alt=\"1\u00ba Seminario de Caf\u00e9s-28\" title=\"1\u00ba Seminario de Caf\u00e9s-28\" data-src=\"http:\/\/www.apucarana.pr.gov.br\/site\/wp-content\/uploads\/2025\/12\/1o-Seminario-de-Cafes-28-1024x683.jpg\" \/>\n\t<a href=\"http:\/\/www.apucarana.pr.gov.br\/site\/wp-content\/uploads\/2025\/12\/1o-Seminario-de-Cafes-28-1024x683.jpg\" target=\"_self\"    >1\u00ba Seminario de Caf\u00e9s-28<\/a>\n\n\n\t<img decoding=\"async\" class=\"ms-thumb\" src=\"http:\/\/www.apucarana.pr.gov.br\/site\/wp-content\/uploads\/2025\/12\/1o-Seminario-de-Cafes-28-1024x683-140x80.jpg\" alt=\"1\u00ba Seminario de Caf\u00e9s-28\" \/>\n\t\t\t\t<\/div>\n\t\t\t<div  class=\"ms-slide\" data-delay=\"3\"    >\n\t\t\t\t\t<img decoding=\"async\" src=\"http:\/\/www.apucarana.pr.gov.br\/site\/wp-content\/plugins\/masterslider\/public\/assets\/css\/blank.gif\" alt=\"1\u00ba Seminario de Caf\u00e9s-32\" title=\"1\u00ba Seminario de Caf\u00e9s-32\" data-src=\"http:\/\/www.apucarana.pr.gov.br\/site\/wp-content\/uploads\/2025\/12\/1o-Seminario-de-Cafes-32-1024x683.jpg\" \/>\n\t<a href=\"http:\/\/www.apucarana.pr.gov.br\/site\/wp-content\/uploads\/2025\/12\/1o-Seminario-de-Cafes-32-1024x683.jpg\" target=\"_self\"    >1\u00ba Seminario de Caf\u00e9s-32<\/a>\n\n\n\t<img decoding=\"async\" class=\"ms-thumb\" src=\"http:\/\/www.apucarana.pr.gov.br\/site\/wp-content\/uploads\/2025\/12\/1o-Seminario-de-Cafes-32-1024x683-140x80.jpg\" alt=\"1\u00ba Seminario de Caf\u00e9s-32\" \/>\n\t\t\t\t<\/div>\n\t\t\t<div  class=\"ms-slide\" data-delay=\"3\"    >\n\t\t\t\t\t<img decoding=\"async\" src=\"http:\/\/www.apucarana.pr.gov.br\/site\/wp-content\/plugins\/masterslider\/public\/assets\/css\/blank.gif\" alt=\"1\u00ba Seminario de Caf\u00e9s-34\" title=\"1\u00ba Seminario de Caf\u00e9s-34\" data-src=\"http:\/\/www.apucarana.pr.gov.br\/site\/wp-content\/uploads\/2025\/12\/1o-Seminario-de-Cafes-34-1024x683.jpg\" \/>\n\t<a href=\"http:\/\/www.apucarana.pr.gov.br\/site\/wp-content\/uploads\/2025\/12\/1o-Seminario-de-Cafes-34-1024x683.jpg\" target=\"_self\"    >1\u00ba Seminario de Caf\u00e9s-34<\/a>\n\n\n\t<img decoding=\"async\" class=\"ms-thumb\" src=\"http:\/\/www.apucarana.pr.gov.br\/site\/wp-content\/uploads\/2025\/12\/1o-Seminario-de-Cafes-34-1024x683-140x80.jpg\" alt=\"1\u00ba Seminario de Caf\u00e9s-34\" \/>\n\t\t\t\t<\/div>\n\t\t\t<div  class=\"ms-slide\" data-delay=\"3\"    >\n\t\t\t\t\t<img decoding=\"async\" src=\"http:\/\/www.apucarana.pr.gov.br\/site\/wp-content\/plugins\/masterslider\/public\/assets\/css\/blank.gif\" alt=\"1\u00ba Seminario de Caf\u00e9s-37\" title=\"1\u00ba Seminario de Caf\u00e9s-37\" data-src=\"http:\/\/www.apucarana.pr.gov.br\/site\/wp-content\/uploads\/2025\/12\/1o-Seminario-de-Cafes-37-1024x683.jpg\" \/>\n\t<a href=\"http:\/\/www.apucarana.pr.gov.br\/site\/wp-content\/uploads\/2025\/12\/1o-Seminario-de-Cafes-37-1024x683.jpg\" target=\"_self\"    >1\u00ba Seminario de Caf\u00e9s-37<\/a>\n\n\n\t<img decoding=\"async\" class=\"ms-thumb\" src=\"http:\/\/www.apucarana.pr.gov.br\/site\/wp-content\/uploads\/2025\/12\/1o-Seminario-de-Cafes-37-1024x683-140x80.jpg\" alt=\"1\u00ba Seminario de Caf\u00e9s-37\" \/>\n\t\t\t\t<\/div>\n\t\t\t<div  class=\"ms-slide\" data-delay=\"3\"    >\n\t\t\t\t\t<img decoding=\"async\" src=\"http:\/\/www.apucarana.pr.gov.br\/site\/wp-content\/plugins\/masterslider\/public\/assets\/css\/blank.gif\" alt=\"1\u00ba Seminario de Caf\u00e9s-38\" title=\"1\u00ba Seminario de Caf\u00e9s-38\" data-src=\"http:\/\/www.apucarana.pr.gov.br\/site\/wp-content\/uploads\/2025\/12\/1o-Seminario-de-Cafes-38-1024x683.jpg\" \/>\n\t<a href=\"http:\/\/www.apucarana.pr.gov.br\/site\/wp-content\/uploads\/2025\/12\/1o-Seminario-de-Cafes-38-1024x683.jpg\" target=\"_self\"    >1\u00ba Seminario de Caf\u00e9s-38<\/a>\n\n\n\t<img decoding=\"async\" class=\"ms-thumb\" src=\"http:\/\/www.apucarana.pr.gov.br\/site\/wp-content\/uploads\/2025\/12\/1o-Seminario-de-Cafes-38-1024x683-140x80.jpg\" alt=\"1\u00ba Seminario de Caf\u00e9s-38\" \/>\n\t\t\t\t<\/div>\n\t\t\t<div  class=\"ms-slide\" data-delay=\"3\"    >\n\t\t\t\t\t<img decoding=\"async\" src=\"http:\/\/www.apucarana.pr.gov.br\/site\/wp-content\/plugins\/masterslider\/public\/assets\/css\/blank.gif\" alt=\"1\u00ba Seminario de Caf\u00e9s-39\" title=\"1\u00ba Seminario de Caf\u00e9s-39\" data-src=\"http:\/\/www.apucarana.pr.gov.br\/site\/wp-content\/uploads\/2025\/12\/1o-Seminario-de-Cafes-39-1024x683.jpg\" \/>\n\t<a href=\"http:\/\/www.apucarana.pr.gov.br\/site\/wp-content\/uploads\/2025\/12\/1o-Seminario-de-Cafes-39-1024x683.jpg\" target=\"_self\"    >1\u00ba Seminario de Caf\u00e9s-39<\/a>\n\n\n\t<img decoding=\"async\" class=\"ms-thumb\" src=\"http:\/\/www.apucarana.pr.gov.br\/site\/wp-content\/uploads\/2025\/12\/1o-Seminario-de-Cafes-39-1024x683-140x80.jpg\" alt=\"1\u00ba Seminario de Caf\u00e9s-39\" \/>\n\t\t\t\t<\/div>\n\t\t\t<div  class=\"ms-slide\" data-delay=\"3\"    >\n\t\t\t\t\t<img decoding=\"async\" src=\"http:\/\/www.apucarana.pr.gov.br\/site\/wp-content\/plugins\/masterslider\/public\/assets\/css\/blank.gif\" alt=\"1\u00ba Seminario de Caf\u00e9s-40\" title=\"1\u00ba Seminario de Caf\u00e9s-40\" data-src=\"http:\/\/www.apucarana.pr.gov.br\/site\/wp-content\/uploads\/2025\/12\/1o-Seminario-de-Cafes-40-1024x683.jpg\" \/>\n\t<a href=\"http:\/\/www.apucarana.pr.gov.br\/site\/wp-content\/uploads\/2025\/12\/1o-Seminario-de-Cafes-40-1024x683.jpg\" target=\"_self\"    >1\u00ba Seminario de Caf\u00e9s-40<\/a>\n\n\n\t<img decoding=\"async\" class=\"ms-thumb\" src=\"http:\/\/www.apucarana.pr.gov.br\/site\/wp-content\/uploads\/2025\/12\/1o-Seminario-de-Cafes-40-1024x683-140x80.jpg\" alt=\"1\u00ba Seminario de Caf\u00e9s-40\" \/>\n\t\t\t\t<\/div>\n\t\t\t<div  class=\"ms-slide\" data-delay=\"3\"    >\n\t\t\t\t\t<img decoding=\"async\" src=\"http:\/\/www.apucarana.pr.gov.br\/site\/wp-content\/plugins\/masterslider\/public\/assets\/css\/blank.gif\" alt=\"1\u00ba Seminario de Caf\u00e9s-43\" title=\"1\u00ba Seminario de Caf\u00e9s-43\" data-src=\"http:\/\/www.apucarana.pr.gov.br\/site\/wp-content\/uploads\/2025\/12\/1o-Seminario-de-Cafes-43-1024x683.jpg\" \/>\n\t<a href=\"http:\/\/www.apucarana.pr.gov.br\/site\/wp-content\/uploads\/2025\/12\/1o-Seminario-de-Cafes-43-1024x683.jpg\" target=\"_self\"    >1\u00ba Seminario de Caf\u00e9s-43<\/a>\n\n\n\t<img decoding=\"async\" class=\"ms-thumb\" src=\"http:\/\/www.apucarana.pr.gov.br\/site\/wp-content\/uploads\/2025\/12\/1o-Seminario-de-Cafes-43-1024x683-140x80.jpg\" alt=\"1\u00ba Seminario de Caf\u00e9s-43\" \/>\n\t\t\t\t<\/div>\n\t\t\t<div  class=\"ms-slide\" data-delay=\"3\"    >\n\t\t\t\t\t<img decoding=\"async\" src=\"http:\/\/www.apucarana.pr.gov.br\/site\/wp-content\/plugins\/masterslider\/public\/assets\/css\/blank.gif\" alt=\"1\u00ba Seminario de Caf\u00e9s-46\" title=\"1\u00ba Seminario de Caf\u00e9s-46\" data-src=\"http:\/\/www.apucarana.pr.gov.br\/site\/wp-content\/uploads\/2025\/12\/1o-Seminario-de-Cafes-46-1024x683.jpg\" \/>\n\t<a href=\"http:\/\/www.apucarana.pr.gov.br\/site\/wp-content\/uploads\/2025\/12\/1o-Seminario-de-Cafes-46-1024x683.jpg\" target=\"_self\"    >1\u00ba Seminario de Caf\u00e9s-46<\/a>\n\n\n\t<img decoding=\"async\" class=\"ms-thumb\" src=\"http:\/\/www.apucarana.pr.gov.br\/site\/wp-content\/uploads\/2025\/12\/1o-Seminario-de-Cafes-46-1024x683-140x80.jpg\" alt=\"1\u00ba Seminario de Caf\u00e9s-46\" \/>\n\t\t\t\t<\/div>\n\t\t\t<div  class=\"ms-slide\" data-delay=\"3\"    >\n\t\t\t\t\t<img decoding=\"async\" src=\"http:\/\/www.apucarana.pr.gov.br\/site\/wp-content\/plugins\/masterslider\/public\/assets\/css\/blank.gif\" alt=\"1\u00ba Seminario de Caf\u00e9s-48\" title=\"1\u00ba Seminario de Caf\u00e9s-48\" data-src=\"http:\/\/www.apucarana.pr.gov.br\/site\/wp-content\/uploads\/2025\/12\/1o-Seminario-de-Cafes-48-1024x683.jpg\" \/>\n\t<a href=\"http:\/\/www.apucarana.pr.gov.br\/site\/wp-content\/uploads\/2025\/12\/1o-Seminario-de-Cafes-48-1024x683.jpg\" target=\"_self\"    >1\u00ba Seminario de Caf\u00e9s-48<\/a>\n\n\n\t<img decoding=\"async\" class=\"ms-thumb\" src=\"http:\/\/www.apucarana.pr.gov.br\/site\/wp-content\/uploads\/2025\/12\/1o-Seminario-de-Cafes-48-1024x683-140x80.jpg\" alt=\"1\u00ba Seminario de Caf\u00e9s-48\" \/>\n\t\t\t\t<\/div>\n\t\t\t<div  class=\"ms-slide\" data-delay=\"3\"    >\n\t\t\t\t\t<img decoding=\"async\" src=\"http:\/\/www.apucarana.pr.gov.br\/site\/wp-content\/plugins\/masterslider\/public\/assets\/css\/blank.gif\" alt=\"1\u00ba Seminario de Caf\u00e9s-49\" title=\"1\u00ba Seminario de Caf\u00e9s-49\" data-src=\"http:\/\/www.apucarana.pr.gov.br\/site\/wp-content\/uploads\/2025\/12\/1o-Seminario-de-Cafes-49-1024x683.jpg\" \/>\n\t<a href=\"http:\/\/www.apucarana.pr.gov.br\/site\/wp-content\/uploads\/2025\/12\/1o-Seminario-de-Cafes-49-1024x683.jpg\" target=\"_self\"    >1\u00ba Seminario de Caf\u00e9s-49<\/a>\n\n\n\t<img decoding=\"async\" class=\"ms-thumb\" src=\"http:\/\/www.apucarana.pr.gov.br\/site\/wp-content\/uploads\/2025\/12\/1o-Seminario-de-Cafes-49-1024x683-140x80.jpg\" alt=\"1\u00ba Seminario de Caf\u00e9s-49\" \/>\n\t\t\t\t<\/div>\n\t\t\t<div  class=\"ms-slide\" data-delay=\"3\"    >\n\t\t\t\t\t<img decoding=\"async\" src=\"http:\/\/www.apucarana.pr.gov.br\/site\/wp-content\/plugins\/masterslider\/public\/assets\/css\/blank.gif\" alt=\"1\u00ba Seminario de Caf\u00e9s-52\" title=\"1\u00ba Seminario de Caf\u00e9s-52\" data-src=\"http:\/\/www.apucarana.pr.gov.br\/site\/wp-content\/uploads\/2025\/12\/1o-Seminario-de-Cafes-52-1024x683.jpg\" \/>\n\t<a href=\"http:\/\/www.apucarana.pr.gov.br\/site\/wp-content\/uploads\/2025\/12\/1o-Seminario-de-Cafes-52-1024x683.jpg\" target=\"_self\"    >1\u00ba Seminario de Caf\u00e9s-52<\/a>\n\n\n\t<img decoding=\"async\" class=\"ms-thumb\" src=\"http:\/\/www.apucarana.pr.gov.br\/site\/wp-content\/uploads\/2025\/12\/1o-Seminario-de-Cafes-52-1024x683-140x80.jpg\" alt=\"1\u00ba Seminario de Caf\u00e9s-52\" \/>\n\t\t\t\t<\/div>\n\t\t\t<div  class=\"ms-slide\" data-delay=\"3\"    >\n\t\t\t\t\t<img decoding=\"async\" src=\"http:\/\/www.apucarana.pr.gov.br\/site\/wp-content\/plugins\/masterslider\/public\/assets\/css\/blank.gif\" alt=\"1\u00ba Seminario de Caf\u00e9s-53\" title=\"1\u00ba Seminario de Caf\u00e9s-53\" data-src=\"http:\/\/www.apucarana.pr.gov.br\/site\/wp-content\/uploads\/2025\/12\/1o-Seminario-de-Cafes-53-1024x683.jpg\" \/>\n\t<a href=\"http:\/\/www.apucarana.pr.gov.br\/site\/wp-content\/uploads\/2025\/12\/1o-Seminario-de-Cafes-53-1024x683.jpg\" target=\"_self\"    >1\u00ba Seminario de Caf\u00e9s-53<\/a>\n\n\n\t<img decoding=\"async\" class=\"ms-thumb\" src=\"http:\/\/www.apucarana.pr.gov.br\/site\/wp-content\/uploads\/2025\/12\/1o-Seminario-de-Cafes-53-1024x683-140x80.jpg\" alt=\"1\u00ba Seminario de Caf\u00e9s-53\" \/>\n\t\t\t\t<\/div>\n\t\t\t<div  class=\"ms-slide\" data-delay=\"3\"    >\n\t\t\t\t\t<img decoding=\"async\" src=\"http:\/\/www.apucarana.pr.gov.br\/site\/wp-content\/plugins\/masterslider\/public\/assets\/css\/blank.gif\" alt=\"1\u00ba Seminario de Caf\u00e9s-54\" title=\"1\u00ba Seminario de Caf\u00e9s-54\" data-src=\"http:\/\/www.apucarana.pr.gov.br\/site\/wp-content\/uploads\/2025\/12\/1o-Seminario-de-Cafes-54-1024x683.jpg\" \/>\n\t<a href=\"http:\/\/www.apucarana.pr.gov.br\/site\/wp-content\/uploads\/2025\/12\/1o-Seminario-de-Cafes-54-1024x683.jpg\" target=\"_self\"    >1\u00ba Seminario de Caf\u00e9s-54<\/a>\n\n\n\t<img decoding=\"async\" class=\"ms-thumb\" src=\"http:\/\/www.apucarana.pr.gov.br\/site\/wp-content\/uploads\/2025\/12\/1o-Seminario-de-Cafes-54-1024x683-140x80.jpg\" alt=\"1\u00ba Seminario de Caf\u00e9s-54\" \/>\n\t\t\t\t<\/div>\n\t\t\t<div  class=\"ms-slide\" data-delay=\"3\"    >\n\t\t\t\t\t<img decoding=\"async\" src=\"http:\/\/www.apucarana.pr.gov.br\/site\/wp-content\/plugins\/masterslider\/public\/assets\/css\/blank.gif\" alt=\"1\u00ba Seminario de Caf\u00e9s-56\" title=\"1\u00ba Seminario de Caf\u00e9s-56\" data-src=\"http:\/\/www.apucarana.pr.gov.br\/site\/wp-content\/uploads\/2025\/12\/1o-Seminario-de-Cafes-56-1024x683.jpg\" \/>\n\t<a href=\"http:\/\/www.apucarana.pr.gov.br\/site\/wp-content\/uploads\/2025\/12\/1o-Seminario-de-Cafes-56-1024x683.jpg\" target=\"_self\"    >1\u00ba Seminario de Caf\u00e9s-56<\/a>\n\n\n\t<img decoding=\"async\" class=\"ms-thumb\" src=\"http:\/\/www.apucarana.pr.gov.br\/site\/wp-content\/uploads\/2025\/12\/1o-Seminario-de-Cafes-56-1024x683-140x80.jpg\" alt=\"1\u00ba Seminario de Caf\u00e9s-56\" \/>\n\t\t\t\t<\/div>\n\t\t\t<div  class=\"ms-slide\" data-delay=\"3\"    >\n\t\t\t\t\t<img decoding=\"async\" src=\"http:\/\/www.apucarana.pr.gov.br\/site\/wp-content\/plugins\/masterslider\/public\/assets\/css\/blank.gif\" alt=\"1\u00ba Seminario de Caf\u00e9s-57\" title=\"1\u00ba Seminario de Caf\u00e9s-57\" data-src=\"http:\/\/www.apucarana.pr.gov.br\/site\/wp-content\/uploads\/2025\/12\/1o-Seminario-de-Cafes-57-1024x669.jpg\" \/>\n\t<a href=\"http:\/\/www.apucarana.pr.gov.br\/site\/wp-content\/uploads\/2025\/12\/1o-Seminario-de-Cafes-57-1024x669.jpg\" target=\"_self\"    >1\u00ba Seminario de Caf\u00e9s-57<\/a>\n\n\n\t<img decoding=\"async\" class=\"ms-thumb\" src=\"http:\/\/www.apucarana.pr.gov.br\/site\/wp-content\/uploads\/2025\/12\/1o-Seminario-de-Cafes-57-1024x669-140x80.jpg\" alt=\"1\u00ba Seminario de Caf\u00e9s-57\" \/>\n\t\t\t\t<\/div>\n\t\t\t<div  class=\"ms-slide\" data-delay=\"3\"    >\n\t\t\t\t\t<img decoding=\"async\" src=\"http:\/\/www.apucarana.pr.gov.br\/site\/wp-content\/plugins\/masterslider\/public\/assets\/css\/blank.gif\" alt=\"7d1a7d60-0cc1-4f22-a77b-798104aa402f\" title=\"7d1a7d60-0cc1-4f22-a77b-798104aa402f\" data-src=\"http:\/\/www.apucarana.pr.gov.br\/site\/wp-content\/uploads\/2025\/12\/7d1a7d60-0cc1-4f22-a77b-798104aa402f-1-1024x473.jpeg\" \/>\n\t<a href=\"http:\/\/www.apucarana.pr.gov.br\/site\/wp-content\/uploads\/2025\/12\/7d1a7d60-0cc1-4f22-a77b-798104aa402f-1-1024x473.jpeg\" target=\"_self\"    >7d1a7d60-0cc1-4f22-a77b-798104aa402f<\/a>\n\n\n\t<img decoding=\"async\" class=\"ms-thumb\" src=\"http:\/\/www.apucarana.pr.gov.br\/site\/wp-content\/uploads\/2025\/12\/7d1a7d60-0cc1-4f22-a77b-798104aa402f-1-1024x473-140x80.jpeg\" alt=\"7d1a7d60-0cc1-4f22-a77b-798104aa402f\" \/>\n\t\t\t\t<\/div>\n\t\t\t<div  class=\"ms-slide\" data-delay=\"3\"    >\n\t\t\t\t\t<img decoding=\"async\" src=\"http:\/\/www.apucarana.pr.gov.br\/site\/wp-content\/plugins\/masterslider\/public\/assets\/css\/blank.gif\" alt=\"fc45505d-5c20-4f7f-ba07-4c7c648a8c02\" title=\"fc45505d-5c20-4f7f-ba07-4c7c648a8c02\" data-src=\"http:\/\/www.apucarana.pr.gov.br\/site\/wp-content\/uploads\/2025\/12\/fc45505d-5c20-4f7f-ba07-4c7c648a8c02-1024x473.jpeg\" \/>\n\t<a href=\"http:\/\/www.apucarana.pr.gov.br\/site\/wp-content\/uploads\/2025\/12\/fc45505d-5c20-4f7f-ba07-4c7c648a8c02-1024x473.jpeg\" target=\"_self\"    >fc45505d-5c20-4f7f-ba07-4c7c648a8c02<\/a>\n\n\n\t<img decoding=\"async\" class=\"ms-thumb\" src=\"http:\/\/www.apucarana.pr.gov.br\/site\/wp-content\/uploads\/2025\/12\/fc45505d-5c20-4f7f-ba07-4c7c648a8c02-1024x473-140x80.jpeg\" alt=\"fc45505d-5c20-4f7f-ba07-4c7c648a8c02\" \/>\n\t\t\t\t<\/div>\n\n\t\t\t<\/div>\n\t\t\t<!-- END MasterSlider Main -->\n\n\t\t\t \n\t\t<\/div>\n\t\t<!-- END MasterSlider -->\n\n\t\t<script>\n\t\t( window.MSReady = window.MSReady || [] ).push( function( $ ) {\n\n\t\t\t\"use strict\";\n\t\t\tvar masterslider_5f43 = new MasterSlider();\n\n\t\t\t\/\/ slider controls\n\t\t\tmasterslider_5f43.control('arrows'     ,{ autohide:true, overVideo:true  });\n\t\t\tmasterslider_5f43.control('thumblist'  ,{ autohide:false, overVideo:true, dir:'h', speed:17, inset:false, arrows:false, hover:false, customClass:'', align:'bottom',type:'thumbs', margin:2, width:140, height:80, space:2, fillMode:'fill'  });\n\t\t\t\/\/ slider setup\n\t\t\tmasterslider_5f43.setup(\"MS69ef9d12e5f43\", {\n\t\t\t\twidth           : 960,\n\t\t\t\theight          : 540,\n\t\t\t\tminHeight       : 0,\n\t\t\t\tspace           : 0,\n\t\t\t\tstart           : 1,\n\t\t\t\tgrabCursor      : true,\n\t\t\t\tswipe           : true,\n\t\t\t\tmouse           : true,\n\t\t\t\tkeyboard        : false,\n\t\t\t\tlayout          : \"fillwidth\",\n\t\t\t\twheel           : false,\n\t\t\t\tautoplay        : true,\n                instantStartLayers:false,\n\t\t\t\tmobileBGVideo:false,\n\t\t\t\tloop            : true,\n\t\t\t\tshuffle         : false,\n\t\t\t\tpreload         : 3,\n\t\t\t\theightLimit     : false,\n\t\t\t\tautoHeight      : false,\n\t\t\t\tsmoothHeight    : true,\n\t\t\t\tendPause        : false,\n\t\t\t\toverPause       : false,\n\t\t\t\tfillMode        : \"fill\",\n\t\t\t\tcenterControls  : true,\n\t\t\t\tstartOnAppear   : false,\n\t\t\t\tlayersMode      : \"center\",\n\t\t\t\tautofillTarget  : \"\",\n\t\t\t\thideLayers      : false,\n\t\t\t\tfullscreenMargin: 0,\n\t\t\t\tspeed           : 17,\n\t\t\t\tdir             : \"h\",\n\t\t\t\tresponsive      : true,\n\t\t\t\ttabletWidth     : 768,\n\t\t\t\ttabletHeight    : null,\n\t\t\t\tphoneWidth      : 480,\n\t\t\t\tphoneHeight    : null,\n\t\t\t\tsizingReference : window,\n\t\t\t\tparallaxMode    : 'swipe',\n\t\t\t\tview            : \"basic\"\n\t\t\t});\n\n\t\t\t\n\t\t\twindow.masterslider_instances = window.masterslider_instances || [];\n\t\t\twindow.masterslider_instances.push( masterslider_5f43 );\n\t\t});\n\t\t<\/script>\n\n\n<p>A Sociedade Rural de Apucarana recebeu nesta ter\u00e7a-feira (02\/12) o 1\u00ba Semin\u00e1rio de Caf\u00e9s Especiais da Regi\u00e3o de Apucarana. Uma realiza\u00e7\u00e3o do Servi\u00e7o Brasileiro de Apoio \u00e0s Micros e Pequenas Empresas (Sebrae), da Prefeitura de Apucarana, atrav\u00e9s das secretarias municipais da Agricultura e da Ind\u00fastria, Com\u00e9rcio e Servi\u00e7os, e Instituto de Desenvolvimento Rural do Paran\u00e1 (IDR) \u2013 IAPAR \u2013 EMATER, al\u00e9m de palestras t\u00e9cnicas, um dos destaques do evento foi a premia\u00e7\u00e3o dos melhores caf\u00e9s da regi\u00e3o, em um espa\u00e7o de troca de conhecimento, experi\u00eancias e neg\u00f3cios pensado para refor\u00e7ar a identidade local e impulsionar o mercado regional de caf\u00e9s especiais.<\/p>\n<p>Com um j\u00fari composto por 10 cafeterias de Apucarana, foram avaliadas \u201csensorialmente\u201d 23 amostras inscritas por cafeicultores de Apucarana, Cambira, Calif\u00f3rnia e Jandaia do Sul, sendo que o primeiro lugar foi conquistado por Izabel de Souza Navarro, de Jandaia do Sul. Al\u00e9m do reconhecimento, a produtora rural faturou R$2,4 mil. J\u00e1 o segundo lugar ficou com Diva Aparecida Mioto de Souza, de Apucarana (R$1,7 mil), enquanto Paulo de Castro, de Jandaia do Sul, garantiu a terceira coloca\u00e7\u00e3o (R$1,4 mil). Diane Fernandes Fornaciari, de Apucarana, ficou em quarto lugar (R$1 mil), e Samuel Bartolomeu Fiorucci, de Jandaia do Sul, completou o p\u00f3dio na quinta posi\u00e7\u00e3o (R$900).<\/p>\n<p>Presente na abertura, o prefeito Rodolfo Mota destacou que a iniciativa refor\u00e7a a transforma\u00e7\u00e3o pela qual a cafeicultura regional vem passando. \u201cApucarana tem uma hist\u00f3ria ligada ao caf\u00e9 e ver esse movimento de valoriza\u00e7\u00e3o da qualidade, da inova\u00e7\u00e3o e da profissionaliza\u00e7\u00e3o mostra que estamos no caminho certo. Quando reunimos produtores, t\u00e9cnicos, cafeterias e institui\u00e7\u00f5es, criamos um ambiente que impulsiona a renda no campo, fortalece a economia local e projeta a nossa regi\u00e3o para novos mercados. A gest\u00e3o tem trabalhado para apoiar quem produz, gerar oportunidades e cuidar das pessoas, e eventos como este demonstram que investir em conhecimento e organiza\u00e7\u00e3o faz toda a diferen\u00e7a para o futuro da cafeicultura\u201d, afirmou, assinalando que atualmente a regi\u00e3o conta com 2.026 hectares de caf\u00e9, produzindo em m\u00e9dia 1.800 quilos por hectare.<\/p>\n<p>O assessor Regional de Projetos do IDR-Paran\u00e1, em Apucarana, Adilson Novaes, representou o Chefe Regional do N\u00facleo da Seab Apucarana Cristovon Videira Rip\u00f3l e o Gerente Regional do IDR- Paran\u00e1, Luiz Marcelo Franzin. \u201c\u00c9 uma imensa alegria e satisfa\u00e7\u00e3o para n\u00f3s, do IDR Paran\u00e1, poder estar contribuindo junto \u00e0 cafeicultura do nosso munic\u00edpio e nossa regi\u00e3o. Temos aqui excelentes cafeicultores, prova disso s\u00e3o os produtores que ganham pr\u00eamios estaduais, comprovando a qualidade do nosso caf\u00e9 e da import\u00e2ncia da assist\u00eancia t\u00e9cnica recebida atrav\u00e9s do IDR e das secretarias dos munic\u00edpios\u201d, disse.<\/p>\n<p>O governado Ratinho J\u00fanior esteve representado pelo superintendente da Secretaria de Estado das Cidades, Ricardo Maia, que destacou o compromisso do Governo do Paran\u00e1 com os produtores rurais e com o fortalecimento da agricultura regional. \u201cEm nome do governador Ratinho Junior, reafirmo o compromisso do Estado com aqueles que produzem e trabalham diariamente para gerar riqueza no Paran\u00e1. O governo tem ampliado a\u00e7\u00f5es de apoio ao campo, com a extens\u00e3o rural desenvolvida pelo IDR, os programas conduzidos pela Adapar, os investimentos em eletrifica\u00e7\u00e3o trif\u00e1sica, fundamentais para reduzir quedas de energia, al\u00e9m do Irriga Paran\u00e1, do Asfalto Rural e da retomada da patrulha mecanizada em parceria com as prefeituras\u201d, afirmou.<\/p>\n<p>O consultor do Sebrae Apucarana, Tiago Cunha, ressaltou que o semin\u00e1rio \u00e9 fruto de um esfor\u00e7o conjunto entre institui\u00e7\u00f5es e produtores, voltado ao fortalecimento de toda a cadeia do caf\u00e9. \u201cNosso prop\u00f3sito \u00e9 aproximar cafeicultores e cafeterias, gerando novas oportunidades de neg\u00f3cio e ampliando a presen\u00e7a do caf\u00e9 de Apucarana no mercado. O Sebrae tem atuado diretamente nesse processo, inclusive no projeto de Indica\u00e7\u00e3o Geogr\u00e1fica desenvolvido com a Associa\u00e7\u00e3o de Cafeicultores de Apucarana (ACAP) e com o apoio da Prefeitura. Queremos consolidar este semin\u00e1rio como um evento anual, refor\u00e7ando a visibilidade e o prest\u00edgio da cafeicultura regional\u201d, afirmou.<\/p>\n<p><strong>Homenagens <\/strong>\u2013 Durante o evento tamb\u00e9m foram entregues homenagens a cafeicultores premiados na categoria Caf\u00e9 Natural durante a 23\u00aa edi\u00e7\u00e3o do Concurso Caf\u00e9 Qualidade Paran\u00e1, realizado no dia 25 de novembro em Curitiba, competi\u00e7\u00e3o que envolveu a an\u00e1lise de mais de 100 amostras enviadas por produtores paranaenses. Na ocasi\u00e3o, a cafeicultora apucaranense Fl\u00e1via Guimar\u00e3es da Silva Rosa conquistou o primeiro lugar e o produtor Valdeci Navarro, de Jandaia do Sul, ficou na quinta posi\u00e7\u00e3o.<\/p>\n<p>Tamb\u00e9m foram homenageados os extensionistas do IDR\/PR, Marco Casini, Leandro Ara\u00fajo e Mauro Rodrigues, que atuam diretamente junto aos cafeicultores da regi\u00e3o, que receberam uma lembran\u00e7a das m\u00e3os do cafeicultor Carlos Bovo, presidente da Associa\u00e7\u00e3o de Cafeicultores de Apucarana (ACAP) e do extensionista Ov\u00eddio Barbosa.<\/p>\n<p><strong>Exposi\u00e7\u00e3o<\/strong> \u2013 O curso de Engenharia de Alimentos da Universidade Federal do Paran\u00e1 \u2013 campus Jandaia do Sul (UFPR Jandaia do Sul), por meio do Projeto BioSens: Brincando com as cores dos alimentos, em conjunto com a Oficina de Artes Pl\u00e1sticas do Departamento de Cultura de Jandaia do Sul, esteve presente no evento com exposi\u00e7\u00e3o de artes com tinta de caf\u00e9.<\/p>\n<p><strong>Presen\u00e7as<\/strong> \u2013 Entre as autoridades presentes estiveram os secret\u00e1rios municipais de Apucarana Wendel Metta (Agricultura), Emerson Toledo Pires (Ind\u00fastria, Com\u00e9rcio e Servi\u00e7os), o vice-prefeito de Cambira, Ricardinho da Cafeeira, os vereadores apucaranenses Mois\u00e9s Tavares e Gabriel Caldeira, o diretor do Campus Jandaia do Sul da UFPR, professor Sim\u00e3o Nicolau Stelmastchuk, o presidente da Cresol, Claudomiro Garcia, o diretor comercial do Caf\u00e9 Jandaia, Sidney F\u00e1varo e o representante do Caf\u00e9 Bela Esperan\u00e7a.<\/p>\n<p><strong>Patrocinadores e apoiadores<\/strong> \u2013 Os patrocinadores do semin\u00e1rio foram a cooperativa CRESOL, Caf\u00e9 Jandaia e Caf\u00e9 Bela Esperan\u00e7a, sendo os apoiadores a Universidade Federal do Paran\u00e1 \u2013 UFPR Campus Jandaia do Sul, Associa\u00e7\u00e3o Comercial, Industrial e de Servi\u00e7os de Apucarana (Acia) e Associa\u00e7\u00e3o de Cafeicultores de Apucarana (ACAP).<\/p>\n","protected":false},"excerpt":{"rendered":"<p>A Sociedade Rural de Apucarana recebeu nesta ter&ccedil;a-feira (02\/12) o 1&ordm; Semin&aacute;rio de Caf&eacute;s Especiais da Regi&atilde;o de Apucarana. Uma realiza&ccedil;&atilde;o do Servi&ccedil;o Brasileiro de Apoio &agrave;s Micros e Pequenas Empresas (Sebrae), da Prefeitura de Apucarana, atrav&eacute;s das secretarias municipais da Agricultura e da Ind&uacute;stria, Com&eacute;rcio e Servi&ccedil;os, e Instituto de Desenvolvimento Rural do Paran&aacute; [&hellip;]<\/p>\n","protected":false},"author":7,"featured_media":120869,"comment_status":"closed","ping_status":"closed","sticky":false,"template":"","format":"standard","meta":{"footnotes":""},"categories":[24],"tags":[],"class_list":["post-120862","post","type-post","status-publish","format-standard","has-post-thumbnail","hentry","category-noticias"],"acf":[],"_links":{"self":[{"href":"http:\/\/www.apucarana.pr.gov.br\/site\/wp-json\/wp\/v2\/posts\/120862","targetHints":{"allow":["GET"]}}],"collection":[{"href":"http:\/\/www.apucarana.pr.gov.br\/site\/wp-json\/wp\/v2\/posts"}],"about":[{"href":"http:\/\/www.apucarana.pr.gov.br\/site\/wp-json\/wp\/v2\/types\/post"}],"author":[{"embeddable":true,"href":"http:\/\/www.apucarana.pr.gov.br\/site\/wp-json\/wp\/v2\/users\/7"}],"replies":[{"embeddable":true,"href":"http:\/\/www.apucarana.pr.gov.br\/site\/wp-json\/wp\/v2\/comments?post=120862"}],"version-history":[{"count":3,"href":"http:\/\/www.apucarana.pr.gov.br\/site\/wp-json\/wp\/v2\/posts\/120862\/revisions"}],"predecessor-version":[{"id":120892,"href":"http:\/\/www.apucarana.pr.gov.br\/site\/wp-json\/wp\/v2\/posts\/120862\/revisions\/120892"}],"wp:featuredmedia":[{"embeddable":true,"href":"http:\/\/www.apucarana.pr.gov.br\/site\/wp-json\/wp\/v2\/media\/120869"}],"wp:attachment":[{"href":"http:\/\/www.apucarana.pr.gov.br\/site\/wp-json\/wp\/v2\/media?parent=120862"}],"wp:term":[{"taxonomy":"category","embeddable":true,"href":"http:\/\/www.apucarana.pr.gov.br\/site\/wp-json\/wp\/v2\/categories?post=120862"},{"taxonomy":"post_tag","embeddable":true,"href":"http:\/\/www.apucarana.pr.gov.br\/site\/wp-json\/wp\/v2\/tags?post=120862"}],"curies":[{"name":"wp","href":"https:\/\/api.w.org\/{rel}","templated":true}]}}