{"id":120850,"date":"2025-12-02T11:14:49","date_gmt":"2025-12-02T14:14:49","guid":{"rendered":"https:\/\/www.apucarana.pr.gov.br\/site\/?p=120850"},"modified":"2025-12-02T11:14:49","modified_gmt":"2025-12-02T14:14:49","slug":"apucarana-realiza-grande-formatura-das-turmas-do-5o-ano-do-ensino-fundamental","status":"publish","type":"post","link":"http:\/\/www.apucarana.pr.gov.br\/site\/apucarana-realiza-grande-formatura-das-turmas-do-5o-ano-do-ensino-fundamental\/","title":{"rendered":"Apucarana realiza grande formatura das turmas do 5\u00ba Ano do Ensino Fundamental"},"content":{"rendered":"\n\t\t<!-- MasterSlider -->\n\t\t<div id=\"P_MS69ef9d128b3bd\" class=\"master-slider-parent master-slider-gallery   ms-parent-id-0\" style=\"\" >\n\n\t\t\t\n\t\t\t<!-- MasterSlider Main -->\n\t\t\t<div id=\"MS69ef9d128b3bd\" class=\"master-slider ms-skin-default\" >\n\t\t\t\t \t\t\t\t \n\t\t\t<div  class=\"ms-slide\" data-delay=\"3\"    >\n\t\t\t\t\t<img decoding=\"async\" src=\"http:\/\/www.apucarana.pr.gov.br\/site\/wp-content\/plugins\/masterslider\/public\/assets\/css\/blank.gif\" alt=\"formatura-4\" title=\"formatura-4\" data-src=\"http:\/\/www.apucarana.pr.gov.br\/site\/wp-content\/uploads\/2025\/12\/formatura-4-1024x683.jpg\" \/>\n\t<a href=\"http:\/\/www.apucarana.pr.gov.br\/site\/wp-content\/uploads\/2025\/12\/formatura-4-1024x683.jpg\" target=\"_self\"    >formatura-4<\/a>\n\n\n\t<img decoding=\"async\" class=\"ms-thumb\" src=\"http:\/\/www.apucarana.pr.gov.br\/site\/wp-content\/uploads\/2025\/12\/formatura-4-1024x683-140x80.jpg\" alt=\"formatura-4\" \/>\n\t\t\t\t<\/div>\n\t\t\t<div  class=\"ms-slide\" data-delay=\"3\"    >\n\t\t\t\t\t<img decoding=\"async\" src=\"http:\/\/www.apucarana.pr.gov.br\/site\/wp-content\/plugins\/masterslider\/public\/assets\/css\/blank.gif\" alt=\"formatura-8\" title=\"formatura-8\" data-src=\"http:\/\/www.apucarana.pr.gov.br\/site\/wp-content\/uploads\/2025\/12\/formatura-8-1024x683.jpg\" \/>\n\t<a href=\"http:\/\/www.apucarana.pr.gov.br\/site\/wp-content\/uploads\/2025\/12\/formatura-8-1024x683.jpg\" target=\"_self\"    >formatura-8<\/a>\n\n\n\t<img decoding=\"async\" class=\"ms-thumb\" src=\"http:\/\/www.apucarana.pr.gov.br\/site\/wp-content\/uploads\/2025\/12\/formatura-8-1024x683-140x80.jpg\" alt=\"formatura-8\" \/>\n\t\t\t\t<\/div>\n\t\t\t<div  class=\"ms-slide\" data-delay=\"3\"    >\n\t\t\t\t\t<img decoding=\"async\" src=\"http:\/\/www.apucarana.pr.gov.br\/site\/wp-content\/plugins\/masterslider\/public\/assets\/css\/blank.gif\" alt=\"formatura-11\" title=\"formatura-11\" data-src=\"http:\/\/www.apucarana.pr.gov.br\/site\/wp-content\/uploads\/2025\/12\/formatura-11-1024x683.jpg\" \/>\n\t<a href=\"http:\/\/www.apucarana.pr.gov.br\/site\/wp-content\/uploads\/2025\/12\/formatura-11-1024x683.jpg\" target=\"_self\"    >formatura-11<\/a>\n\n\n\t<img decoding=\"async\" class=\"ms-thumb\" src=\"http:\/\/www.apucarana.pr.gov.br\/site\/wp-content\/uploads\/2025\/12\/formatura-11-1024x683-140x80.jpg\" alt=\"formatura-11\" \/>\n\t\t\t\t<\/div>\n\t\t\t<div  class=\"ms-slide\" data-delay=\"3\"    >\n\t\t\t\t\t<img decoding=\"async\" src=\"http:\/\/www.apucarana.pr.gov.br\/site\/wp-content\/plugins\/masterslider\/public\/assets\/css\/blank.gif\" alt=\"formatura-14\" title=\"formatura-14\" data-src=\"http:\/\/www.apucarana.pr.gov.br\/site\/wp-content\/uploads\/2025\/12\/formatura-14-1024x683.jpg\" \/>\n\t<a href=\"http:\/\/www.apucarana.pr.gov.br\/site\/wp-content\/uploads\/2025\/12\/formatura-14-1024x683.jpg\" target=\"_self\"    >formatura-14<\/a>\n\n\n\t<img decoding=\"async\" class=\"ms-thumb\" src=\"http:\/\/www.apucarana.pr.gov.br\/site\/wp-content\/uploads\/2025\/12\/formatura-14-1024x683-140x80.jpg\" alt=\"formatura-14\" \/>\n\t\t\t\t<\/div>\n\t\t\t<div  class=\"ms-slide\" data-delay=\"3\"    >\n\t\t\t\t\t<img decoding=\"async\" src=\"http:\/\/www.apucarana.pr.gov.br\/site\/wp-content\/plugins\/masterslider\/public\/assets\/css\/blank.gif\" alt=\"formatura-21\" title=\"formatura-21\" data-src=\"http:\/\/www.apucarana.pr.gov.br\/site\/wp-content\/uploads\/2025\/12\/formatura-21-1024x683.jpg\" \/>\n\t<a href=\"http:\/\/www.apucarana.pr.gov.br\/site\/wp-content\/uploads\/2025\/12\/formatura-21-1024x683.jpg\" target=\"_self\"    >formatura-21<\/a>\n\n\n\t<img decoding=\"async\" class=\"ms-thumb\" src=\"http:\/\/www.apucarana.pr.gov.br\/site\/wp-content\/uploads\/2025\/12\/formatura-21-1024x683-140x80.jpg\" alt=\"formatura-21\" \/>\n\t\t\t\t<\/div>\n\t\t\t<div  class=\"ms-slide\" data-delay=\"3\"    >\n\t\t\t\t\t<img decoding=\"async\" src=\"http:\/\/www.apucarana.pr.gov.br\/site\/wp-content\/plugins\/masterslider\/public\/assets\/css\/blank.gif\" alt=\"formatura-22\" title=\"formatura-22\" data-src=\"http:\/\/www.apucarana.pr.gov.br\/site\/wp-content\/uploads\/2025\/12\/formatura-22-1024x683.jpg\" \/>\n\t<a href=\"http:\/\/www.apucarana.pr.gov.br\/site\/wp-content\/uploads\/2025\/12\/formatura-22-1024x683.jpg\" target=\"_self\"    >formatura-22<\/a>\n\n\n\t<img decoding=\"async\" class=\"ms-thumb\" src=\"http:\/\/www.apucarana.pr.gov.br\/site\/wp-content\/uploads\/2025\/12\/formatura-22-1024x683-140x80.jpg\" alt=\"formatura-22\" \/>\n\t\t\t\t<\/div>\n\t\t\t<div  class=\"ms-slide\" data-delay=\"3\"    >\n\t\t\t\t\t<img decoding=\"async\" src=\"http:\/\/www.apucarana.pr.gov.br\/site\/wp-content\/plugins\/masterslider\/public\/assets\/css\/blank.gif\" alt=\"formatura-37\" title=\"formatura-37\" data-src=\"http:\/\/www.apucarana.pr.gov.br\/site\/wp-content\/uploads\/2025\/12\/formatura-37-1024x683.jpg\" \/>\n\t<a href=\"http:\/\/www.apucarana.pr.gov.br\/site\/wp-content\/uploads\/2025\/12\/formatura-37-1024x683.jpg\" target=\"_self\"    >formatura-37<\/a>\n\n\n\t<img decoding=\"async\" class=\"ms-thumb\" src=\"http:\/\/www.apucarana.pr.gov.br\/site\/wp-content\/uploads\/2025\/12\/formatura-37-1024x683-140x80.jpg\" alt=\"formatura-37\" \/>\n\t\t\t\t<\/div>\n\t\t\t<div  class=\"ms-slide\" data-delay=\"3\"    >\n\t\t\t\t\t<img decoding=\"async\" src=\"http:\/\/www.apucarana.pr.gov.br\/site\/wp-content\/plugins\/masterslider\/public\/assets\/css\/blank.gif\" alt=\"formatura-44\" title=\"formatura-44\" data-src=\"http:\/\/www.apucarana.pr.gov.br\/site\/wp-content\/uploads\/2025\/12\/formatura-44-1024x683.jpg\" \/>\n\t<a href=\"http:\/\/www.apucarana.pr.gov.br\/site\/wp-content\/uploads\/2025\/12\/formatura-44-1024x683.jpg\" target=\"_self\"    >formatura-44<\/a>\n\n\n\t<img decoding=\"async\" class=\"ms-thumb\" src=\"http:\/\/www.apucarana.pr.gov.br\/site\/wp-content\/uploads\/2025\/12\/formatura-44-1024x683-140x80.jpg\" alt=\"formatura-44\" \/>\n\t\t\t\t<\/div>\n\t\t\t<div  class=\"ms-slide\" data-delay=\"3\"    >\n\t\t\t\t\t<img decoding=\"async\" src=\"http:\/\/www.apucarana.pr.gov.br\/site\/wp-content\/plugins\/masterslider\/public\/assets\/css\/blank.gif\" alt=\"formatura-72\" title=\"formatura-72\" data-src=\"http:\/\/www.apucarana.pr.gov.br\/site\/wp-content\/uploads\/2025\/12\/formatura-72-1024x683.jpg\" \/>\n\t<a href=\"http:\/\/www.apucarana.pr.gov.br\/site\/wp-content\/uploads\/2025\/12\/formatura-72-1024x683.jpg\" target=\"_self\"    >formatura-72<\/a>\n\n\n\t<img decoding=\"async\" class=\"ms-thumb\" src=\"http:\/\/www.apucarana.pr.gov.br\/site\/wp-content\/uploads\/2025\/12\/formatura-72-1024x683-140x80.jpg\" alt=\"formatura-72\" \/>\n\t\t\t\t<\/div>\n\t\t\t<div  class=\"ms-slide\" data-delay=\"3\"    >\n\t\t\t\t\t<img decoding=\"async\" src=\"http:\/\/www.apucarana.pr.gov.br\/site\/wp-content\/plugins\/masterslider\/public\/assets\/css\/blank.gif\" alt=\"formatura-83\" title=\"formatura-83\" data-src=\"http:\/\/www.apucarana.pr.gov.br\/site\/wp-content\/uploads\/2025\/12\/formatura-83-1024x683.jpg\" \/>\n\t<a href=\"http:\/\/www.apucarana.pr.gov.br\/site\/wp-content\/uploads\/2025\/12\/formatura-83-1024x683.jpg\" target=\"_self\"    >formatura-83<\/a>\n\n\n\t<img decoding=\"async\" class=\"ms-thumb\" src=\"http:\/\/www.apucarana.pr.gov.br\/site\/wp-content\/uploads\/2025\/12\/formatura-83-1024x683-140x80.jpg\" alt=\"formatura-83\" \/>\n\t\t\t\t<\/div>\n\n\t\t\t<\/div>\n\t\t\t<!-- END MasterSlider Main -->\n\n\t\t\t \n\t\t<\/div>\n\t\t<!-- END MasterSlider -->\n\n\t\t<script>\n\t\t( window.MSReady = window.MSReady || [] ).push( function( $ ) {\n\n\t\t\t\"use strict\";\n\t\t\tvar masterslider_b3bd = new MasterSlider();\n\n\t\t\t\/\/ slider controls\n\t\t\tmasterslider_b3bd.control('arrows'     ,{ autohide:true, overVideo:true  });\n\t\t\tmasterslider_b3bd.control('thumblist'  ,{ autohide:false, overVideo:true, dir:'h', speed:17, inset:false, arrows:false, hover:false, customClass:'', align:'bottom',type:'thumbs', margin:2, width:140, height:80, space:2, fillMode:'fill'  });\n\t\t\t\/\/ slider setup\n\t\t\tmasterslider_b3bd.setup(\"MS69ef9d128b3bd\", {\n\t\t\t\twidth           : 960,\n\t\t\t\theight          : 540,\n\t\t\t\tminHeight       : 0,\n\t\t\t\tspace           : 0,\n\t\t\t\tstart           : 1,\n\t\t\t\tgrabCursor      : true,\n\t\t\t\tswipe           : true,\n\t\t\t\tmouse           : true,\n\t\t\t\tkeyboard        : false,\n\t\t\t\tlayout          : \"fillwidth\",\n\t\t\t\twheel           : false,\n\t\t\t\tautoplay        : true,\n                instantStartLayers:false,\n\t\t\t\tmobileBGVideo:false,\n\t\t\t\tloop            : true,\n\t\t\t\tshuffle         : false,\n\t\t\t\tpreload         : 3,\n\t\t\t\theightLimit     : false,\n\t\t\t\tautoHeight      : false,\n\t\t\t\tsmoothHeight    : true,\n\t\t\t\tendPause        : false,\n\t\t\t\toverPause       : false,\n\t\t\t\tfillMode        : \"fill\",\n\t\t\t\tcenterControls  : true,\n\t\t\t\tstartOnAppear   : false,\n\t\t\t\tlayersMode      : \"center\",\n\t\t\t\tautofillTarget  : \"\",\n\t\t\t\thideLayers      : false,\n\t\t\t\tfullscreenMargin: 0,\n\t\t\t\tspeed           : 17,\n\t\t\t\tdir             : \"h\",\n\t\t\t\tresponsive      : true,\n\t\t\t\ttabletWidth     : 768,\n\t\t\t\ttabletHeight    : null,\n\t\t\t\tphoneWidth      : 480,\n\t\t\t\tphoneHeight    : null,\n\t\t\t\tsizingReference : window,\n\t\t\t\tparallaxMode    : 'swipe',\n\t\t\t\tview            : \"basic\"\n\t\t\t});\n\n\t\t\t\n\t\t\twindow.masterslider_instances = window.masterslider_instances || [];\n\t\t\twindow.masterslider_instances.push( masterslider_b3bd );\n\t\t});\n\t\t<\/script>\n\n\n<p>A Prefeitura de Apucarana, por meio da Autarquia Municipal de Educa\u00e7\u00e3o (AME), realizou na noite de ontem (1\u00ba\/12) a formatura das turmas do 5\u00ba Ano da rede municipal. A cerim\u00f4nia, realizada no Gin\u00e1sio de Esportes Lago\u00e3o, celebrou a conquista de 1.370 estudantes de 35 escolas, que receberam os certificados de conclus\u00e3o da primeira etapa do Ensino Fundamental. No s\u00e1bado (29\/11), a rede j\u00e1 havia diplomado 1.280 crian\u00e7as que encerram em 2025 o ciclo da Educa\u00e7\u00e3o Infantil.<\/p>\n<p>O prefeito Rodolfo Mota destacou o significado das celebra\u00e7\u00f5es e refor\u00e7ou o compromisso da administra\u00e7\u00e3o com a qualidade do ensino. \u201cForam duas noites inesquec\u00edveis, com a formatura das turmas de Infantil 5 e do 5\u00ba Ano. A gente est\u00e1 muito feliz de cuidar de cada um, dos filhos e filhas dos apucaranenses. Neste ano, fizemos o investimento de quase R$ 3 milh\u00f5es a mais na merenda escolar \u2013 refor\u00e7ando a quantidade de prote\u00ednas e outros itens \u2013, acrescentamos a mochila no uniforme escolar. No pr\u00f3ximo ano, o uniforme ainda contar\u00e1 com short-saia para as meninas e moletom com touca para as crian\u00e7as dos CMEIs. Al\u00e9m disso, teremos a instala\u00e7\u00e3o de aparelhos de ar-condicionado em 21 CMEIs e escolas, para melhorar as condi\u00e7\u00f5es de trabalho e estudo dos professores e alunos. Vamos trabalhar muito para fazer a educa\u00e7\u00e3o de Apucarana a melhor do Paran\u00e1. Viva a nossa cidade! Viva Apucarana! Viva os nossos formandos\u201d, afirmou.<\/p>\n<p>A secret\u00e1ria municipal de educa\u00e7\u00e3o, professora Ana Paula do Carmo Donato, ressaltou que a cerim\u00f4nia simboliza tanto encerramento quanto renova\u00e7\u00e3o. \u201cA formatura marca o fim de um ciclo e o come\u00e7o de outro na vida escolar dos estudantes. Os alunos das turmas de 5\u00ba Ano est\u00e3o deixando a nossa rede de ensino. Em 2026, eles v\u00e3o dar sequ\u00eancia aos seus estudos em col\u00e9gios estaduais ou particulares. Eu tenho convic\u00e7\u00e3o de que eles est\u00e3o muito bem preparados para a pr\u00f3xima etapa. Parab\u00e9ns aos estudantes pela formatura. Muito obrigada aos diretores, coordenadores e professores pelo excelente trabalho desenvolvido. Agrade\u00e7o tamb\u00e9m aos pais e familiares, que participaram em peso da formatura, marcada por muita emo\u00e7\u00e3o\u201d, afirmou.<\/p>\n<p>A programa\u00e7\u00e3o segue nesta ter\u00e7a-feira (2\/12), \u00e0s 19 horas, quando os estudantes do 5\u00ba Ano retornam ao Gin\u00e1sio Lago\u00e3o para uma nova solenidade. Desta vez, eles receber\u00e3o os certificados de conclus\u00e3o do Programa Educacional de Resist\u00eancia \u00e0s Drogas e \u00e0 Viol\u00eancia (Proerd), desenvolvido pela Pol\u00edcia Militar em parceria com a rede municipal de educa\u00e7\u00e3o.<\/p>\n","protected":false},"excerpt":{"rendered":"<p>A Prefeitura de Apucarana, por meio da Autarquia Municipal de Educa&ccedil;&atilde;o (AME), realizou na noite de ontem (1&ordm;\/12) a formatura das turmas do 5&ordm; Ano da rede municipal. A cerim&ocirc;nia, realizada no Gin&aacute;sio de Esportes Lago&atilde;o, celebrou a conquista de 1.370 estudantes de 35 escolas, que receberam os certificados de conclus&atilde;o da primeira etapa do [&hellip;]<\/p>\n","protected":false},"author":8,"featured_media":120860,"comment_status":"closed","ping_status":"closed","sticky":false,"template":"","format":"standard","meta":{"footnotes":""},"categories":[24],"tags":[],"class_list":["post-120850","post","type-post","status-publish","format-standard","has-post-thumbnail","hentry","category-noticias"],"acf":[],"_links":{"self":[{"href":"http:\/\/www.apucarana.pr.gov.br\/site\/wp-json\/wp\/v2\/posts\/120850","targetHints":{"allow":["GET"]}}],"collection":[{"href":"http:\/\/www.apucarana.pr.gov.br\/site\/wp-json\/wp\/v2\/posts"}],"about":[{"href":"http:\/\/www.apucarana.pr.gov.br\/site\/wp-json\/wp\/v2\/types\/post"}],"author":[{"embeddable":true,"href":"http:\/\/www.apucarana.pr.gov.br\/site\/wp-json\/wp\/v2\/users\/8"}],"replies":[{"embeddable":true,"href":"http:\/\/www.apucarana.pr.gov.br\/site\/wp-json\/wp\/v2\/comments?post=120850"}],"version-history":[{"count":1,"href":"http:\/\/www.apucarana.pr.gov.br\/site\/wp-json\/wp\/v2\/posts\/120850\/revisions"}],"predecessor-version":[{"id":120861,"href":"http:\/\/www.apucarana.pr.gov.br\/site\/wp-json\/wp\/v2\/posts\/120850\/revisions\/120861"}],"wp:featuredmedia":[{"embeddable":true,"href":"http:\/\/www.apucarana.pr.gov.br\/site\/wp-json\/wp\/v2\/media\/120860"}],"wp:attachment":[{"href":"http:\/\/www.apucarana.pr.gov.br\/site\/wp-json\/wp\/v2\/media?parent=120850"}],"wp:term":[{"taxonomy":"category","embeddable":true,"href":"http:\/\/www.apucarana.pr.gov.br\/site\/wp-json\/wp\/v2\/categories?post=120850"},{"taxonomy":"post_tag","embeddable":true,"href":"http:\/\/www.apucarana.pr.gov.br\/site\/wp-json\/wp\/v2\/tags?post=120850"}],"curies":[{"name":"wp","href":"https:\/\/api.w.org\/{rel}","templated":true}]}}