{"id":120835,"date":"2025-12-02T10:29:53","date_gmt":"2025-12-02T13:29:53","guid":{"rendered":"https:\/\/www.apucarana.pr.gov.br\/site\/?p=120835"},"modified":"2025-12-02T10:53:35","modified_gmt":"2025-12-02T13:53:35","slug":"feira-revestir-natal-circular-movimenta-espaco-das-feiras-neste-domingo-em-apucarana","status":"publish","type":"post","link":"http:\/\/www.apucarana.pr.gov.br\/site\/feira-revestir-natal-circular-movimenta-espaco-das-feiras-neste-domingo-em-apucarana\/","title":{"rendered":"Feira (Re)Vestir \u2013 Natal Circular movimenta Espa\u00e7o das Feiras neste domingo em Apucarana"},"content":{"rendered":"<p>O Espa\u00e7o das Feiras vai receber neste domingo (7\/12), a partir das 15 horas, a Feira (Re)Vestir \u2013 Natal Circular, uma iniciativa do Coletivo Revestir com apoio da Secretaria Municipal da Mulher e Assuntos da Fam\u00edlia e da Secretaria Municipal de Cultura e Turismo. A programa\u00e7\u00e3o re\u00fane mais de 20 empreendedores de brech\u00f3 com curadoria, economia criativa, moda autoral e upcycling (reutiliza\u00e7\u00e3o de pe\u00e7as para criar novos produtos).<\/p>\n<p>A designer de moda e organizadora do evento, Ang\u00e9lica Amorim, explica que o Coletivo Revestir surgiu do desejo de fortalecer a moda circular na cidade. \u201cDepois de quatro edi\u00e7\u00f5es do Festival de Brech\u00f3, a energia cresceu. A cidade abra\u00e7ou o movimento e sentimos a necessidade de ampliar, profissionalizar e criar algo maior. Assim nasceu o Coletivo Revestir. Apucarana, cidade que respira moda e \u00e9 polo t\u00eaxtil reconhecido, tem muito a ganhar com esse movimento que une sustentabilidade, economia criativa e cultura local\u201d, afirmou.<\/p>\n<p>Durante a feira, o p\u00fablico vai encontrar pe\u00e7as \u00fanicas, dur\u00e1veis e com valor hist\u00f3rico, selecionadas com crit\u00e9rios de qualidade, estilo, conserva\u00e7\u00e3o e coer\u00eancia est\u00e9tica. A programa\u00e7\u00e3o tamb\u00e9m inclui Espa\u00e7o Kids, com atividades para as crian\u00e7as e presen\u00e7a do Papai Noel; provadores para facilitar a experi\u00eancia de compra; e um espa\u00e7o de desapego, onde pessoas previamente selecionadas poder\u00e3o comercializar roupas paradas no guarda-roupa, incentivando o ciclo sustent\u00e1vel da moda.<\/p>\n<p>A tarde contar\u00e1 ainda com sorteio de brindes, a tradicional Feira Super Sexta de gastronomia, m\u00fasica ao vivo e um desfile de moda \u00e0s 18 horas. A apresenta\u00e7\u00e3o reunir\u00e1 tr\u00eas marcas autorais e mais de 30 participantes, destacando o potencial do second hand (pe\u00e7as de segunda m\u00e3o), foco principal dos brech\u00f3s com curadoria.<\/p>\n<p>A Prefeitura de Apucarana convida a popula\u00e7\u00e3o a participar e prestigiar a iniciativa, que fortalece a economia local, incentiva o consumo consciente e oferece um momento de lazer e conviv\u00eancia para toda a fam\u00edlia.<\/p>\n","protected":false},"excerpt":{"rendered":"<p>O Espa&ccedil;o das Feiras vai receber neste domingo (7\/12), a partir das 15 horas, a Feira (Re)Vestir &ndash; Natal Circular, uma iniciativa do Coletivo Revestir com apoio da Secretaria Municipal da Mulher e Assuntos da Fam&iacute;lia e da Secretaria Municipal de Cultura e Turismo. A programa&ccedil;&atilde;o re&uacute;ne mais de 20 empreendedores de brech&oacute; com curadoria, [&hellip;]<\/p>\n","protected":false},"author":8,"featured_media":120836,"comment_status":"closed","ping_status":"closed","sticky":false,"template":"","format":"standard","meta":{"footnotes":""},"categories":[24],"tags":[],"class_list":["post-120835","post","type-post","status-publish","format-standard","has-post-thumbnail","hentry","category-noticias"],"acf":[],"_links":{"self":[{"href":"http:\/\/www.apucarana.pr.gov.br\/site\/wp-json\/wp\/v2\/posts\/120835","targetHints":{"allow":["GET"]}}],"collection":[{"href":"http:\/\/www.apucarana.pr.gov.br\/site\/wp-json\/wp\/v2\/posts"}],"about":[{"href":"http:\/\/www.apucarana.pr.gov.br\/site\/wp-json\/wp\/v2\/types\/post"}],"author":[{"embeddable":true,"href":"http:\/\/www.apucarana.pr.gov.br\/site\/wp-json\/wp\/v2\/users\/8"}],"replies":[{"embeddable":true,"href":"http:\/\/www.apucarana.pr.gov.br\/site\/wp-json\/wp\/v2\/comments?post=120835"}],"version-history":[{"count":2,"href":"http:\/\/www.apucarana.pr.gov.br\/site\/wp-json\/wp\/v2\/posts\/120835\/revisions"}],"predecessor-version":[{"id":120849,"href":"http:\/\/www.apucarana.pr.gov.br\/site\/wp-json\/wp\/v2\/posts\/120835\/revisions\/120849"}],"wp:featuredmedia":[{"embeddable":true,"href":"http:\/\/www.apucarana.pr.gov.br\/site\/wp-json\/wp\/v2\/media\/120836"}],"wp:attachment":[{"href":"http:\/\/www.apucarana.pr.gov.br\/site\/wp-json\/wp\/v2\/media?parent=120835"}],"wp:term":[{"taxonomy":"category","embeddable":true,"href":"http:\/\/www.apucarana.pr.gov.br\/site\/wp-json\/wp\/v2\/categories?post=120835"},{"taxonomy":"post_tag","embeddable":true,"href":"http:\/\/www.apucarana.pr.gov.br\/site\/wp-json\/wp\/v2\/tags?post=120835"}],"curies":[{"name":"wp","href":"https:\/\/api.w.org\/{rel}","templated":true}]}}