{"id":120834,"date":"2025-12-02T10:38:44","date_gmt":"2025-12-02T13:38:44","guid":{"rendered":"https:\/\/www.apucarana.pr.gov.br\/site\/?p=120834"},"modified":"2025-12-02T19:02:27","modified_gmt":"2025-12-02T22:02:27","slug":"prefeitura-inicia-acoes-do-programa-mais-verde-e-sustentavel-com-plantio-de-arvores-no-trajeto-da-prova-28-de-janeiro","status":"publish","type":"post","link":"http:\/\/www.apucarana.pr.gov.br\/site\/prefeitura-inicia-acoes-do-programa-mais-verde-e-sustentavel-com-plantio-de-arvores-no-trajeto-da-prova-28-de-janeiro\/","title":{"rendered":"Prefeitura inicia a\u00e7\u00f5es do Programa Mais Verde e Sustent\u00e1vel com plantio de \u00e1rvores no trajeto da Prova 28 de Janeiro"},"content":{"rendered":"\n\t\t<!-- MasterSlider -->\n\t\t<div id=\"P_MS69ef9d01ea99a\" class=\"master-slider-parent master-slider-gallery   ms-parent-id-0\" style=\"\" >\n\n\t\t\t\n\t\t\t<!-- MasterSlider Main -->\n\t\t\t<div id=\"MS69ef9d01ea99a\" class=\"master-slider ms-skin-default\" >\n\t\t\t\t \t\t\t\t \n\t\t\t<div  class=\"ms-slide\" data-delay=\"3\"    >\n\t\t\t\t\t<img decoding=\"async\" src=\"http:\/\/www.apucarana.pr.gov.br\/site\/wp-content\/plugins\/masterslider\/public\/assets\/css\/blank.gif\" alt=\"WhatsApp Image 2025-12-02 at 10.33.10 (1)\" title=\"WhatsApp Image 2025-12-02 at 10.33.10 (1)\" data-src=\"http:\/\/www.apucarana.pr.gov.br\/site\/wp-content\/uploads\/2025\/12\/WhatsApp-Image-2025-12-02-at-10.33.10-1-1024x683.jpeg\" \/>\n\t<a href=\"http:\/\/www.apucarana.pr.gov.br\/site\/wp-content\/uploads\/2025\/12\/WhatsApp-Image-2025-12-02-at-10.33.10-1-1024x683.jpeg\" target=\"_self\"    >WhatsApp Image 2025-12-02 at 10.33.10 (1)<\/a>\n\n\n\t<img decoding=\"async\" class=\"ms-thumb\" src=\"http:\/\/www.apucarana.pr.gov.br\/site\/wp-content\/uploads\/2025\/12\/WhatsApp-Image-2025-12-02-at-10.33.10-1-1024x683-140x80.jpeg\" alt=\"WhatsApp Image 2025-12-02 at 10.33.10 (1)\" \/>\n\t\t\t\t<\/div>\n\t\t\t<div  class=\"ms-slide\" data-delay=\"3\"    >\n\t\t\t\t\t<img decoding=\"async\" src=\"http:\/\/www.apucarana.pr.gov.br\/site\/wp-content\/plugins\/masterslider\/public\/assets\/css\/blank.gif\" alt=\"WhatsApp Image 2025-12-02 at 10.33.11\" title=\"WhatsApp Image 2025-12-02 at 10.33.11\" data-src=\"http:\/\/www.apucarana.pr.gov.br\/site\/wp-content\/uploads\/2025\/12\/WhatsApp-Image-2025-12-02-at-10.33.11-1024x683.jpeg\" \/>\n\t<a href=\"http:\/\/www.apucarana.pr.gov.br\/site\/wp-content\/uploads\/2025\/12\/WhatsApp-Image-2025-12-02-at-10.33.11-1024x683.jpeg\" target=\"_self\"    >WhatsApp Image 2025-12-02 at 10.33.11<\/a>\n\n\n\t<img decoding=\"async\" class=\"ms-thumb\" src=\"http:\/\/www.apucarana.pr.gov.br\/site\/wp-content\/uploads\/2025\/12\/WhatsApp-Image-2025-12-02-at-10.33.11-1024x683-140x80.jpeg\" alt=\"WhatsApp Image 2025-12-02 at 10.33.11\" \/>\n\t\t\t\t<\/div>\n\t\t\t<div  class=\"ms-slide\" data-delay=\"3\"    >\n\t\t\t\t\t<img decoding=\"async\" src=\"http:\/\/www.apucarana.pr.gov.br\/site\/wp-content\/plugins\/masterslider\/public\/assets\/css\/blank.gif\" alt=\"WhatsApp Image 2025-12-02 at 10.33.10\" title=\"WhatsApp Image 2025-12-02 at 10.33.10\" data-src=\"http:\/\/www.apucarana.pr.gov.br\/site\/wp-content\/uploads\/2025\/12\/WhatsApp-Image-2025-12-02-at-10.33.10-1024x683.jpeg\" \/>\n\t<a href=\"http:\/\/www.apucarana.pr.gov.br\/site\/wp-content\/uploads\/2025\/12\/WhatsApp-Image-2025-12-02-at-10.33.10-1024x683.jpeg\" target=\"_self\"    >WhatsApp Image 2025-12-02 at 10.33.10<\/a>\n\n\n\t<img decoding=\"async\" class=\"ms-thumb\" src=\"http:\/\/www.apucarana.pr.gov.br\/site\/wp-content\/uploads\/2025\/12\/WhatsApp-Image-2025-12-02-at-10.33.10-1024x683-140x80.jpeg\" alt=\"WhatsApp Image 2025-12-02 at 10.33.10\" \/>\n\t\t\t\t<\/div>\n\t\t\t<div  class=\"ms-slide\" data-delay=\"3\"    >\n\t\t\t\t\t<img decoding=\"async\" src=\"http:\/\/www.apucarana.pr.gov.br\/site\/wp-content\/plugins\/masterslider\/public\/assets\/css\/blank.gif\" alt=\"WhatsApp Image 2025-12-02 at 10.33.09\" title=\"WhatsApp Image 2025-12-02 at 10.33.09\" data-src=\"http:\/\/www.apucarana.pr.gov.br\/site\/wp-content\/uploads\/2025\/12\/WhatsApp-Image-2025-12-02-at-10.33.09-1024x683.jpeg\" \/>\n\t<a href=\"http:\/\/www.apucarana.pr.gov.br\/site\/wp-content\/uploads\/2025\/12\/WhatsApp-Image-2025-12-02-at-10.33.09-1024x683.jpeg\" target=\"_self\"    >WhatsApp Image 2025-12-02 at 10.33.09<\/a>\n\n\n\t<img decoding=\"async\" class=\"ms-thumb\" src=\"http:\/\/www.apucarana.pr.gov.br\/site\/wp-content\/uploads\/2025\/12\/WhatsApp-Image-2025-12-02-at-10.33.09-1024x683-140x80.jpeg\" alt=\"WhatsApp Image 2025-12-02 at 10.33.09\" \/>\n\t\t\t\t<\/div>\n\t\t\t<div  class=\"ms-slide\" data-delay=\"3\"    >\n\t\t\t\t\t<img decoding=\"async\" src=\"http:\/\/www.apucarana.pr.gov.br\/site\/wp-content\/plugins\/masterslider\/public\/assets\/css\/blank.gif\" alt=\"WhatsApp Image 2025-12-02 at 10.33.08 (1)\" title=\"WhatsApp Image 2025-12-02 at 10.33.08 (1)\" data-src=\"http:\/\/www.apucarana.pr.gov.br\/site\/wp-content\/uploads\/2025\/12\/WhatsApp-Image-2025-12-02-at-10.33.08-1-1024x683.jpeg\" \/>\n\t<a href=\"http:\/\/www.apucarana.pr.gov.br\/site\/wp-content\/uploads\/2025\/12\/WhatsApp-Image-2025-12-02-at-10.33.08-1-1024x683.jpeg\" target=\"_self\"    >WhatsApp Image 2025-12-02 at 10.33.08 (1)<\/a>\n\n\n\t<img decoding=\"async\" class=\"ms-thumb\" src=\"http:\/\/www.apucarana.pr.gov.br\/site\/wp-content\/uploads\/2025\/12\/WhatsApp-Image-2025-12-02-at-10.33.08-1-1024x683-140x80.jpeg\" alt=\"WhatsApp Image 2025-12-02 at 10.33.08 (1)\" \/>\n\t\t\t\t<\/div>\n\t\t\t<div  class=\"ms-slide\" data-delay=\"3\"    >\n\t\t\t\t\t<img decoding=\"async\" src=\"http:\/\/www.apucarana.pr.gov.br\/site\/wp-content\/plugins\/masterslider\/public\/assets\/css\/blank.gif\" alt=\"WhatsApp Image 2025-12-02 at 10.33.08\" title=\"WhatsApp Image 2025-12-02 at 10.33.08\" data-src=\"http:\/\/www.apucarana.pr.gov.br\/site\/wp-content\/uploads\/2025\/12\/WhatsApp-Image-2025-12-02-at-10.33.08-1024x683.jpeg\" \/>\n\t<a href=\"http:\/\/www.apucarana.pr.gov.br\/site\/wp-content\/uploads\/2025\/12\/WhatsApp-Image-2025-12-02-at-10.33.08-1024x683.jpeg\" target=\"_self\"    >WhatsApp Image 2025-12-02 at 10.33.08<\/a>\n\n\n\t<img decoding=\"async\" class=\"ms-thumb\" src=\"http:\/\/www.apucarana.pr.gov.br\/site\/wp-content\/uploads\/2025\/12\/WhatsApp-Image-2025-12-02-at-10.33.08-1024x683-140x80.jpeg\" alt=\"WhatsApp Image 2025-12-02 at 10.33.08\" \/>\n\t\t\t\t<\/div>\n\t\t\t<div  class=\"ms-slide\" data-delay=\"3\"    >\n\t\t\t\t\t<img decoding=\"async\" src=\"http:\/\/www.apucarana.pr.gov.br\/site\/wp-content\/plugins\/masterslider\/public\/assets\/css\/blank.gif\" alt=\"WhatsApp Image 2025-12-02 at 10.33.07\" title=\"WhatsApp Image 2025-12-02 at 10.33.07\" data-src=\"http:\/\/www.apucarana.pr.gov.br\/site\/wp-content\/uploads\/2025\/12\/WhatsApp-Image-2025-12-02-at-10.33.07-1024x683.jpeg\" \/>\n\t<a href=\"http:\/\/www.apucarana.pr.gov.br\/site\/wp-content\/uploads\/2025\/12\/WhatsApp-Image-2025-12-02-at-10.33.07-1024x683.jpeg\" target=\"_self\"    >WhatsApp Image 2025-12-02 at 10.33.07<\/a>\n\n\n\t<img decoding=\"async\" class=\"ms-thumb\" src=\"http:\/\/www.apucarana.pr.gov.br\/site\/wp-content\/uploads\/2025\/12\/WhatsApp-Image-2025-12-02-at-10.33.07-1024x683-140x80.jpeg\" alt=\"WhatsApp Image 2025-12-02 at 10.33.07\" \/>\n\t\t\t\t<\/div>\n\n\t\t\t<\/div>\n\t\t\t<!-- END MasterSlider Main -->\n\n\t\t\t \n\t\t<\/div>\n\t\t<!-- END MasterSlider -->\n\n\t\t<script>\n\t\t( window.MSReady = window.MSReady || [] ).push( function( $ ) {\n\n\t\t\t\"use strict\";\n\t\t\tvar masterslider_a99a = new MasterSlider();\n\n\t\t\t\/\/ slider controls\n\t\t\tmasterslider_a99a.control('arrows'     ,{ autohide:true, overVideo:true  });\n\t\t\tmasterslider_a99a.control('thumblist'  ,{ autohide:false, overVideo:true, dir:'h', speed:17, inset:false, arrows:false, hover:false, customClass:'', align:'bottom',type:'thumbs', margin:2, width:140, height:80, space:2, fillMode:'fill'  });\n\t\t\t\/\/ slider setup\n\t\t\tmasterslider_a99a.setup(\"MS69ef9d01ea99a\", {\n\t\t\t\twidth           : 960,\n\t\t\t\theight          : 540,\n\t\t\t\tminHeight       : 0,\n\t\t\t\tspace           : 0,\n\t\t\t\tstart           : 1,\n\t\t\t\tgrabCursor      : true,\n\t\t\t\tswipe           : true,\n\t\t\t\tmouse           : true,\n\t\t\t\tkeyboard        : false,\n\t\t\t\tlayout          : \"fillwidth\",\n\t\t\t\twheel           : false,\n\t\t\t\tautoplay        : true,\n                instantStartLayers:false,\n\t\t\t\tmobileBGVideo:false,\n\t\t\t\tloop            : true,\n\t\t\t\tshuffle         : false,\n\t\t\t\tpreload         : 3,\n\t\t\t\theightLimit     : false,\n\t\t\t\tautoHeight      : false,\n\t\t\t\tsmoothHeight    : true,\n\t\t\t\tendPause        : false,\n\t\t\t\toverPause       : false,\n\t\t\t\tfillMode        : \"fill\",\n\t\t\t\tcenterControls  : true,\n\t\t\t\tstartOnAppear   : false,\n\t\t\t\tlayersMode      : \"center\",\n\t\t\t\tautofillTarget  : \"\",\n\t\t\t\thideLayers      : false,\n\t\t\t\tfullscreenMargin: 0,\n\t\t\t\tspeed           : 17,\n\t\t\t\tdir             : \"h\",\n\t\t\t\tresponsive      : true,\n\t\t\t\ttabletWidth     : 768,\n\t\t\t\ttabletHeight    : null,\n\t\t\t\tphoneWidth      : 480,\n\t\t\t\tphoneHeight    : null,\n\t\t\t\tsizingReference : window,\n\t\t\t\tparallaxMode    : 'swipe',\n\t\t\t\tview            : \"basic\"\n\t\t\t});\n\n\t\t\t\n\t\t\twindow.masterslider_instances = window.masterslider_instances || [];\n\t\t\twindow.masterslider_instances.push( masterslider_a99a );\n\t\t});\n\t\t<\/script>\n\n\n<p>Apucarana deu in\u00edcio, nesta segunda-feira (01\/12), ao plantio de mais de 250 mudas de resed\u00e1 ao longo do percurso da tradicional Prova 28 de Janeiro. A a\u00e7\u00e3o marca o in\u00edcio do cronograma do Programa Apucarana Mais Verde e Sustent\u00e1vel, que prev\u00ea o plantio de 4 mil \u00e1rvores na \u00e1rea urbana.<\/p>\n<p>O trabalho come\u00e7ou na Rua Padre Severino Ceruti, sendo acompanhado pelo secret\u00e1rio municipal de Meio Ambiente, Diego Silva, e por t\u00e9cnicos da pasta. \u201cTemos o apoio de uma educadora ambiental que conversa com os comerciantes e moradores, enquanto engenheiros agr\u00f4nomos municipais acompanham o trabalho da empresa terceirizada\u201d, explicou o secret\u00e1rio.<\/p>\n<p>O prefeito Rodolfo Mota destacou que esta interven\u00e7\u00e3o no percurso da corrida \u00e9 apenas o primeiro passo do programa, que atender\u00e1 diversas regi\u00f5es da cidade. \u00a0\u201cSer\u00e3o feitos o plantio, replantio, transplante e amplia\u00e7\u00e3o da arboriza\u00e7\u00e3o urbana. A iniciativa refor\u00e7a o compromisso da administra\u00e7\u00e3o com a sustentabilidade e a qualidade de vida dos apucaranenses, unindo seguran\u00e7a, preserva\u00e7\u00e3o e vis\u00e3o de futuro\u201d, ressaltou.<\/p>\n<p>O programa foi lan\u00e7ado oficialmente na semana passada, em ato simb\u00f3lico, no Centro C\u00edvico Jos\u00e9 de Oliveira Rosa, onde dois flamboyants condenados, que apresentavam risco \u00e0 circula\u00e7\u00e3o de pessoas e ve\u00edculos, foram substitu\u00eddos por ip\u00eas.<\/p>\n<p>Diego Silva, secret\u00e1rio municipal de Meio Ambiente, refor\u00e7ou que o plantio faz parte de um planejamento t\u00e9cnico rigoroso. \u201cNossa equipe realizou um mapeamento detalhado dos pontos com maior d\u00e9ficit de arboriza\u00e7\u00e3o, o que permite priorizar as regi\u00f5es que mais precisam de cobertura arb\u00f3rea\u201d, afirmou. Ele ressaltou que a escolha das esp\u00e9cies leva em conta aspectos como adapta\u00e7\u00e3o clim\u00e1tica, seguran\u00e7a vi\u00e1ria e compatibilidade com a infraestrutura urbana.<\/p>\n<p>O secret\u00e1rio tamb\u00e9m chamou aten\u00e7\u00e3o para os crit\u00e9rios adotados no processo licitat\u00f3rio. \u201cTodo o processo j\u00e1 prev\u00ea que a empresa contratada seja respons\u00e1vel n\u00e3o s\u00f3 pelo plantio, mas tamb\u00e9m por toda a manuten\u00e7\u00e3o inicial dessas \u00e1rvores: rega, reposi\u00e7\u00e3o e substitui\u00e7\u00e3o de mudas que, eventualmente, venham a morrer ou sofrer vandalismo\u201d, explicou. Segundo ele, isso garante que o munic\u00edpio s\u00f3 receba as \u00e1rvores plenamente consolidadas, assegurando efici\u00eancia no uso dos recursos p\u00fablicos e sustentabilidade do projeto a longo prazo.<\/p>\n<p>Silva aproveitou para convidar a popula\u00e7\u00e3o a participar ativamente do programa. \u201cQuem desejar plantar uma \u00e1rvore em casa pode procurar a Secretaria do Meio Ambiente. Nossa equipe orienta sobre esp\u00e9cies adequadas, espa\u00e7amento de cal\u00e7adas e locais com fia\u00e7\u00e3o\u201d, completou.<\/p>\n","protected":false},"excerpt":{"rendered":"<p>Apucarana deu in&iacute;cio, nesta segunda-feira (01\/12), ao plantio de mais de 250 mudas de resed&aacute; ao longo do percurso da tradicional Prova 28 de Janeiro. A a&ccedil;&atilde;o marca o in&iacute;cio do cronograma do Programa Apucarana Mais Verde e Sustent&aacute;vel, que prev&ecirc; o plantio de 4 mil &aacute;rvores na &aacute;rea urbana. O trabalho come&ccedil;ou na Rua [&hellip;]<\/p>\n","protected":false},"author":6,"featured_media":120840,"comment_status":"closed","ping_status":"closed","sticky":false,"template":"","format":"standard","meta":{"footnotes":""},"categories":[24],"tags":[],"class_list":["post-120834","post","type-post","status-publish","format-standard","has-post-thumbnail","hentry","category-noticias"],"acf":[],"_links":{"self":[{"href":"http:\/\/www.apucarana.pr.gov.br\/site\/wp-json\/wp\/v2\/posts\/120834","targetHints":{"allow":["GET"]}}],"collection":[{"href":"http:\/\/www.apucarana.pr.gov.br\/site\/wp-json\/wp\/v2\/posts"}],"about":[{"href":"http:\/\/www.apucarana.pr.gov.br\/site\/wp-json\/wp\/v2\/types\/post"}],"author":[{"embeddable":true,"href":"http:\/\/www.apucarana.pr.gov.br\/site\/wp-json\/wp\/v2\/users\/6"}],"replies":[{"embeddable":true,"href":"http:\/\/www.apucarana.pr.gov.br\/site\/wp-json\/wp\/v2\/comments?post=120834"}],"version-history":[{"count":4,"href":"http:\/\/www.apucarana.pr.gov.br\/site\/wp-json\/wp\/v2\/posts\/120834\/revisions"}],"predecessor-version":[{"id":120848,"href":"http:\/\/www.apucarana.pr.gov.br\/site\/wp-json\/wp\/v2\/posts\/120834\/revisions\/120848"}],"wp:featuredmedia":[{"embeddable":true,"href":"http:\/\/www.apucarana.pr.gov.br\/site\/wp-json\/wp\/v2\/media\/120840"}],"wp:attachment":[{"href":"http:\/\/www.apucarana.pr.gov.br\/site\/wp-json\/wp\/v2\/media?parent=120834"}],"wp:term":[{"taxonomy":"category","embeddable":true,"href":"http:\/\/www.apucarana.pr.gov.br\/site\/wp-json\/wp\/v2\/categories?post=120834"},{"taxonomy":"post_tag","embeddable":true,"href":"http:\/\/www.apucarana.pr.gov.br\/site\/wp-json\/wp\/v2\/tags?post=120834"}],"curies":[{"name":"wp","href":"https:\/\/api.w.org\/{rel}","templated":true}]}}