{"id":120821,"date":"2025-12-01T15:56:04","date_gmt":"2025-12-01T18:56:04","guid":{"rendered":"https:\/\/www.apucarana.pr.gov.br\/site\/?p=120821"},"modified":"2025-12-02T10:39:07","modified_gmt":"2025-12-02T13:39:07","slug":"ambulatorio-de-dermatologia-da-prefeitura-de-apucarana-promove-mutirao-de-avaliacao-de-manchas-para-prevencao-do-cancer-de-pele","status":"publish","type":"post","link":"http:\/\/www.apucarana.pr.gov.br\/site\/ambulatorio-de-dermatologia-da-prefeitura-de-apucarana-promove-mutirao-de-avaliacao-de-manchas-para-prevencao-do-cancer-de-pele\/","title":{"rendered":"Ambulat\u00f3rio de Dermatologia da Prefeitura de Apucarana promove mutir\u00e3o de avalia\u00e7\u00e3o de manchas para preven\u00e7\u00e3o do c\u00e2ncer de pele"},"content":{"rendered":"\n\t\t<!-- MasterSlider -->\n\t\t<div id=\"P_MS69ef9d5a232d1\" class=\"master-slider-parent master-slider-gallery   ms-parent-id-0\" style=\"\" >\n\n\t\t\t\n\t\t\t<!-- MasterSlider Main -->\n\t\t\t<div id=\"MS69ef9d5a232d1\" class=\"master-slider ms-skin-default\" >\n\t\t\t\t \t\t\t\t \n\t\t\t<div  class=\"ms-slide\" data-delay=\"3\"    >\n\t\t\t\t\t<img decoding=\"async\" src=\"http:\/\/www.apucarana.pr.gov.br\/site\/wp-content\/plugins\/masterslider\/public\/assets\/css\/blank.gif\" alt=\"Campanha de Dermatologia\" title=\"Campanha de Dermatologia\" data-src=\"http:\/\/www.apucarana.pr.gov.br\/site\/wp-content\/uploads\/2025\/12\/Campanha-de-Dermatologia-1024x683.jpg\" \/>\n\t<a href=\"http:\/\/www.apucarana.pr.gov.br\/site\/wp-content\/uploads\/2025\/12\/Campanha-de-Dermatologia-1024x683.jpg\" target=\"_self\"    >Campanha de Dermatologia<\/a>\n\n\n\t<img decoding=\"async\" class=\"ms-thumb\" src=\"http:\/\/www.apucarana.pr.gov.br\/site\/wp-content\/uploads\/2025\/12\/Campanha-de-Dermatologia-1024x683-140x80.jpg\" alt=\"Campanha de Dermatologia\" \/>\n\t\t\t\t<\/div>\n\t\t\t<div  class=\"ms-slide\" data-delay=\"3\"    >\n\t\t\t\t\t<img decoding=\"async\" src=\"http:\/\/www.apucarana.pr.gov.br\/site\/wp-content\/plugins\/masterslider\/public\/assets\/css\/blank.gif\" alt=\"Campanha de Dermatologia-12\" title=\"Campanha de Dermatologia-12\" data-src=\"http:\/\/www.apucarana.pr.gov.br\/site\/wp-content\/uploads\/2025\/12\/Campanha-de-Dermatologia-12-1024x683.jpg\" \/>\n\t<a href=\"http:\/\/www.apucarana.pr.gov.br\/site\/wp-content\/uploads\/2025\/12\/Campanha-de-Dermatologia-12-1024x683.jpg\" target=\"_self\"    >Campanha de Dermatologia-12<\/a>\n\n\n\t<img decoding=\"async\" class=\"ms-thumb\" src=\"http:\/\/www.apucarana.pr.gov.br\/site\/wp-content\/uploads\/2025\/12\/Campanha-de-Dermatologia-12-1024x683-140x80.jpg\" alt=\"Campanha de Dermatologia-12\" \/>\n\t\t\t\t<\/div>\n\t\t\t<div  class=\"ms-slide\" data-delay=\"3\"    >\n\t\t\t\t\t<img decoding=\"async\" src=\"http:\/\/www.apucarana.pr.gov.br\/site\/wp-content\/plugins\/masterslider\/public\/assets\/css\/blank.gif\" alt=\"Campanha de Dermatologia-17\" title=\"Campanha de Dermatologia-17\" data-src=\"http:\/\/www.apucarana.pr.gov.br\/site\/wp-content\/uploads\/2025\/12\/Campanha-de-Dermatologia-17-1024x683.jpg\" \/>\n\t<a href=\"http:\/\/www.apucarana.pr.gov.br\/site\/wp-content\/uploads\/2025\/12\/Campanha-de-Dermatologia-17-1024x683.jpg\" target=\"_self\"    >Campanha de Dermatologia-17<\/a>\n\n\n\t<img decoding=\"async\" class=\"ms-thumb\" src=\"http:\/\/www.apucarana.pr.gov.br\/site\/wp-content\/uploads\/2025\/12\/Campanha-de-Dermatologia-17-1024x683-140x80.jpg\" alt=\"Campanha de Dermatologia-17\" \/>\n\t\t\t\t<\/div>\n\t\t\t<div  class=\"ms-slide\" data-delay=\"3\"    >\n\t\t\t\t\t<img decoding=\"async\" src=\"http:\/\/www.apucarana.pr.gov.br\/site\/wp-content\/plugins\/masterslider\/public\/assets\/css\/blank.gif\" alt=\"Campanha de Dermatologia-18\" title=\"Campanha de Dermatologia-18\" data-src=\"http:\/\/www.apucarana.pr.gov.br\/site\/wp-content\/uploads\/2025\/12\/Campanha-de-Dermatologia-18-1024x683.jpg\" \/>\n\t<a href=\"http:\/\/www.apucarana.pr.gov.br\/site\/wp-content\/uploads\/2025\/12\/Campanha-de-Dermatologia-18-1024x683.jpg\" target=\"_self\"    >Campanha de Dermatologia-18<\/a>\n\n\n\t<img decoding=\"async\" class=\"ms-thumb\" src=\"http:\/\/www.apucarana.pr.gov.br\/site\/wp-content\/uploads\/2025\/12\/Campanha-de-Dermatologia-18-1024x683-140x80.jpg\" alt=\"Campanha de Dermatologia-18\" \/>\n\t\t\t\t<\/div>\n\t\t\t<div  class=\"ms-slide\" data-delay=\"3\"    >\n\t\t\t\t\t<img decoding=\"async\" src=\"http:\/\/www.apucarana.pr.gov.br\/site\/wp-content\/plugins\/masterslider\/public\/assets\/css\/blank.gif\" alt=\"Campanha de Dermatologia-23\" title=\"Campanha de Dermatologia-23\" data-src=\"http:\/\/www.apucarana.pr.gov.br\/site\/wp-content\/uploads\/2025\/12\/Campanha-de-Dermatologia-23-1024x683.jpg\" \/>\n\t<a href=\"http:\/\/www.apucarana.pr.gov.br\/site\/wp-content\/uploads\/2025\/12\/Campanha-de-Dermatologia-23-1024x683.jpg\" target=\"_self\"    >Campanha de Dermatologia-23<\/a>\n\n\n\t<img decoding=\"async\" class=\"ms-thumb\" src=\"http:\/\/www.apucarana.pr.gov.br\/site\/wp-content\/uploads\/2025\/12\/Campanha-de-Dermatologia-23-1024x683-140x80.jpg\" alt=\"Campanha de Dermatologia-23\" \/>\n\t\t\t\t<\/div>\n\t\t\t<div  class=\"ms-slide\" data-delay=\"3\"    >\n\t\t\t\t\t<img decoding=\"async\" src=\"http:\/\/www.apucarana.pr.gov.br\/site\/wp-content\/plugins\/masterslider\/public\/assets\/css\/blank.gif\" alt=\"Campanha de Dermatologia-27\" title=\"Campanha de Dermatologia-27\" data-src=\"http:\/\/www.apucarana.pr.gov.br\/site\/wp-content\/uploads\/2025\/12\/Campanha-de-Dermatologia-27-1024x683.jpg\" \/>\n\t<a href=\"http:\/\/www.apucarana.pr.gov.br\/site\/wp-content\/uploads\/2025\/12\/Campanha-de-Dermatologia-27-1024x683.jpg\" target=\"_self\"    >Campanha de Dermatologia-27<\/a>\n\n\n\t<img decoding=\"async\" class=\"ms-thumb\" src=\"http:\/\/www.apucarana.pr.gov.br\/site\/wp-content\/uploads\/2025\/12\/Campanha-de-Dermatologia-27-1024x683-140x80.jpg\" alt=\"Campanha de Dermatologia-27\" \/>\n\t\t\t\t<\/div>\n\n\t\t\t<\/div>\n\t\t\t<!-- END MasterSlider Main -->\n\n\t\t\t \n\t\t<\/div>\n\t\t<!-- END MasterSlider -->\n\n\t\t<script>\n\t\t( window.MSReady = window.MSReady || [] ).push( function( $ ) {\n\n\t\t\t\"use strict\";\n\t\t\tvar masterslider_32d1 = new MasterSlider();\n\n\t\t\t\/\/ slider controls\n\t\t\tmasterslider_32d1.control('arrows'     ,{ autohide:true, overVideo:true  });\n\t\t\tmasterslider_32d1.control('thumblist'  ,{ autohide:false, overVideo:true, dir:'h', speed:17, inset:false, arrows:false, hover:false, customClass:'', align:'bottom',type:'thumbs', margin:2, width:140, height:80, space:2, fillMode:'fill'  });\n\t\t\t\/\/ slider setup\n\t\t\tmasterslider_32d1.setup(\"MS69ef9d5a232d1\", {\n\t\t\t\twidth           : 960,\n\t\t\t\theight          : 540,\n\t\t\t\tminHeight       : 0,\n\t\t\t\tspace           : 0,\n\t\t\t\tstart           : 1,\n\t\t\t\tgrabCursor      : true,\n\t\t\t\tswipe           : true,\n\t\t\t\tmouse           : true,\n\t\t\t\tkeyboard        : false,\n\t\t\t\tlayout          : \"fillwidth\",\n\t\t\t\twheel           : false,\n\t\t\t\tautoplay        : true,\n                instantStartLayers:false,\n\t\t\t\tmobileBGVideo:false,\n\t\t\t\tloop            : true,\n\t\t\t\tshuffle         : false,\n\t\t\t\tpreload         : 3,\n\t\t\t\theightLimit     : false,\n\t\t\t\tautoHeight      : false,\n\t\t\t\tsmoothHeight    : true,\n\t\t\t\tendPause        : false,\n\t\t\t\toverPause       : false,\n\t\t\t\tfillMode        : \"fill\",\n\t\t\t\tcenterControls  : true,\n\t\t\t\tstartOnAppear   : false,\n\t\t\t\tlayersMode      : \"center\",\n\t\t\t\tautofillTarget  : \"\",\n\t\t\t\thideLayers      : false,\n\t\t\t\tfullscreenMargin: 0,\n\t\t\t\tspeed           : 17,\n\t\t\t\tdir             : \"h\",\n\t\t\t\tresponsive      : true,\n\t\t\t\ttabletWidth     : 768,\n\t\t\t\ttabletHeight    : null,\n\t\t\t\tphoneWidth      : 480,\n\t\t\t\tphoneHeight    : null,\n\t\t\t\tsizingReference : window,\n\t\t\t\tparallaxMode    : 'swipe',\n\t\t\t\tview            : \"basic\"\n\t\t\t});\n\n\t\t\t\n\t\t\twindow.masterslider_instances = window.masterslider_instances || [];\n\t\t\twindow.masterslider_instances.push( masterslider_32d1 );\n\t\t});\n\t\t<\/script>\n\n\n<p>Em apoio \u00e0 Campanha Nacional Dezembro Laranja, a Prefeitura de Apucarana, por meio do Ambulat\u00f3rio de Resid\u00eancia M\u00e9dica em Dermatologia, realiza no dia 13 de dezembro (13\/12), das 9 \u00e0s 14 horas, um mutir\u00e3o exclusivo para avalia\u00e7\u00e3o de manchas e les\u00f5es suspeitas de c\u00e2ncer de pele. A a\u00e7\u00e3o \u00e9 gratuita e n\u00e3o contempla outros tipos de atendimentos dermatol\u00f3gicos. O atendimento ser\u00e1 realizado no ambulat\u00f3rio localizado na Rua Miguel Sim\u00e3o, 69 \u2013 1\u00ba andar (antiga sede administrativa da Autarquia Municipal de Sa\u00fade), com fluxo por ordem de chegada e estrutura composta por 11 consult\u00f3rios.<\/p>\n<p>A iniciativa integra a mobiliza\u00e7\u00e3o nacional promovida pela Sociedade Brasileira de Dermatologia (SBD) e refor\u00e7a a import\u00e2ncia da detec\u00e7\u00e3o precoce do c\u00e2ncer de pele, o tipo mais frequente no Brasil. O prefeito Rodolfo Mota destaca que o munic\u00edpio tem priorizado a\u00e7\u00f5es pr\u00e1ticas de preven\u00e7\u00e3o em sa\u00fade p\u00fablica. \u201cA detec\u00e7\u00e3o precoce salva vidas e nosso papel \u00e9 garantir que esse atendimento especializado esteja perto das pessoas. O c\u00e2ncer de pele \u00e9 comum, mas quando descoberto no in\u00edcio tem altas chances de cura. Por isso, convocamos toda a popula\u00e7\u00e3o: observou uma mancha diferente, uma les\u00e3o que mudou de cor ou tamanho? Venha participar da triagem. \u00c9 gratuita. Prevenir sempre ser\u00e1 o melhor caminho\u201d, orienta o prefeito.<\/p>\n<p>O mutir\u00e3o ter\u00e1 avalia\u00e7\u00e3o simples e r\u00e1pida, destinada exclusivamente a manchas e les\u00f5es suspeitas. \u201cDurante o atendimento, dermatologistas far\u00e3o a triagem inicial e repassar\u00e3o orienta\u00e7\u00f5es sobre preven\u00e7\u00e3o, cuidados com a exposi\u00e7\u00e3o solar e sinais de alerta que devem motivar a busca por atendimento especializado\u201d, explica o dermatologista C\u00e1ssio Rafael Moreira, preceptor e coordenador da Resid\u00eancia M\u00e9dica em Dermatologia de Apucarana. Para outras demandas dermatol\u00f3gicas, como psor\u00edase, vitiligo, acne ou alergias, a orienta\u00e7\u00e3o \u00e9 procurar a unidade b\u00e1sica de sa\u00fade (UBS).<\/p>\n<p>C\u00e1ssio lembra que muitas pessoas convivem com manchas, pintas e pequenas les\u00f5es sem imaginar que podem representar risco. \u201cNossa equipe estar\u00e1 \u00e0 disposi\u00e7\u00e3o justamente para identificar precocemente poss\u00edveis altera\u00e7\u00f5es e encaminhar os casos que necessitem de investiga\u00e7\u00e3o. O Dezembro Laranja \u00e9 um alerta nacional, e Apucarana faz sua parte ampliando o acesso ao cuidado especializado\u201d, refor\u00e7a.<\/p>\n<p>Refer\u00eancia regional no atendimento dentro do Sistema \u00danico de Sa\u00fade (SUS), o ambulat\u00f3rio de dermatologia da Autarquia de Sa\u00fade da Prefeitura de Apucarana conta com uma equipe formada por 19 profissionais, sendo quatro preceptores dermatologistas, um cirurgi\u00e3o pl\u00e1stico, um cirurgi\u00e3o oncol\u00f3gico, um reumatologista, uma enfermeira, uma t\u00e9cnica de enfermagem, uma auxiliar de enfermagem, uma estagi\u00e1ria e uma servidora de servi\u00e7os gerais. Normalmente, a unidade atende a um fluxo de pacientes encaminhados pela aten\u00e7\u00e3o b\u00e1sica (unidades de sa\u00fade) e pelo Hospital da Provid\u00eancia.<\/p>\n","protected":false},"excerpt":{"rendered":"<p>Em apoio &agrave; Campanha Nacional Dezembro Laranja, a Prefeitura de Apucarana, por meio do Ambulat&oacute;rio de Resid&ecirc;ncia M&eacute;dica em Dermatologia, realiza no dia 13 de dezembro (13\/12), das 9 &agrave;s 14 horas, um mutir&atilde;o exclusivo para avalia&ccedil;&atilde;o de manchas e les&otilde;es suspeitas de c&acirc;ncer de pele. A a&ccedil;&atilde;o &eacute; gratuita e n&atilde;o contempla outros tipos [&hellip;]<\/p>\n","protected":false},"author":7,"featured_media":120824,"comment_status":"closed","ping_status":"closed","sticky":false,"template":"","format":"standard","meta":{"footnotes":""},"categories":[24],"tags":[],"class_list":["post-120821","post","type-post","status-publish","format-standard","has-post-thumbnail","hentry","category-noticias"],"acf":[],"_links":{"self":[{"href":"http:\/\/www.apucarana.pr.gov.br\/site\/wp-json\/wp\/v2\/posts\/120821","targetHints":{"allow":["GET"]}}],"collection":[{"href":"http:\/\/www.apucarana.pr.gov.br\/site\/wp-json\/wp\/v2\/posts"}],"about":[{"href":"http:\/\/www.apucarana.pr.gov.br\/site\/wp-json\/wp\/v2\/types\/post"}],"author":[{"embeddable":true,"href":"http:\/\/www.apucarana.pr.gov.br\/site\/wp-json\/wp\/v2\/users\/7"}],"replies":[{"embeddable":true,"href":"http:\/\/www.apucarana.pr.gov.br\/site\/wp-json\/wp\/v2\/comments?post=120821"}],"version-history":[{"count":1,"href":"http:\/\/www.apucarana.pr.gov.br\/site\/wp-json\/wp\/v2\/posts\/120821\/revisions"}],"predecessor-version":[{"id":120828,"href":"http:\/\/www.apucarana.pr.gov.br\/site\/wp-json\/wp\/v2\/posts\/120821\/revisions\/120828"}],"wp:featuredmedia":[{"embeddable":true,"href":"http:\/\/www.apucarana.pr.gov.br\/site\/wp-json\/wp\/v2\/media\/120824"}],"wp:attachment":[{"href":"http:\/\/www.apucarana.pr.gov.br\/site\/wp-json\/wp\/v2\/media?parent=120821"}],"wp:term":[{"taxonomy":"category","embeddable":true,"href":"http:\/\/www.apucarana.pr.gov.br\/site\/wp-json\/wp\/v2\/categories?post=120821"},{"taxonomy":"post_tag","embeddable":true,"href":"http:\/\/www.apucarana.pr.gov.br\/site\/wp-json\/wp\/v2\/tags?post=120821"}],"curies":[{"name":"wp","href":"https:\/\/api.w.org\/{rel}","templated":true}]}}