{"id":120813,"date":"2025-12-01T12:51:47","date_gmt":"2025-12-01T15:51:47","guid":{"rendered":"https:\/\/www.apucarana.pr.gov.br\/site\/?p=120813"},"modified":"2025-12-01T15:56:30","modified_gmt":"2025-12-01T18:56:30","slug":"apucarana-participara-do-forum-de-desenvolvimento-economico-do-norte-do-parana-que-vai-reunir-liderancas-e-autoridades-2","status":"publish","type":"post","link":"http:\/\/www.apucarana.pr.gov.br\/site\/apucarana-participara-do-forum-de-desenvolvimento-economico-do-norte-do-parana-que-vai-reunir-liderancas-e-autoridades-2\/","title":{"rendered":"Apucarana participar\u00e1 do F\u00f3rum de Desenvolvimento Econ\u00f4mico do Norte do Paran\u00e1 que vai reunir lideran\u00e7as e autoridades"},"content":{"rendered":"\n\t\t<!-- MasterSlider -->\n\t\t<div id=\"P_MS69ef9d11ea6f2\" class=\"master-slider-parent master-slider-gallery   ms-parent-id-0\" style=\"\" >\n\n\t\t\t\n\t\t\t<!-- MasterSlider Main -->\n\t\t\t<div id=\"MS69ef9d11ea6f2\" class=\"master-slider ms-skin-default\" >\n\t\t\t\t \t\t\t\t \n\t\t\t<div  class=\"ms-slide\" data-delay=\"3\"    >\n\t\t\t\t\t<img decoding=\"async\" src=\"http:\/\/www.apucarana.pr.gov.br\/site\/wp-content\/plugins\/masterslider\/public\/assets\/css\/blank.gif\" alt=\"WhatsApp Image 2025-12-01 at 11.52.34 (1)\" title=\"WhatsApp Image 2025-12-01 at 11.52.34 (1)\" data-src=\"http:\/\/www.apucarana.pr.gov.br\/site\/wp-content\/uploads\/2025\/12\/WhatsApp-Image-2025-12-01-at-11.52.34-1-1024x682.jpeg\" \/>\n\t<a href=\"http:\/\/www.apucarana.pr.gov.br\/site\/wp-content\/uploads\/2025\/12\/WhatsApp-Image-2025-12-01-at-11.52.34-1-1024x682.jpeg\" target=\"_self\"    >WhatsApp Image 2025-12-01 at 11.52.34 (1)<\/a>\n\n\n\t<img decoding=\"async\" class=\"ms-thumb\" src=\"http:\/\/www.apucarana.pr.gov.br\/site\/wp-content\/uploads\/2025\/12\/WhatsApp-Image-2025-12-01-at-11.52.34-1-1024x682-140x80.jpeg\" alt=\"WhatsApp Image 2025-12-01 at 11.52.34 (1)\" \/>\n\t\t\t\t<\/div>\n\n\t\t\t<\/div>\n\t\t\t<!-- END MasterSlider Main -->\n\n\t\t\t \n\t\t<\/div>\n\t\t<!-- END MasterSlider -->\n\n\t\t<script>\n\t\t( window.MSReady = window.MSReady || [] ).push( function( $ ) {\n\n\t\t\t\"use strict\";\n\t\t\tvar masterslider_a6f2 = new MasterSlider();\n\n\t\t\t\/\/ slider controls\n\t\t\tmasterslider_a6f2.control('arrows'     ,{ autohide:true, overVideo:true  });\n\t\t\tmasterslider_a6f2.control('thumblist'  ,{ autohide:false, overVideo:true, dir:'h', speed:17, inset:false, arrows:false, hover:false, customClass:'', align:'bottom',type:'thumbs', margin:2, width:140, height:80, space:2, fillMode:'fill'  });\n\t\t\t\/\/ slider setup\n\t\t\tmasterslider_a6f2.setup(\"MS69ef9d11ea6f2\", {\n\t\t\t\twidth           : 960,\n\t\t\t\theight          : 540,\n\t\t\t\tminHeight       : 0,\n\t\t\t\tspace           : 0,\n\t\t\t\tstart           : 1,\n\t\t\t\tgrabCursor      : true,\n\t\t\t\tswipe           : true,\n\t\t\t\tmouse           : true,\n\t\t\t\tkeyboard        : false,\n\t\t\t\tlayout          : \"fillwidth\",\n\t\t\t\twheel           : false,\n\t\t\t\tautoplay        : true,\n                instantStartLayers:false,\n\t\t\t\tmobileBGVideo:false,\n\t\t\t\tloop            : true,\n\t\t\t\tshuffle         : false,\n\t\t\t\tpreload         : 3,\n\t\t\t\theightLimit     : false,\n\t\t\t\tautoHeight      : false,\n\t\t\t\tsmoothHeight    : true,\n\t\t\t\tendPause        : false,\n\t\t\t\toverPause       : false,\n\t\t\t\tfillMode        : \"fill\",\n\t\t\t\tcenterControls  : true,\n\t\t\t\tstartOnAppear   : false,\n\t\t\t\tlayersMode      : \"center\",\n\t\t\t\tautofillTarget  : \"\",\n\t\t\t\thideLayers      : false,\n\t\t\t\tfullscreenMargin: 0,\n\t\t\t\tspeed           : 17,\n\t\t\t\tdir             : \"h\",\n\t\t\t\tresponsive      : true,\n\t\t\t\ttabletWidth     : 768,\n\t\t\t\ttabletHeight    : null,\n\t\t\t\tphoneWidth      : 480,\n\t\t\t\tphoneHeight    : null,\n\t\t\t\tsizingReference : window,\n\t\t\t\tparallaxMode    : 'swipe',\n\t\t\t\tview            : \"basic\"\n\t\t\t});\n\n\t\t\t\n\t\t\twindow.masterslider_instances = window.masterslider_instances || [];\n\t\t\twindow.masterslider_instances.push( masterslider_a6f2 );\n\t\t});\n\t\t<\/script>\n\n\n<p>O Norte do Paran\u00e1 se prepara para um dos mais importantes encontros regionais voltados \u00e0 integra\u00e7\u00e3o e ao planejamento estrat\u00e9gico: o F\u00f3rum de Desenvolvimento Econ\u00f4mico do Norte do Paran\u00e1, que ser\u00e1 realizado no dia 9 de dezembro de 2025, na Sociedade Rural do Paran\u00e1, no Recinto Jos\u00e9 Garcia Molina. O evento acontecer\u00e1 as 14 horas \u00e0s 18h45. O credenciamento dos participantes ser\u00e1 das 13h \u00e0s 14h.<\/p>\n<p>Com o objetivo de promover o di\u00e1logo, a coopera\u00e7\u00e3o e o alinhamento de pol\u00edticas p\u00fablicas entre os munic\u00edpios da Regi\u00e3o Metropolitana de Londrina \u2014 que inclui Londrina, Ibipor\u00e3, Camb\u00e9, Rol\u00e2ndia, Arapongas e Apucarana \u2014, o evento busca fortalecer a\u00e7\u00f5es conjuntas voltadas \u00e0 inova\u00e7\u00e3o, sustentabilidade e competitividade econ\u00f4mica.<\/p>\n<p>A regi\u00e3o concentra uma das maiores popula\u00e7\u00f5es do interior do Brasil, com cerca de 1,3 milh\u00e3o de habitantes, e destaca-se como um dos polos mais din\u00e2micos do estado do Paran\u00e1. Sua economia \u00e9 diversificada e fortemente impulsionada pelos setores industrial, de servi\u00e7os, agroneg\u00f3cio, tecnologia e educa\u00e7\u00e3o, o que a coloca em posi\u00e7\u00e3o estrat\u00e9gica para o desenvolvimento sustent\u00e1vel e integrado.<\/p>\n<p>O F\u00f3rum de Desenvolvimento Econ\u00f4mico tamb\u00e9m ter\u00e1 um papel essencial no fomento \u00e0 uni\u00e3o das seis cidades da regi\u00e3o metropolitana em torno de reivindica\u00e7\u00f5es conjuntas ao governo estadual e federal, com o objetivo de ampliar oportunidades de neg\u00f3cios, atrair investimentos e fortalecer a infraestrutura econ\u00f4mica regional. A iniciativa pretende demonstrar que, ao atender \u00e0s demandas do Norte do Paran\u00e1, o Estado contribui diretamente para o fortalecimento de toda a economia paranaense. Al\u00e9m disso, o evento visa estimular a cria\u00e7\u00e3o de parcerias p\u00fablico-privadas, fundamentais para o avan\u00e7o de projetos estruturantes e sustent\u00e1veis.<\/p>\n<p>O F\u00f3rum \u00e9 uma realiza\u00e7\u00e3o do GCSM (Global Council for Sustainable Management), com participa\u00e7\u00e3o especial do F\u00f3rum das Am\u00e9ricas, em parceria com a Sociedade Rural do Paran\u00e1 e a Associa\u00e7\u00e3o Comercial e Industrial de Londrina (ACIL), SEBRAE e CEAL, dentre as entidades da sociedade civil organizada, e conta ainda com o apoio de outras institui\u00e7\u00f5es voltadas ao fomento regional.<\/p>\n<p>O evento reunir\u00e1 autoridades e lideran\u00e7as de todo o Estado, incluindo o governador do Paran\u00e1, Ratinho Junior, ministros, senadores, secret\u00e1rios estaduais, deputados federais e estaduais, al\u00e9m de prefeitos, vereadores, empres\u00e1rios e presidentes de entidades de classe. Ser\u00e1 um espa\u00e7o de debate, troca de experi\u00eancias e constru\u00e7\u00e3o de estrat\u00e9gias conjuntas para fortalecer o desenvolvimento econ\u00f4mico do Norte paranaense.<\/p>\n<p><strong>\u00a0<\/strong><strong>Prefeitos enfatizam import\u00e2ncia do F\u00f3rum<\/strong><\/p>\n<p>O prefeito de Londrina, Tiago Amaral, enfatizou a import\u00e2ncia do F\u00f3rum de Desenvolvimento Econ\u00f4mico para os munic\u00edpios, n\u00e3o s\u00f3 do G-6, mas de toda regi\u00e3o. \u201cEste F\u00f3rum reafirma o protagonismo do Norte do Paran\u00e1 como um dos motores econ\u00f4micos do Estado. \u00c9 momento de somarmos for\u00e7as, apresentarmos demandas conjuntas e abrirmos caminhos para novos investimentos, parcerias e pol\u00edticas p\u00fablicas que fortale\u00e7am nossa regi\u00e3o. O desenvolvimento do Norte do Paran\u00e1 passa pela uni\u00e3o das nossas cidades. Este F\u00f3rum \u00e9 a oportunidade de alinharmos estrat\u00e9gias, fortalecermos agendas conjuntas e mostrarmos que, quando pensamos regionalmente, todos ganham: Londrina e Regi\u00e3o Metropolitana\u201d, destacou Amaral.<\/p>\n<p>O prefeito de Apucarana, Rodolfo Mota, enfatiza que a participa\u00e7\u00e3o do munic\u00edpio no F\u00f3rum de Desenvolvimento do Norte do Paran\u00e1 \u00e9 uma oportunidade estrat\u00e9gica para fortalecer a Regi\u00e3o Metropolitana de Londrina e projetar as voca\u00e7\u00f5es econ\u00f4micas da regi\u00e3o. \u201cO encontro re\u00fane lideran\u00e7as capazes de transformar o futuro das cidades, atraindo investidores e novas parcerias. O F\u00f3rum se torna uma vitrine de alto impacto para setores como a ind\u00fastria do bon\u00e9 \u2014 em que Apucarana lidera como maior polo de confec\u00e7\u00f5es do Paran\u00e1 e um dos maiores do Brasil \u2014 al\u00e9m dos segmentos metalmec\u00e2nico e de biofertilizantes.\u00a0O munic\u00edpio tamb\u00e9m se destaca como refer\u00eancia educacional, ao abrigar quatro institui\u00e7\u00f5es de ensino superior, sendo duas privadas, uma estadual e uma federal. Na educa\u00e7\u00e3o b\u00e1sica, Apucarana ostenta o maior IDEB do Paran\u00e1 entre munic\u00edpios de m\u00e9dio e grande porte, refor\u00e7ando seu potencial de desenvolvimento\u201d, salientou Rodolfo Mota.<\/p>\n<p>Conrado Scheller, prefeito de Camb\u00e9 e presidente da Associa\u00e7\u00e3o dos Munic\u00edpios do M\u00e9dio Paranapanema (Amepar), afirma que cada munic\u00edpio tem sua particularidade e a soma dessas for\u00e7as far\u00e1 a diferen\u00e7a. \u201cPrecisamos mostrar ao Brasil o que o Norte do Paran\u00e1 \u00e9 capaz de produzir e como podemos contribuir para um pa\u00eds mais forte. J\u00e1 somos respons\u00e1veis por uma parcela significativa do desenvolvimento do Estado, que pode se tornar exemplo nacional.\u00a0Queremos tamb\u00e9m demonstrar aos investidores que aplicar recursos no Norte do Paran\u00e1 \u00e9 seguro e estrat\u00e9gico. Mostrar nossa for\u00e7a conjunta \u00e9 fundamental para atrair novos investimentos e consolidar o desenvolvimento regional\u201d, ressaltou.<\/p>\n<p>O prefeito de Arapongas, Rafael Cita, reitera que o F\u00f3rum \u00e9 uma oportunidade para que as lideran\u00e7as municipalistas possam fortalecer as discuss\u00f5es estrat\u00e9gicas que moldam o futuro do Norte do Paran\u00e1. \u201cTodo gestor com olhos voltados para o futuro deve valorizar um evento que re\u00fane l\u00edderes, especialistas e gestores p\u00fablicos para alinhar pol\u00edticas e promover solu\u00e7\u00f5es conjuntas para desafios regionais.\u00a0Estar presente significa integrar-se a uma rede de coopera\u00e7\u00e3o que busca desenvolvimento econ\u00f4mico, inova\u00e7\u00e3o e sustentabilidade\u201d, salientou.<\/p>\n<p>O prefeito de Rol\u00e2ndia, Ailton Maistro, frisa que o F\u00f3rum ser\u00e1 importante para a troca de experi\u00eancias. \u201cCom os v\u00e1rios gestores, lideran\u00e7as pol\u00edticas e empres\u00e1rios, vamos discutir os assuntos e o futuro. Eu j\u00e1 tenho feito isso no nosso munic\u00edpio, como podemos melhorar, onde e como podemos buscar para fortalecer Rol\u00e2ndia ainda mais. O\u00a0F\u00f3rum, com certeza, vai engrandecer e capacitar os munic\u00edpios participantes e abrir as portas das cidades para novas empresas, pol\u00edticos e empres\u00e1rios. Com essa uni\u00e3o, toda a regi\u00e3o ganha, n\u00e3o adianta o munic\u00edpio querer puxar para o seu lado, precisamos promover esse fortalecimento conjunto, para melhorar para todos, em todos os aspectos\u201d, afirmou.<\/p>\n<p>O prefeito de Ibipor\u00e3, Jos\u00e9 Maria Ferreira, destaca que o espa\u00e7o de debate ser\u00e1 importante, pois o desenvolvimento da Regi\u00e3o Metropolitana de Londrina deve ser constru\u00eddo com a uni\u00e3o dos munic\u00edpios. \u201cO F\u00f3rum de Desenvolvimento Econ\u00f4mico \u00e9 uma oportunidade essencial para fortalecermos nossa representatividade pol\u00edtica, econ\u00f4mica e social. Estar presente \u00e9 afirmar nossa voz e garantir que o Norte do Paran\u00e1 siga avan\u00e7ando com for\u00e7a e protagonismo\u201d, disse.<\/p>\n<p><strong>\u00a0<\/strong><strong>Marco para a integra\u00e7\u00e3o regional<\/strong><\/p>\n<p>Com essa ampla mobiliza\u00e7\u00e3o, o F\u00f3rum se consolida como um marco para a integra\u00e7\u00e3o regional e o fortalecimento de pol\u00edticas p\u00fablicas inovadoras, capazes de impulsionar o crescimento equilibrado e sustent\u00e1vel de uma das regi\u00f5es mais promissoras do Paran\u00e1.<\/p>\n<p>O F\u00f3rum de Desenvolvimento Econ\u00f4mico do Norte do Paran\u00e1 \u00e9 um evento fechado, somente para convidados diretamente relacionados com o objetivo do evento.<\/p>\n<p>O F\u00f3rum tem o patroc\u00ednio das empresas: PADO, MSE, JET, Grande Londrina, Sanepar, Marcelo Diniz Sociedade de Advogados, Frezarin Eventos, Brandt, Cons\u00f3rcio Londrina Segura, A.Yoshii e Midiograf.<\/p>\n<p><strong>\u00a0<\/strong><\/p>\n<p><strong>Com informa\u00e7\u00f5es da Assessoria de Comunica\u00e7\u00e3o do F\u00f3rum de Desenvolvimento Econ\u00f4mico do Norte do Paran\u00e1.<\/strong><\/p>\n<p>&nbsp;<\/p>\n","protected":false},"excerpt":{"rendered":"<p>O Norte do Paran&aacute; se prepara para um dos mais importantes encontros regionais voltados &agrave; integra&ccedil;&atilde;o e ao planejamento estrat&eacute;gico: o F&oacute;rum de Desenvolvimento Econ&ocirc;mico do Norte do Paran&aacute;, que ser&aacute; realizado no dia 9 de dezembro de 2025, na Sociedade Rural do Paran&aacute;, no Recinto Jos&eacute; Garcia Molina. O evento acontecer&aacute; as 14 horas [&hellip;]<\/p>\n","protected":false},"author":6,"featured_media":120815,"comment_status":"closed","ping_status":"closed","sticky":false,"template":"","format":"standard","meta":{"footnotes":""},"categories":[24],"tags":[],"class_list":["post-120813","post","type-post","status-publish","format-standard","has-post-thumbnail","hentry","category-noticias"],"acf":[],"_links":{"self":[{"href":"http:\/\/www.apucarana.pr.gov.br\/site\/wp-json\/wp\/v2\/posts\/120813","targetHints":{"allow":["GET"]}}],"collection":[{"href":"http:\/\/www.apucarana.pr.gov.br\/site\/wp-json\/wp\/v2\/posts"}],"about":[{"href":"http:\/\/www.apucarana.pr.gov.br\/site\/wp-json\/wp\/v2\/types\/post"}],"author":[{"embeddable":true,"href":"http:\/\/www.apucarana.pr.gov.br\/site\/wp-json\/wp\/v2\/users\/6"}],"replies":[{"embeddable":true,"href":"http:\/\/www.apucarana.pr.gov.br\/site\/wp-json\/wp\/v2\/comments?post=120813"}],"version-history":[{"count":4,"href":"http:\/\/www.apucarana.pr.gov.br\/site\/wp-json\/wp\/v2\/posts\/120813\/revisions"}],"predecessor-version":[{"id":120819,"href":"http:\/\/www.apucarana.pr.gov.br\/site\/wp-json\/wp\/v2\/posts\/120813\/revisions\/120819"}],"wp:featuredmedia":[{"embeddable":true,"href":"http:\/\/www.apucarana.pr.gov.br\/site\/wp-json\/wp\/v2\/media\/120815"}],"wp:attachment":[{"href":"http:\/\/www.apucarana.pr.gov.br\/site\/wp-json\/wp\/v2\/media?parent=120813"}],"wp:term":[{"taxonomy":"category","embeddable":true,"href":"http:\/\/www.apucarana.pr.gov.br\/site\/wp-json\/wp\/v2\/categories?post=120813"},{"taxonomy":"post_tag","embeddable":true,"href":"http:\/\/www.apucarana.pr.gov.br\/site\/wp-json\/wp\/v2\/tags?post=120813"}],"curies":[{"name":"wp","href":"https:\/\/api.w.org\/{rel}","templated":true}]}}