{"id":120800,"date":"2025-12-01T11:17:57","date_gmt":"2025-12-01T14:17:57","guid":{"rendered":"https:\/\/www.apucarana.pr.gov.br\/site\/?p=120800"},"modified":"2025-12-01T11:17:57","modified_gmt":"2025-12-01T14:17:57","slug":"prefeitura-de-apucarana-realiza-formatura-de-1-280-criancas-da-educacao-infantil","status":"publish","type":"post","link":"http:\/\/www.apucarana.pr.gov.br\/site\/prefeitura-de-apucarana-realiza-formatura-de-1-280-criancas-da-educacao-infantil\/","title":{"rendered":"Prefeitura de Apucarana realiza formatura de 1.280 crian\u00e7as da Educa\u00e7\u00e3o Infantil"},"content":{"rendered":"\n\t\t<!-- MasterSlider -->\n\t\t<div id=\"P_MS69ef9cf3ad38e\" class=\"master-slider-parent master-slider-gallery   ms-parent-id-0\" style=\"\" >\n\n\t\t\t\n\t\t\t<!-- MasterSlider Main -->\n\t\t\t<div id=\"MS69ef9cf3ad38e\" class=\"master-slider ms-skin-default\" >\n\t\t\t\t \t\t\t\t \n\t\t\t<div  class=\"ms-slide\" data-delay=\"3\"    >\n\t\t\t\t\t<img decoding=\"async\" src=\"http:\/\/www.apucarana.pr.gov.br\/site\/wp-content\/plugins\/masterslider\/public\/assets\/css\/blank.gif\" alt=\"FORMATURA ED INFANTIL 1\" title=\"FORMATURA ED INFANTIL 1\" data-src=\"http:\/\/www.apucarana.pr.gov.br\/site\/wp-content\/uploads\/2025\/12\/FORMATURA-ED-INFANTIL-1-1024x768.jpg\" \/>\n\t<a href=\"http:\/\/www.apucarana.pr.gov.br\/site\/wp-content\/uploads\/2025\/12\/FORMATURA-ED-INFANTIL-1-1024x768.jpg\" target=\"_self\"    >FORMATURA ED INFANTIL 1<\/a>\n\n\n\t<img decoding=\"async\" class=\"ms-thumb\" src=\"http:\/\/www.apucarana.pr.gov.br\/site\/wp-content\/uploads\/2025\/12\/FORMATURA-ED-INFANTIL-1-1024x768-140x80.jpg\" alt=\"FORMATURA ED INFANTIL 1\" \/>\n\t\t\t\t<\/div>\n\t\t\t<div  class=\"ms-slide\" data-delay=\"3\"    >\n\t\t\t\t\t<img decoding=\"async\" src=\"http:\/\/www.apucarana.pr.gov.br\/site\/wp-content\/plugins\/masterslider\/public\/assets\/css\/blank.gif\" alt=\"FORMATURA ED INFANTIL 2\" title=\"FORMATURA ED INFANTIL 2\" data-src=\"http:\/\/www.apucarana.pr.gov.br\/site\/wp-content\/uploads\/2025\/12\/FORMATURA-ED-INFANTIL-2-1024x768.jpg\" \/>\n\t<a href=\"http:\/\/www.apucarana.pr.gov.br\/site\/wp-content\/uploads\/2025\/12\/FORMATURA-ED-INFANTIL-2-1024x768.jpg\" target=\"_self\"    >FORMATURA ED INFANTIL 2<\/a>\n\n\n\t<img decoding=\"async\" class=\"ms-thumb\" src=\"http:\/\/www.apucarana.pr.gov.br\/site\/wp-content\/uploads\/2025\/12\/FORMATURA-ED-INFANTIL-2-1024x768-140x80.jpg\" alt=\"FORMATURA ED INFANTIL 2\" \/>\n\t\t\t\t<\/div>\n\t\t\t<div  class=\"ms-slide\" data-delay=\"3\"    >\n\t\t\t\t\t<img decoding=\"async\" src=\"http:\/\/www.apucarana.pr.gov.br\/site\/wp-content\/plugins\/masterslider\/public\/assets\/css\/blank.gif\" alt=\"FORMATURA ED INFANTIL 3\" title=\"FORMATURA ED INFANTIL 3\" data-src=\"http:\/\/www.apucarana.pr.gov.br\/site\/wp-content\/uploads\/2025\/12\/FORMATURA-ED-INFANTIL-3-1024x768.jpg\" \/>\n\t<a href=\"http:\/\/www.apucarana.pr.gov.br\/site\/wp-content\/uploads\/2025\/12\/FORMATURA-ED-INFANTIL-3-1024x768.jpg\" target=\"_self\"    >FORMATURA ED INFANTIL 3<\/a>\n\n\n\t<img decoding=\"async\" class=\"ms-thumb\" src=\"http:\/\/www.apucarana.pr.gov.br\/site\/wp-content\/uploads\/2025\/12\/FORMATURA-ED-INFANTIL-3-1024x768-140x80.jpg\" alt=\"FORMATURA ED INFANTIL 3\" \/>\n\t\t\t\t<\/div>\n\t\t\t<div  class=\"ms-slide\" data-delay=\"3\"    >\n\t\t\t\t\t<img decoding=\"async\" src=\"http:\/\/www.apucarana.pr.gov.br\/site\/wp-content\/plugins\/masterslider\/public\/assets\/css\/blank.gif\" alt=\"FORMATURA ED INFANTIL 4\" title=\"FORMATURA ED INFANTIL 4\" data-src=\"http:\/\/www.apucarana.pr.gov.br\/site\/wp-content\/uploads\/2025\/12\/FORMATURA-ED-INFANTIL-4-1024x768.jpg\" \/>\n\t<a href=\"http:\/\/www.apucarana.pr.gov.br\/site\/wp-content\/uploads\/2025\/12\/FORMATURA-ED-INFANTIL-4-1024x768.jpg\" target=\"_self\"    >FORMATURA ED INFANTIL 4<\/a>\n\n\n\t<img decoding=\"async\" class=\"ms-thumb\" src=\"http:\/\/www.apucarana.pr.gov.br\/site\/wp-content\/uploads\/2025\/12\/FORMATURA-ED-INFANTIL-4-1024x768-140x80.jpg\" alt=\"FORMATURA ED INFANTIL 4\" \/>\n\t\t\t\t<\/div>\n\t\t\t<div  class=\"ms-slide\" data-delay=\"3\"    >\n\t\t\t\t\t<img decoding=\"async\" src=\"http:\/\/www.apucarana.pr.gov.br\/site\/wp-content\/plugins\/masterslider\/public\/assets\/css\/blank.gif\" alt=\"FORMATURA ED INFANTIL 5\" title=\"FORMATURA ED INFANTIL 5\" data-src=\"http:\/\/www.apucarana.pr.gov.br\/site\/wp-content\/uploads\/2025\/12\/FORMATURA-ED-INFANTIL-5-1024x768.jpg\" \/>\n\t<a href=\"http:\/\/www.apucarana.pr.gov.br\/site\/wp-content\/uploads\/2025\/12\/FORMATURA-ED-INFANTIL-5-1024x768.jpg\" target=\"_self\"    >FORMATURA ED INFANTIL 5<\/a>\n\n\n\t<img decoding=\"async\" class=\"ms-thumb\" src=\"http:\/\/www.apucarana.pr.gov.br\/site\/wp-content\/uploads\/2025\/12\/FORMATURA-ED-INFANTIL-5-1024x768-140x80.jpg\" alt=\"FORMATURA ED INFANTIL 5\" \/>\n\t\t\t\t<\/div>\n\t\t\t<div  class=\"ms-slide\" data-delay=\"3\"    >\n\t\t\t\t\t<img decoding=\"async\" src=\"http:\/\/www.apucarana.pr.gov.br\/site\/wp-content\/plugins\/masterslider\/public\/assets\/css\/blank.gif\" alt=\"FORMATURA ED INFANTIL 6\" title=\"FORMATURA ED INFANTIL 6\" data-src=\"http:\/\/www.apucarana.pr.gov.br\/site\/wp-content\/uploads\/2025\/12\/FORMATURA-ED-INFANTIL-6-1024x768.jpg\" \/>\n\t<a href=\"http:\/\/www.apucarana.pr.gov.br\/site\/wp-content\/uploads\/2025\/12\/FORMATURA-ED-INFANTIL-6-1024x768.jpg\" target=\"_self\"    >FORMATURA ED INFANTIL 6<\/a>\n\n\n\t<img decoding=\"async\" class=\"ms-thumb\" src=\"http:\/\/www.apucarana.pr.gov.br\/site\/wp-content\/uploads\/2025\/12\/FORMATURA-ED-INFANTIL-6-1024x768-140x80.jpg\" alt=\"FORMATURA ED INFANTIL 6\" \/>\n\t\t\t\t<\/div>\n\t\t\t<div  class=\"ms-slide\" data-delay=\"3\"    >\n\t\t\t\t\t<img decoding=\"async\" src=\"http:\/\/www.apucarana.pr.gov.br\/site\/wp-content\/plugins\/masterslider\/public\/assets\/css\/blank.gif\" alt=\"FORMATURA ED INFANTIL 7\" title=\"FORMATURA ED INFANTIL 7\" data-src=\"http:\/\/www.apucarana.pr.gov.br\/site\/wp-content\/uploads\/2025\/12\/FORMATURA-ED-INFANTIL-7-1024x768.jpg\" \/>\n\t<a href=\"http:\/\/www.apucarana.pr.gov.br\/site\/wp-content\/uploads\/2025\/12\/FORMATURA-ED-INFANTIL-7-1024x768.jpg\" target=\"_self\"    >FORMATURA ED INFANTIL 7<\/a>\n\n\n\t<img decoding=\"async\" class=\"ms-thumb\" src=\"http:\/\/www.apucarana.pr.gov.br\/site\/wp-content\/uploads\/2025\/12\/FORMATURA-ED-INFANTIL-7-1024x768-140x80.jpg\" alt=\"FORMATURA ED INFANTIL 7\" \/>\n\t\t\t\t<\/div>\n\t\t\t<div  class=\"ms-slide\" data-delay=\"3\"    >\n\t\t\t\t\t<img decoding=\"async\" src=\"http:\/\/www.apucarana.pr.gov.br\/site\/wp-content\/plugins\/masterslider\/public\/assets\/css\/blank.gif\" alt=\"FORMATURA ED INFANTIL 8\" title=\"FORMATURA ED INFANTIL 8\" data-src=\"http:\/\/www.apucarana.pr.gov.br\/site\/wp-content\/uploads\/2025\/12\/FORMATURA-ED-INFANTIL-8-1024x768.jpg\" \/>\n\t<a href=\"http:\/\/www.apucarana.pr.gov.br\/site\/wp-content\/uploads\/2025\/12\/FORMATURA-ED-INFANTIL-8-1024x768.jpg\" target=\"_self\"    >FORMATURA ED INFANTIL 8<\/a>\n\n\n\t<img decoding=\"async\" class=\"ms-thumb\" src=\"http:\/\/www.apucarana.pr.gov.br\/site\/wp-content\/uploads\/2025\/12\/FORMATURA-ED-INFANTIL-8-1024x768-140x80.jpg\" alt=\"FORMATURA ED INFANTIL 8\" \/>\n\t\t\t\t<\/div>\n\n\t\t\t<\/div>\n\t\t\t<!-- END MasterSlider Main -->\n\n\t\t\t \n\t\t<\/div>\n\t\t<!-- END MasterSlider -->\n\n\t\t<script>\n\t\t( window.MSReady = window.MSReady || [] ).push( function( $ ) {\n\n\t\t\t\"use strict\";\n\t\t\tvar masterslider_d38e = new MasterSlider();\n\n\t\t\t\/\/ slider controls\n\t\t\tmasterslider_d38e.control('arrows'     ,{ autohide:true, overVideo:true  });\n\t\t\tmasterslider_d38e.control('thumblist'  ,{ autohide:false, overVideo:true, dir:'h', speed:17, inset:false, arrows:false, hover:false, customClass:'', align:'bottom',type:'thumbs', margin:2, width:140, height:80, space:2, fillMode:'fill'  });\n\t\t\t\/\/ slider setup\n\t\t\tmasterslider_d38e.setup(\"MS69ef9cf3ad38e\", {\n\t\t\t\twidth           : 960,\n\t\t\t\theight          : 540,\n\t\t\t\tminHeight       : 0,\n\t\t\t\tspace           : 0,\n\t\t\t\tstart           : 1,\n\t\t\t\tgrabCursor      : true,\n\t\t\t\tswipe           : true,\n\t\t\t\tmouse           : true,\n\t\t\t\tkeyboard        : false,\n\t\t\t\tlayout          : \"fillwidth\",\n\t\t\t\twheel           : false,\n\t\t\t\tautoplay        : true,\n                instantStartLayers:false,\n\t\t\t\tmobileBGVideo:false,\n\t\t\t\tloop            : true,\n\t\t\t\tshuffle         : false,\n\t\t\t\tpreload         : 3,\n\t\t\t\theightLimit     : false,\n\t\t\t\tautoHeight      : false,\n\t\t\t\tsmoothHeight    : true,\n\t\t\t\tendPause        : false,\n\t\t\t\toverPause       : false,\n\t\t\t\tfillMode        : \"fill\",\n\t\t\t\tcenterControls  : true,\n\t\t\t\tstartOnAppear   : false,\n\t\t\t\tlayersMode      : \"center\",\n\t\t\t\tautofillTarget  : \"\",\n\t\t\t\thideLayers      : false,\n\t\t\t\tfullscreenMargin: 0,\n\t\t\t\tspeed           : 17,\n\t\t\t\tdir             : \"h\",\n\t\t\t\tresponsive      : true,\n\t\t\t\ttabletWidth     : 768,\n\t\t\t\ttabletHeight    : null,\n\t\t\t\tphoneWidth      : 480,\n\t\t\t\tphoneHeight    : null,\n\t\t\t\tsizingReference : window,\n\t\t\t\tparallaxMode    : 'swipe',\n\t\t\t\tview            : \"basic\"\n\t\t\t});\n\n\t\t\t\n\t\t\twindow.masterslider_instances = window.masterslider_instances || [];\n\t\t\twindow.masterslider_instances.push( masterslider_d38e );\n\t\t});\n\t\t<\/script>\n\n\n<p>A Prefeitura de Apucarana realizou, no s\u00e1bado (29\/11), a formatura dos 1.280 estudantes que conclu\u00edram a Educa\u00e7\u00e3o Infantil na rede municipal de ensino. O Gin\u00e1sio de Esportes Lago\u00e3o ficou lotado com familiares que acompanharam a entrega do primeiro certificado escolar \u00e0s crian\u00e7as.<\/p>\n<p>A Educa\u00e7\u00e3o Infantil \u00e9 a etapa inicial da Educa\u00e7\u00e3o B\u00e1sica e tem como finalidade promover o desenvolvimento integral da crian\u00e7a at\u00e9 os seis anos de idade, considerando aspectos f\u00edsicos, cognitivos, emocionais e sociais. O prefeito Rodolfo Mota afirmou que a cerim\u00f4nia representa uma transi\u00e7\u00e3o importante. \u201cA formatura marca uma mudan\u00e7a. Agora, os estudantes seguir\u00e3o para o primeiro ano, e temos o desafio de garantir que todos estejam alfabetizados at\u00e9 o final do segundo ano. Pelas apresenta\u00e7\u00f5es, pelo juramento e pela leitura b\u00edblica, observamos que est\u00e3o bem encaminhados\u201d, declarou.<\/p>\n<p>A secret\u00e1ria municipal de Educa\u00e7\u00e3o, professora Ana Paula do Carmo Donato, reconheceu o trabalho das equipes escolares. \u201cA Educa\u00e7\u00e3o Infantil come\u00e7a nos CMEIs, onde os beb\u00eas iniciam a comunica\u00e7\u00e3o, d\u00e3o os primeiros passos e come\u00e7am a socializar. Em seguida, no Infantil 4 e 5, avan\u00e7am no desenvolvimento da comunica\u00e7\u00e3o, da socializa\u00e7\u00e3o e da coordena\u00e7\u00e3o motora fina e grossa. Esse processo exige planejamento e dedica\u00e7\u00e3o. Cada jogo e brincadeira envolve um trabalho pedag\u00f3gico estruturado. Parabenizo todos os profissionais que contribu\u00edram para esta etapa\u201d, afirmou.<\/p>\n<p>Durante o evento, o prefeito tamb\u00e9m informou que o Gin\u00e1sio Lago\u00e3o ser\u00e1 fechado para obras ap\u00f3s o encerramento das formaturas da educa\u00e7\u00e3o. \u201cO investimento ser\u00e1 de quase R$ 1,5 milh\u00e3o para adequar a quadra \u00e0s medidas oficiais e instalar assentos nas arquibancadas. O objetivo \u00e9 oferecer mais conforto ao p\u00fablico. Na formatura do pr\u00f3ximo ano, teremos uma arena de eventos renovada\u201d, disse.<\/p>\n<p>Presen\u00e7as \u2014 Participaram da cerim\u00f4nia a primeira-dama Karine Mota, o presidente da C\u00e2mara Municipal de Apucarana, Danylo Acioli, os vereadores Mois\u00e9s Tavares, Gabriel Caldeira e Pablo da Seguran\u00e7a, a t\u00e9cnica do N\u00facleo Regional de Educa\u00e7\u00e3o, Neucely Gon\u00e7alvez Vicente Ribeiro, al\u00e9m de secret\u00e1rios municipais.<br \/>\nA pr\u00f3xima solenidade de formatura ser\u00e1 realizada nesta segunda-feira (1\u00ba\/12), \u00e0s 19 horas, tamb\u00e9m no Gin\u00e1sio Lago\u00e3o, com os estudantes do 5\u00ba ano do Ensino Fundamental.<\/p>\n","protected":false},"excerpt":{"rendered":"<p>A Prefeitura de Apucarana realizou, no s&aacute;bado (29\/11), a formatura dos 1.280 estudantes que conclu&iacute;ram a Educa&ccedil;&atilde;o Infantil na rede municipal de ensino. O Gin&aacute;sio de Esportes Lago&atilde;o ficou lotado com familiares que acompanharam a entrega do primeiro certificado escolar &agrave;s crian&ccedil;as. A Educa&ccedil;&atilde;o Infantil &eacute; a etapa inicial da Educa&ccedil;&atilde;o B&aacute;sica e tem como [&hellip;]<\/p>\n","protected":false},"author":8,"featured_media":120804,"comment_status":"closed","ping_status":"closed","sticky":false,"template":"","format":"standard","meta":{"footnotes":""},"categories":[24],"tags":[],"class_list":["post-120800","post","type-post","status-publish","format-standard","has-post-thumbnail","hentry","category-noticias"],"acf":[],"_links":{"self":[{"href":"http:\/\/www.apucarana.pr.gov.br\/site\/wp-json\/wp\/v2\/posts\/120800","targetHints":{"allow":["GET"]}}],"collection":[{"href":"http:\/\/www.apucarana.pr.gov.br\/site\/wp-json\/wp\/v2\/posts"}],"about":[{"href":"http:\/\/www.apucarana.pr.gov.br\/site\/wp-json\/wp\/v2\/types\/post"}],"author":[{"embeddable":true,"href":"http:\/\/www.apucarana.pr.gov.br\/site\/wp-json\/wp\/v2\/users\/8"}],"replies":[{"embeddable":true,"href":"http:\/\/www.apucarana.pr.gov.br\/site\/wp-json\/wp\/v2\/comments?post=120800"}],"version-history":[{"count":1,"href":"http:\/\/www.apucarana.pr.gov.br\/site\/wp-json\/wp\/v2\/posts\/120800\/revisions"}],"predecessor-version":[{"id":120809,"href":"http:\/\/www.apucarana.pr.gov.br\/site\/wp-json\/wp\/v2\/posts\/120800\/revisions\/120809"}],"wp:featuredmedia":[{"embeddable":true,"href":"http:\/\/www.apucarana.pr.gov.br\/site\/wp-json\/wp\/v2\/media\/120804"}],"wp:attachment":[{"href":"http:\/\/www.apucarana.pr.gov.br\/site\/wp-json\/wp\/v2\/media?parent=120800"}],"wp:term":[{"taxonomy":"category","embeddable":true,"href":"http:\/\/www.apucarana.pr.gov.br\/site\/wp-json\/wp\/v2\/categories?post=120800"},{"taxonomy":"post_tag","embeddable":true,"href":"http:\/\/www.apucarana.pr.gov.br\/site\/wp-json\/wp\/v2\/tags?post=120800"}],"curies":[{"name":"wp","href":"https:\/\/api.w.org\/{rel}","templated":true}]}}