{"id":120784,"date":"2025-12-01T10:46:43","date_gmt":"2025-12-01T13:46:43","guid":{"rendered":"https:\/\/www.apucarana.pr.gov.br\/site\/?p=120784"},"modified":"2025-12-01T13:24:14","modified_gmt":"2025-12-01T16:24:14","slug":"final-do-circuito-de-corrida-das-escolas-municipais-reune-as-familias-e-reforca-papel-do-esporte-na-formacao-dos-estudantes","status":"publish","type":"post","link":"http:\/\/www.apucarana.pr.gov.br\/site\/final-do-circuito-de-corrida-das-escolas-municipais-reune-as-familias-e-reforca-papel-do-esporte-na-formacao-dos-estudantes\/","title":{"rendered":"Final do Circuito de Corrida das Escolas Municipais re\u00fane as fam\u00edlias e refor\u00e7a papel do esporte na forma\u00e7\u00e3o dos estudantes"},"content":{"rendered":"\n\t\t<!-- MasterSlider -->\n\t\t<div id=\"P_MS69ef9d034179d\" class=\"master-slider-parent master-slider-gallery   ms-parent-id-0\" style=\"\" >\n\n\t\t\t\n\t\t\t<!-- MasterSlider Main -->\n\t\t\t<div id=\"MS69ef9d034179d\" class=\"master-slider ms-skin-default\" >\n\t\t\t\t \t\t\t\t \n\t\t\t<div  class=\"ms-slide\" data-delay=\"3\"    >\n\t\t\t\t\t<img decoding=\"async\" src=\"http:\/\/www.apucarana.pr.gov.br\/site\/wp-content\/plugins\/masterslider\/public\/assets\/css\/blank.gif\" alt=\"1da8f66f-9e05-4ab3-93a0-9c6a332f610c\" title=\"1da8f66f-9e05-4ab3-93a0-9c6a332f610c\" data-src=\"http:\/\/www.apucarana.pr.gov.br\/site\/wp-content\/uploads\/2025\/12\/1da8f66f-9e05-4ab3-93a0-9c6a332f610c-1024x768.jpg\" \/>\n\t<a href=\"http:\/\/www.apucarana.pr.gov.br\/site\/wp-content\/uploads\/2025\/12\/1da8f66f-9e05-4ab3-93a0-9c6a332f610c-1024x768.jpg\" target=\"_self\"    >1da8f66f-9e05-4ab3-93a0-9c6a332f610c<\/a>\n\n\n\t<img decoding=\"async\" class=\"ms-thumb\" src=\"http:\/\/www.apucarana.pr.gov.br\/site\/wp-content\/uploads\/2025\/12\/1da8f66f-9e05-4ab3-93a0-9c6a332f610c-1024x768-140x80.jpg\" alt=\"1da8f66f-9e05-4ab3-93a0-9c6a332f610c\" \/>\n\t\t\t\t<\/div>\n\t\t\t<div  class=\"ms-slide\" data-delay=\"3\"    >\n\t\t\t\t\t<img decoding=\"async\" src=\"http:\/\/www.apucarana.pr.gov.br\/site\/wp-content\/plugins\/masterslider\/public\/assets\/css\/blank.gif\" alt=\"3a0deb0e-3194-4d5c-b2cc-c12cb774e8ca\" title=\"3a0deb0e-3194-4d5c-b2cc-c12cb774e8ca\" data-src=\"http:\/\/www.apucarana.pr.gov.br\/site\/wp-content\/uploads\/2025\/12\/3a0deb0e-3194-4d5c-b2cc-c12cb774e8ca-1024x768.jpg\" \/>\n\t<a href=\"http:\/\/www.apucarana.pr.gov.br\/site\/wp-content\/uploads\/2025\/12\/3a0deb0e-3194-4d5c-b2cc-c12cb774e8ca-1024x768.jpg\" target=\"_self\"    >3a0deb0e-3194-4d5c-b2cc-c12cb774e8ca<\/a>\n\n\n\t<img decoding=\"async\" class=\"ms-thumb\" src=\"http:\/\/www.apucarana.pr.gov.br\/site\/wp-content\/uploads\/2025\/12\/3a0deb0e-3194-4d5c-b2cc-c12cb774e8ca-1024x768-140x80.jpg\" alt=\"3a0deb0e-3194-4d5c-b2cc-c12cb774e8ca\" \/>\n\t\t\t\t<\/div>\n\t\t\t<div  class=\"ms-slide\" data-delay=\"3\"    >\n\t\t\t\t\t<img decoding=\"async\" src=\"http:\/\/www.apucarana.pr.gov.br\/site\/wp-content\/plugins\/masterslider\/public\/assets\/css\/blank.gif\" alt=\"3fac2fa6-78f8-42f2-9b9e-8338ceccc5be\" title=\"3fac2fa6-78f8-42f2-9b9e-8338ceccc5be\" data-src=\"http:\/\/www.apucarana.pr.gov.br\/site\/wp-content\/uploads\/2025\/12\/3fac2fa6-78f8-42f2-9b9e-8338ceccc5be-1024x768.jpg\" \/>\n\t<a href=\"http:\/\/www.apucarana.pr.gov.br\/site\/wp-content\/uploads\/2025\/12\/3fac2fa6-78f8-42f2-9b9e-8338ceccc5be-1024x768.jpg\" target=\"_self\"    >3fac2fa6-78f8-42f2-9b9e-8338ceccc5be<\/a>\n\n\n\t<img decoding=\"async\" class=\"ms-thumb\" src=\"http:\/\/www.apucarana.pr.gov.br\/site\/wp-content\/uploads\/2025\/12\/3fac2fa6-78f8-42f2-9b9e-8338ceccc5be-1024x768-140x80.jpg\" alt=\"3fac2fa6-78f8-42f2-9b9e-8338ceccc5be\" \/>\n\t\t\t\t<\/div>\n\t\t\t<div  class=\"ms-slide\" data-delay=\"3\"    >\n\t\t\t\t\t<img decoding=\"async\" src=\"http:\/\/www.apucarana.pr.gov.br\/site\/wp-content\/plugins\/masterslider\/public\/assets\/css\/blank.gif\" alt=\"4c51dcad-dc7c-4464-bc93-41e5010548f4\" title=\"4c51dcad-dc7c-4464-bc93-41e5010548f4\" data-src=\"http:\/\/www.apucarana.pr.gov.br\/site\/wp-content\/uploads\/2025\/12\/4c51dcad-dc7c-4464-bc93-41e5010548f4-1024x768.jpg\" \/>\n\t<a href=\"http:\/\/www.apucarana.pr.gov.br\/site\/wp-content\/uploads\/2025\/12\/4c51dcad-dc7c-4464-bc93-41e5010548f4-1024x768.jpg\" target=\"_self\"    >4c51dcad-dc7c-4464-bc93-41e5010548f4<\/a>\n\n\n\t<img decoding=\"async\" class=\"ms-thumb\" src=\"http:\/\/www.apucarana.pr.gov.br\/site\/wp-content\/uploads\/2025\/12\/4c51dcad-dc7c-4464-bc93-41e5010548f4-1024x768-140x80.jpg\" alt=\"4c51dcad-dc7c-4464-bc93-41e5010548f4\" \/>\n\t\t\t\t<\/div>\n\t\t\t<div  class=\"ms-slide\" data-delay=\"3\"    >\n\t\t\t\t\t<img decoding=\"async\" src=\"http:\/\/www.apucarana.pr.gov.br\/site\/wp-content\/plugins\/masterslider\/public\/assets\/css\/blank.gif\" alt=\"6a24dac0-b8ab-4020-9a98-040254611406\" title=\"6a24dac0-b8ab-4020-9a98-040254611406\" data-src=\"http:\/\/www.apucarana.pr.gov.br\/site\/wp-content\/uploads\/2025\/12\/6a24dac0-b8ab-4020-9a98-040254611406-1024x768.jpg\" \/>\n\t<a href=\"http:\/\/www.apucarana.pr.gov.br\/site\/wp-content\/uploads\/2025\/12\/6a24dac0-b8ab-4020-9a98-040254611406-1024x768.jpg\" target=\"_self\"    >6a24dac0-b8ab-4020-9a98-040254611406<\/a>\n\n\n\t<img decoding=\"async\" class=\"ms-thumb\" src=\"http:\/\/www.apucarana.pr.gov.br\/site\/wp-content\/uploads\/2025\/12\/6a24dac0-b8ab-4020-9a98-040254611406-1024x768-140x80.jpg\" alt=\"6a24dac0-b8ab-4020-9a98-040254611406\" \/>\n\t\t\t\t<\/div>\n\t\t\t<div  class=\"ms-slide\" data-delay=\"3\"    >\n\t\t\t\t\t<img decoding=\"async\" src=\"http:\/\/www.apucarana.pr.gov.br\/site\/wp-content\/plugins\/masterslider\/public\/assets\/css\/blank.gif\" alt=\"55ec2ab4-c8bd-4fa9-b602-53165910c893\" title=\"55ec2ab4-c8bd-4fa9-b602-53165910c893\" data-src=\"http:\/\/www.apucarana.pr.gov.br\/site\/wp-content\/uploads\/2025\/12\/55ec2ab4-c8bd-4fa9-b602-53165910c893-1024x768.jpg\" \/>\n\t<a href=\"http:\/\/www.apucarana.pr.gov.br\/site\/wp-content\/uploads\/2025\/12\/55ec2ab4-c8bd-4fa9-b602-53165910c893-1024x768.jpg\" target=\"_self\"    >55ec2ab4-c8bd-4fa9-b602-53165910c893<\/a>\n\n\n\t<img decoding=\"async\" class=\"ms-thumb\" src=\"http:\/\/www.apucarana.pr.gov.br\/site\/wp-content\/uploads\/2025\/12\/55ec2ab4-c8bd-4fa9-b602-53165910c893-1024x768-140x80.jpg\" alt=\"55ec2ab4-c8bd-4fa9-b602-53165910c893\" \/>\n\t\t\t\t<\/div>\n\t\t\t<div  class=\"ms-slide\" data-delay=\"3\"    >\n\t\t\t\t\t<img decoding=\"async\" src=\"http:\/\/www.apucarana.pr.gov.br\/site\/wp-content\/plugins\/masterslider\/public\/assets\/css\/blank.gif\" alt=\"62ac7cc0-872b-496c-85c7-6e2dba3e920e\" title=\"62ac7cc0-872b-496c-85c7-6e2dba3e920e\" data-src=\"http:\/\/www.apucarana.pr.gov.br\/site\/wp-content\/uploads\/2025\/12\/62ac7cc0-872b-496c-85c7-6e2dba3e920e-1024x768.jpg\" \/>\n\t<a href=\"http:\/\/www.apucarana.pr.gov.br\/site\/wp-content\/uploads\/2025\/12\/62ac7cc0-872b-496c-85c7-6e2dba3e920e-1024x768.jpg\" target=\"_self\"    >62ac7cc0-872b-496c-85c7-6e2dba3e920e<\/a>\n\n\n\t<img decoding=\"async\" class=\"ms-thumb\" src=\"http:\/\/www.apucarana.pr.gov.br\/site\/wp-content\/uploads\/2025\/12\/62ac7cc0-872b-496c-85c7-6e2dba3e920e-1024x768-140x80.jpg\" alt=\"62ac7cc0-872b-496c-85c7-6e2dba3e920e\" \/>\n\t\t\t\t<\/div>\n\t\t\t<div  class=\"ms-slide\" data-delay=\"3\"    >\n\t\t\t\t\t<img decoding=\"async\" src=\"http:\/\/www.apucarana.pr.gov.br\/site\/wp-content\/plugins\/masterslider\/public\/assets\/css\/blank.gif\" alt=\"29128788-35bc-4d6d-adc6-df8cbfcca2d6\" title=\"29128788-35bc-4d6d-adc6-df8cbfcca2d6\" data-src=\"http:\/\/www.apucarana.pr.gov.br\/site\/wp-content\/uploads\/2025\/12\/29128788-35bc-4d6d-adc6-df8cbfcca2d6-1024x768.jpg\" \/>\n\t<a href=\"http:\/\/www.apucarana.pr.gov.br\/site\/wp-content\/uploads\/2025\/12\/29128788-35bc-4d6d-adc6-df8cbfcca2d6-1024x768.jpg\" target=\"_self\"    >29128788-35bc-4d6d-adc6-df8cbfcca2d6<\/a>\n\n\n\t<img decoding=\"async\" class=\"ms-thumb\" src=\"http:\/\/www.apucarana.pr.gov.br\/site\/wp-content\/uploads\/2025\/12\/29128788-35bc-4d6d-adc6-df8cbfcca2d6-1024x768-140x80.jpg\" alt=\"29128788-35bc-4d6d-adc6-df8cbfcca2d6\" \/>\n\t\t\t\t<\/div>\n\t\t\t<div  class=\"ms-slide\" data-delay=\"3\"    >\n\t\t\t\t\t<img decoding=\"async\" src=\"http:\/\/www.apucarana.pr.gov.br\/site\/wp-content\/plugins\/masterslider\/public\/assets\/css\/blank.gif\" alt=\"c64b610e-b51b-4546-989b-a45600e28db6\" title=\"c64b610e-b51b-4546-989b-a45600e28db6\" data-src=\"http:\/\/www.apucarana.pr.gov.br\/site\/wp-content\/uploads\/2025\/12\/c64b610e-b51b-4546-989b-a45600e28db6-1024x768.jpg\" \/>\n\t<a href=\"http:\/\/www.apucarana.pr.gov.br\/site\/wp-content\/uploads\/2025\/12\/c64b610e-b51b-4546-989b-a45600e28db6-1024x768.jpg\" target=\"_self\"    >c64b610e-b51b-4546-989b-a45600e28db6<\/a>\n\n\n\t<img decoding=\"async\" class=\"ms-thumb\" src=\"http:\/\/www.apucarana.pr.gov.br\/site\/wp-content\/uploads\/2025\/12\/c64b610e-b51b-4546-989b-a45600e28db6-1024x768-140x80.jpg\" alt=\"c64b610e-b51b-4546-989b-a45600e28db6\" \/>\n\t\t\t\t<\/div>\n\t\t\t<div  class=\"ms-slide\" data-delay=\"3\"    >\n\t\t\t\t\t<img decoding=\"async\" src=\"http:\/\/www.apucarana.pr.gov.br\/site\/wp-content\/plugins\/masterslider\/public\/assets\/css\/blank.gif\" alt=\"c861de84-2b53-4a7b-ad44-0acd3447de07\" title=\"c861de84-2b53-4a7b-ad44-0acd3447de07\" data-src=\"http:\/\/www.apucarana.pr.gov.br\/site\/wp-content\/uploads\/2025\/12\/c861de84-2b53-4a7b-ad44-0acd3447de07-1024x768.jpg\" \/>\n\t<a href=\"http:\/\/www.apucarana.pr.gov.br\/site\/wp-content\/uploads\/2025\/12\/c861de84-2b53-4a7b-ad44-0acd3447de07-1024x768.jpg\" target=\"_self\"    >c861de84-2b53-4a7b-ad44-0acd3447de07<\/a>\n\n\n\t<img decoding=\"async\" class=\"ms-thumb\" src=\"http:\/\/www.apucarana.pr.gov.br\/site\/wp-content\/uploads\/2025\/12\/c861de84-2b53-4a7b-ad44-0acd3447de07-1024x768-140x80.jpg\" alt=\"c861de84-2b53-4a7b-ad44-0acd3447de07\" \/>\n\t\t\t\t<\/div>\n\t\t\t<div  class=\"ms-slide\" data-delay=\"3\"    >\n\t\t\t\t\t<img decoding=\"async\" src=\"http:\/\/www.apucarana.pr.gov.br\/site\/wp-content\/plugins\/masterslider\/public\/assets\/css\/blank.gif\" alt=\"deafda13-b244-41fd-b792-be059cb0456d\" title=\"deafda13-b244-41fd-b792-be059cb0456d\" data-src=\"http:\/\/www.apucarana.pr.gov.br\/site\/wp-content\/uploads\/2025\/12\/deafda13-b244-41fd-b792-be059cb0456d-1024x768.jpg\" \/>\n\t<a href=\"http:\/\/www.apucarana.pr.gov.br\/site\/wp-content\/uploads\/2025\/12\/deafda13-b244-41fd-b792-be059cb0456d-1024x768.jpg\" target=\"_self\"    >deafda13-b244-41fd-b792-be059cb0456d<\/a>\n\n\n\t<img decoding=\"async\" class=\"ms-thumb\" src=\"http:\/\/www.apucarana.pr.gov.br\/site\/wp-content\/uploads\/2025\/12\/deafda13-b244-41fd-b792-be059cb0456d-1024x768-140x80.jpg\" alt=\"deafda13-b244-41fd-b792-be059cb0456d\" \/>\n\t\t\t\t<\/div>\n\t\t\t<div  class=\"ms-slide\" data-delay=\"3\"    >\n\t\t\t\t\t<img decoding=\"async\" src=\"http:\/\/www.apucarana.pr.gov.br\/site\/wp-content\/plugins\/masterslider\/public\/assets\/css\/blank.gif\" alt=\"fcb11584-0931-4e07-94a3-35875c4ed671\" title=\"fcb11584-0931-4e07-94a3-35875c4ed671\" data-src=\"http:\/\/www.apucarana.pr.gov.br\/site\/wp-content\/uploads\/2025\/12\/fcb11584-0931-4e07-94a3-35875c4ed671-1024x768.jpg\" \/>\n\t<a href=\"http:\/\/www.apucarana.pr.gov.br\/site\/wp-content\/uploads\/2025\/12\/fcb11584-0931-4e07-94a3-35875c4ed671-1024x768.jpg\" target=\"_self\"    >fcb11584-0931-4e07-94a3-35875c4ed671<\/a>\n\n\n\t<img decoding=\"async\" class=\"ms-thumb\" src=\"http:\/\/www.apucarana.pr.gov.br\/site\/wp-content\/uploads\/2025\/12\/fcb11584-0931-4e07-94a3-35875c4ed671-1024x768-140x80.jpg\" alt=\"fcb11584-0931-4e07-94a3-35875c4ed671\" \/>\n\t\t\t\t<\/div>\n\n\t\t\t<\/div>\n\t\t\t<!-- END MasterSlider Main -->\n\n\t\t\t \n\t\t<\/div>\n\t\t<!-- END MasterSlider -->\n\n\t\t<script>\n\t\t( window.MSReady = window.MSReady || [] ).push( function( $ ) {\n\n\t\t\t\"use strict\";\n\t\t\tvar masterslider_179d = new MasterSlider();\n\n\t\t\t\/\/ slider controls\n\t\t\tmasterslider_179d.control('arrows'     ,{ autohide:true, overVideo:true  });\n\t\t\tmasterslider_179d.control('thumblist'  ,{ autohide:false, overVideo:true, dir:'h', speed:17, inset:false, arrows:false, hover:false, customClass:'', align:'bottom',type:'thumbs', margin:2, width:140, height:80, space:2, fillMode:'fill'  });\n\t\t\t\/\/ slider setup\n\t\t\tmasterslider_179d.setup(\"MS69ef9d034179d\", {\n\t\t\t\twidth           : 960,\n\t\t\t\theight          : 540,\n\t\t\t\tminHeight       : 0,\n\t\t\t\tspace           : 0,\n\t\t\t\tstart           : 1,\n\t\t\t\tgrabCursor      : true,\n\t\t\t\tswipe           : true,\n\t\t\t\tmouse           : true,\n\t\t\t\tkeyboard        : false,\n\t\t\t\tlayout          : \"fillwidth\",\n\t\t\t\twheel           : false,\n\t\t\t\tautoplay        : true,\n                instantStartLayers:false,\n\t\t\t\tmobileBGVideo:false,\n\t\t\t\tloop            : true,\n\t\t\t\tshuffle         : false,\n\t\t\t\tpreload         : 3,\n\t\t\t\theightLimit     : false,\n\t\t\t\tautoHeight      : false,\n\t\t\t\tsmoothHeight    : true,\n\t\t\t\tendPause        : false,\n\t\t\t\toverPause       : false,\n\t\t\t\tfillMode        : \"fill\",\n\t\t\t\tcenterControls  : true,\n\t\t\t\tstartOnAppear   : false,\n\t\t\t\tlayersMode      : \"center\",\n\t\t\t\tautofillTarget  : \"\",\n\t\t\t\thideLayers      : false,\n\t\t\t\tfullscreenMargin: 0,\n\t\t\t\tspeed           : 17,\n\t\t\t\tdir             : \"h\",\n\t\t\t\tresponsive      : true,\n\t\t\t\ttabletWidth     : 768,\n\t\t\t\ttabletHeight    : null,\n\t\t\t\tphoneWidth      : 480,\n\t\t\t\tphoneHeight    : null,\n\t\t\t\tsizingReference : window,\n\t\t\t\tparallaxMode    : 'swipe',\n\t\t\t\tview            : \"basic\"\n\t\t\t});\n\n\t\t\t\n\t\t\twindow.masterslider_instances = window.masterslider_instances || [];\n\t\t\twindow.masterslider_instances.push( masterslider_179d );\n\t\t});\n\t\t<\/script>\n\n\n<p>A Pra\u00e7a Rui Barbosa recebeu, no domingo (30\/11), a grande final do Circuito de Corrida de Rua das Escolas Municipais. Depois de quatro etapas ao longo do ano, os 20 estudantes mais bem colocados de cada categoria disputaram a \u00faltima prova da temporada, em um evento promovido pela Autarquia Municipal de Educa\u00e7\u00e3o com apoio da Secretaria Municipal de Esportes.<\/p>\n<p>O secret\u00e1rio municipal de Esportes, Bruno Marchi, destacou que o circuito refor\u00e7a o compromisso da gest\u00e3o em aproximar a atividade f\u00edsica da rotina das crian\u00e7as. \u201cA corrida incentiva h\u00e1bitos saud\u00e1veis desde cedo e cria uma conex\u00e3o positiva com o esporte. Ver tantos alunos participando com entusiasmo mostra que estamos no caminho certo ao apoiar a\u00e7\u00f5es que unem educa\u00e7\u00e3o, sa\u00fade e lazer\u201d, afirmou.<\/p>\n<p>O prefeito Rodolfo Mota afirma que a final ocorreu em clima de celebra\u00e7\u00e3o, reunindo estudantes, pais e professores. \u201cCom muita alegria encerramos nosso circuito de corridas, pr\u00f3ximo ao fim do ano letivo e das formaturas. Este \u00e9 um momento de celebra\u00e7\u00e3o do futuro dessas crian\u00e7as\u201d, disse, acrescentando que os tr\u00eas primeiros colocados em cada categoria receberam trof\u00e9us e todos os estudantes ganharam medalhas.<\/p>\n<p>O prefeito ressaltou o envolvimento das fam\u00edlias, citando o exemplo de m\u00e3es que incentivam os filhos a praticar esporte diariamente, substituindo o tempo diante do celular por atividade f\u00edsica saud\u00e1vel. \u201c\u00c9 um tempo em que a crian\u00e7a pratica esporte e n\u00e3o fica no celular, no videogame ou mesmo na rua onde pode ter contato com coisas erradas\u201d, pontuou Rodolfo Mota.<\/p>\n<p>Al\u00e9m do incentivo nas escolas, o prefeito afirma que o Munic\u00edpio apoia a sequ\u00eancia no esporte para aqueles que desejam aprimorar o talento. \u201cLan\u00e7amos neste ano a primeira edi\u00e7\u00e3o do programa Bolsa Atleta, voltado a crian\u00e7as e adolescentes de 10 a 17 anos. S\u00e3o 600 reais mensais para que possam adquirir equipamentos esportivos, como quimonos, chuteiras ou itens para o atletismo. \u00c9 uma forma concreta de apoiar quem sonha em ser atleta\u201d, explicou.<\/p>\n<p>O prefeito afirmou ainda que, por meio dos programas ofertados pela Prefeitura, Apucarana conta com mais de 2 mil alunos em atividades esportivas e quase 3 mil em programas culturais, como aulas de m\u00fasica e dan\u00e7a.<\/p>\n<p>A secret\u00e1ria municipal de Educa\u00e7\u00e3o, Ana Paula do Carmo Donato, lembra que cada etapa do circuito ao longo do ano reuniu cerca de 700 estudantes e, desta prova final, participaram os 20 melhor classificados em cada categoria. \u201cVoltado para estudantes de 7 a 11 anos, o circuito contou com provas divididas em quatro categorias \u2014 nascidos em 2014, 2015, 2016 e 2017 \u2014 com percursos de 400 ou 600 metros, conforme a faixa et\u00e1ria. Mais do que medalhas, o circuito contribui na forma\u00e7\u00e3o do estudante e para desenvolver\u00a0 talentos\u201d, disse Ana Paula.<\/p>\n<p><strong>CONFIRA OS RESULTADOS<\/strong><\/p>\n<p><strong>nascidos em 2014 &#8211; feminino:<\/strong> 1\u00ba Alana Rodrigues (Albino Biacchi); 2\u00ba Nathaly Emanuely (Joaquim Vicente de Castro); 3\u00ba Agatha Fernanda Clemente (Karel Kober).<\/p>\n<p><strong>nascidos em 2014 &#8211; masculino:<\/strong> 1\u00ba Davi Felipe Moraes (Braga Cortes); 2\u00ba Paul Robert de Oliveira (Presidente M\u00e9dici); 3\u00ba Leandro Matheus da Silva (Antonieta).<\/p>\n<p><strong>nascidos em 2015 &#8211; feminino:<\/strong> 1\u00ba Julia Santos de Lara (Braga Cortes); 2\u00ba Aghata Gabrielly de Oliveira Alves (Durval Pinto); 3\u00ba Luana Pego Reczkowski (Dinarte Pereira).<\/p>\n<p><strong>nascidos em 2015 &#8211; masculino:<\/strong> 1\u00ba Leonardo Gon\u00e7alves (Albino Biacchi); 2\u00ba Davi Lucca Louren\u00e7o (Jo\u00e3o Batista); 3\u00ba Pedro Alves Douhei (Albino Biacchi).<\/p>\n<p><strong>nascidos em 2016 &#8211; feminino:<\/strong> 1\u00ba Al\u00edcia Rodrigues (Albino Biacchi); 2\u00ba Emily Beatriz de Paula (Vicente de Castro); 3\u00ba Manuela Silva de Aguiar (Fernando Jos\u00e9 Acosta).<\/p>\n<p><strong>nascidos em 2016 &#8211; masculino:<\/strong> 1\u00ba Nathan Augusto Gerin (Braga Cortes); 2\u00ba Arthur Gustavo Freitas (Antonieta); 3\u00ba Ian Guilherme Freitas (Antonieta).<\/p>\n<p><strong>nascidos em 2017 &#8211; feminino:<\/strong> 1\u00ba Lorena Chaves (Vereador Jos\u00e9 Ramos); 2\u00ba Analu de Moraes Menha (Vereador Jos\u00e9 Ramos); 3\u00ba Maria Helena Alves Paiva (Dr. Joaquim).<\/p>\n<p><strong>nascidos em 2017 &#8211; masculino:<\/strong> 1\u00ba Gabriel Magro Kurunzi (Presidente M\u00e9dici); 2\u00ba Arthur Francisco Pederson (Vereador Jos\u00e9 Ramos); 3\u00ba Daniel Santana Silv\u00e9rio (Albino Biacchi).<\/p>\n<p>&nbsp;<\/p>\n<p>&nbsp;<\/p>\n","protected":false},"excerpt":{"rendered":"<p>A Pra&ccedil;a Rui Barbosa recebeu, no domingo (30\/11), a grande final do Circuito de Corrida de Rua das Escolas Municipais. Depois de quatro etapas ao longo do ano, os 20 estudantes mais bem colocados de cada categoria disputaram a &uacute;ltima prova da temporada, em um evento promovido pela Autarquia Municipal de Educa&ccedil;&atilde;o com apoio da [&hellip;]<\/p>\n","protected":false},"author":6,"featured_media":120797,"comment_status":"closed","ping_status":"closed","sticky":false,"template":"","format":"standard","meta":{"footnotes":""},"categories":[24],"tags":[],"class_list":["post-120784","post","type-post","status-publish","format-standard","has-post-thumbnail","hentry","category-noticias"],"acf":[],"_links":{"self":[{"href":"http:\/\/www.apucarana.pr.gov.br\/site\/wp-json\/wp\/v2\/posts\/120784","targetHints":{"allow":["GET"]}}],"collection":[{"href":"http:\/\/www.apucarana.pr.gov.br\/site\/wp-json\/wp\/v2\/posts"}],"about":[{"href":"http:\/\/www.apucarana.pr.gov.br\/site\/wp-json\/wp\/v2\/types\/post"}],"author":[{"embeddable":true,"href":"http:\/\/www.apucarana.pr.gov.br\/site\/wp-json\/wp\/v2\/users\/6"}],"replies":[{"embeddable":true,"href":"http:\/\/www.apucarana.pr.gov.br\/site\/wp-json\/wp\/v2\/comments?post=120784"}],"version-history":[{"count":4,"href":"http:\/\/www.apucarana.pr.gov.br\/site\/wp-json\/wp\/v2\/posts\/120784\/revisions"}],"predecessor-version":[{"id":120820,"href":"http:\/\/www.apucarana.pr.gov.br\/site\/wp-json\/wp\/v2\/posts\/120784\/revisions\/120820"}],"wp:featuredmedia":[{"embeddable":true,"href":"http:\/\/www.apucarana.pr.gov.br\/site\/wp-json\/wp\/v2\/media\/120797"}],"wp:attachment":[{"href":"http:\/\/www.apucarana.pr.gov.br\/site\/wp-json\/wp\/v2\/media?parent=120784"}],"wp:term":[{"taxonomy":"category","embeddable":true,"href":"http:\/\/www.apucarana.pr.gov.br\/site\/wp-json\/wp\/v2\/categories?post=120784"},{"taxonomy":"post_tag","embeddable":true,"href":"http:\/\/www.apucarana.pr.gov.br\/site\/wp-json\/wp\/v2\/tags?post=120784"}],"curies":[{"name":"wp","href":"https:\/\/api.w.org\/{rel}","templated":true}]}}