{"id":120738,"date":"2025-11-29T16:12:00","date_gmt":"2025-11-29T19:12:00","guid":{"rendered":"https:\/\/www.apucarana.pr.gov.br\/site\/?p=120738"},"modified":"2025-12-01T13:26:41","modified_gmt":"2025-12-01T16:26:41","slug":"apucarana-abre-o-natal-da-familia-com-noite-historica-e-praca-lotada","status":"publish","type":"post","link":"http:\/\/www.apucarana.pr.gov.br\/site\/apucarana-abre-o-natal-da-familia-com-noite-historica-e-praca-lotada\/","title":{"rendered":"Apucarana abre o Natal da Fam\u00edlia com noite hist\u00f3rica e pra\u00e7a lotada"},"content":{"rendered":"\n\t\t<!-- MasterSlider -->\n\t\t<div id=\"P_MS69ef9d26a259b\" class=\"master-slider-parent master-slider-gallery   ms-parent-id-0\" style=\"\" >\n\n\t\t\t\n\t\t\t<!-- MasterSlider Main -->\n\t\t\t<div id=\"MS69ef9d26a259b\" class=\"master-slider ms-skin-default\" >\n\t\t\t\t \t\t\t\t \n\t\t\t<div  class=\"ms-slide\" data-delay=\"3\"    >\n\t\t\t\t\t<img decoding=\"async\" src=\"http:\/\/www.apucarana.pr.gov.br\/site\/wp-content\/plugins\/masterslider\/public\/assets\/css\/blank.gif\" alt=\"Papai Noel-66\" title=\"Papai Noel-66\" data-src=\"http:\/\/www.apucarana.pr.gov.br\/site\/wp-content\/uploads\/2025\/11\/Papai-Noel-66-682x1024.jpg\" \/>\n\t<a href=\"http:\/\/www.apucarana.pr.gov.br\/site\/wp-content\/uploads\/2025\/11\/Papai-Noel-66-682x1024.jpg\" target=\"_self\"    >Papai Noel-66<\/a>\n\n\n\t<img decoding=\"async\" class=\"ms-thumb\" src=\"http:\/\/www.apucarana.pr.gov.br\/site\/wp-content\/uploads\/2025\/11\/Papai-Noel-66-682x1024-140x80.jpg\" alt=\"Papai Noel-66\" \/>\n\t\t\t\t<\/div>\n\t\t\t<div  class=\"ms-slide\" data-delay=\"3\"    >\n\t\t\t\t\t<img decoding=\"async\" src=\"http:\/\/www.apucarana.pr.gov.br\/site\/wp-content\/plugins\/masterslider\/public\/assets\/css\/blank.gif\" alt=\"Papai Noel-6\" title=\"Papai Noel-6\" data-src=\"http:\/\/www.apucarana.pr.gov.br\/site\/wp-content\/uploads\/2025\/11\/Papai-Noel-6-1024x683.jpg\" \/>\n\t<a href=\"http:\/\/www.apucarana.pr.gov.br\/site\/wp-content\/uploads\/2025\/11\/Papai-Noel-6-1024x683.jpg\" target=\"_self\"    >Papai Noel-6<\/a>\n\n\n\t<img decoding=\"async\" class=\"ms-thumb\" src=\"http:\/\/www.apucarana.pr.gov.br\/site\/wp-content\/uploads\/2025\/11\/Papai-Noel-6-1024x683-140x80.jpg\" alt=\"Papai Noel-6\" \/>\n\t\t\t\t<\/div>\n\t\t\t<div  class=\"ms-slide\" data-delay=\"3\"    >\n\t\t\t\t\t<img decoding=\"async\" src=\"http:\/\/www.apucarana.pr.gov.br\/site\/wp-content\/plugins\/masterslider\/public\/assets\/css\/blank.gif\" alt=\"Papai Noel-2\" title=\"Papai Noel-2\" data-src=\"http:\/\/www.apucarana.pr.gov.br\/site\/wp-content\/uploads\/2025\/11\/Papai-Noel-2-1024x683.jpg\" \/>\n\t<a href=\"http:\/\/www.apucarana.pr.gov.br\/site\/wp-content\/uploads\/2025\/11\/Papai-Noel-2-1024x683.jpg\" target=\"_self\"    >Papai Noel-2<\/a>\n\n\n\t<img decoding=\"async\" class=\"ms-thumb\" src=\"http:\/\/www.apucarana.pr.gov.br\/site\/wp-content\/uploads\/2025\/11\/Papai-Noel-2-1024x683-140x80.jpg\" alt=\"Papai Noel-2\" \/>\n\t\t\t\t<\/div>\n\t\t\t<div  class=\"ms-slide\" data-delay=\"3\"    >\n\t\t\t\t\t<img decoding=\"async\" src=\"http:\/\/www.apucarana.pr.gov.br\/site\/wp-content\/plugins\/masterslider\/public\/assets\/css\/blank.gif\" alt=\"Papai Noel-65\" title=\"Papai Noel-65\" data-src=\"http:\/\/www.apucarana.pr.gov.br\/site\/wp-content\/uploads\/2025\/11\/Papai-Noel-65-1024x683.jpg\" \/>\n\t<a href=\"http:\/\/www.apucarana.pr.gov.br\/site\/wp-content\/uploads\/2025\/11\/Papai-Noel-65-1024x683.jpg\" target=\"_self\"    >Papai Noel-65<\/a>\n\n\n\t<img decoding=\"async\" class=\"ms-thumb\" src=\"http:\/\/www.apucarana.pr.gov.br\/site\/wp-content\/uploads\/2025\/11\/Papai-Noel-65-1024x683-140x80.jpg\" alt=\"Papai Noel-65\" \/>\n\t\t\t\t<\/div>\n\t\t\t<div  class=\"ms-slide\" data-delay=\"3\"    >\n\t\t\t\t\t<img decoding=\"async\" src=\"http:\/\/www.apucarana.pr.gov.br\/site\/wp-content\/plugins\/masterslider\/public\/assets\/css\/blank.gif\" alt=\"Papai Noel-69\" title=\"Papai Noel-69\" data-src=\"http:\/\/www.apucarana.pr.gov.br\/site\/wp-content\/uploads\/2025\/11\/Papai-Noel-69-1024x683.jpg\" \/>\n\t<a href=\"http:\/\/www.apucarana.pr.gov.br\/site\/wp-content\/uploads\/2025\/11\/Papai-Noel-69-1024x683.jpg\" target=\"_self\"    >Papai Noel-69<\/a>\n\n\n\t<img decoding=\"async\" class=\"ms-thumb\" src=\"http:\/\/www.apucarana.pr.gov.br\/site\/wp-content\/uploads\/2025\/11\/Papai-Noel-69-1024x683-140x80.jpg\" alt=\"Papai Noel-69\" \/>\n\t\t\t\t<\/div>\n\t\t\t<div  class=\"ms-slide\" data-delay=\"3\"    >\n\t\t\t\t\t<img decoding=\"async\" src=\"http:\/\/www.apucarana.pr.gov.br\/site\/wp-content\/plugins\/masterslider\/public\/assets\/css\/blank.gif\" alt=\"Papai Noel-34\" title=\"Papai Noel-34\" data-src=\"http:\/\/www.apucarana.pr.gov.br\/site\/wp-content\/uploads\/2025\/11\/Papai-Noel-34-1024x683.jpg\" \/>\n\t<a href=\"http:\/\/www.apucarana.pr.gov.br\/site\/wp-content\/uploads\/2025\/11\/Papai-Noel-34-1024x683.jpg\" target=\"_self\"    >Papai Noel-34<\/a>\n\n\n\t<img decoding=\"async\" class=\"ms-thumb\" src=\"http:\/\/www.apucarana.pr.gov.br\/site\/wp-content\/uploads\/2025\/11\/Papai-Noel-34-1024x683-140x80.jpg\" alt=\"Papai Noel-34\" \/>\n\t\t\t\t<\/div>\n\t\t\t<div  class=\"ms-slide\" data-delay=\"3\"    >\n\t\t\t\t\t<img decoding=\"async\" src=\"http:\/\/www.apucarana.pr.gov.br\/site\/wp-content\/plugins\/masterslider\/public\/assets\/css\/blank.gif\" alt=\"Papai Noel-35\" title=\"Papai Noel-35\" data-src=\"http:\/\/www.apucarana.pr.gov.br\/site\/wp-content\/uploads\/2025\/11\/Papai-Noel-35-1024x683.jpg\" \/>\n\t<a href=\"http:\/\/www.apucarana.pr.gov.br\/site\/wp-content\/uploads\/2025\/11\/Papai-Noel-35-1024x683.jpg\" target=\"_self\"    >Papai Noel-35<\/a>\n\n\n\t<img decoding=\"async\" class=\"ms-thumb\" src=\"http:\/\/www.apucarana.pr.gov.br\/site\/wp-content\/uploads\/2025\/11\/Papai-Noel-35-1024x683-140x80.jpg\" alt=\"Papai Noel-35\" \/>\n\t\t\t\t<\/div>\n\t\t\t<div  class=\"ms-slide\" data-delay=\"3\"    >\n\t\t\t\t\t<img decoding=\"async\" src=\"http:\/\/www.apucarana.pr.gov.br\/site\/wp-content\/plugins\/masterslider\/public\/assets\/css\/blank.gif\" alt=\"Papai Noel-14\" title=\"Papai Noel-14\" data-src=\"http:\/\/www.apucarana.pr.gov.br\/site\/wp-content\/uploads\/2025\/11\/Papai-Noel-14-1024x683.jpg\" \/>\n\t<a href=\"http:\/\/www.apucarana.pr.gov.br\/site\/wp-content\/uploads\/2025\/11\/Papai-Noel-14-1024x683.jpg\" target=\"_self\"    >Papai Noel-14<\/a>\n\n\n\t<img decoding=\"async\" class=\"ms-thumb\" src=\"http:\/\/www.apucarana.pr.gov.br\/site\/wp-content\/uploads\/2025\/11\/Papai-Noel-14-1024x683-140x80.jpg\" alt=\"Papai Noel-14\" \/>\n\t\t\t\t<\/div>\n\t\t\t<div  class=\"ms-slide\" data-delay=\"3\"    >\n\t\t\t\t\t<img decoding=\"async\" src=\"http:\/\/www.apucarana.pr.gov.br\/site\/wp-content\/plugins\/masterslider\/public\/assets\/css\/blank.gif\" alt=\"Papai Noel-15\" title=\"Papai Noel-15\" data-src=\"http:\/\/www.apucarana.pr.gov.br\/site\/wp-content\/uploads\/2025\/11\/Papai-Noel-15-1024x683.jpg\" \/>\n\t<a href=\"http:\/\/www.apucarana.pr.gov.br\/site\/wp-content\/uploads\/2025\/11\/Papai-Noel-15-1024x683.jpg\" target=\"_self\"    >Papai Noel-15<\/a>\n\n\n\t<img decoding=\"async\" class=\"ms-thumb\" src=\"http:\/\/www.apucarana.pr.gov.br\/site\/wp-content\/uploads\/2025\/11\/Papai-Noel-15-1024x683-140x80.jpg\" alt=\"Papai Noel-15\" \/>\n\t\t\t\t<\/div>\n\t\t\t<div  class=\"ms-slide\" data-delay=\"3\"    >\n\t\t\t\t\t<img decoding=\"async\" src=\"http:\/\/www.apucarana.pr.gov.br\/site\/wp-content\/plugins\/masterslider\/public\/assets\/css\/blank.gif\" alt=\"Papai Noel-26\" title=\"Papai Noel-26\" data-src=\"http:\/\/www.apucarana.pr.gov.br\/site\/wp-content\/uploads\/2025\/11\/Papai-Noel-26-1024x683.jpg\" \/>\n\t<a href=\"http:\/\/www.apucarana.pr.gov.br\/site\/wp-content\/uploads\/2025\/11\/Papai-Noel-26-1024x683.jpg\" target=\"_self\"    >Papai Noel-26<\/a>\n\n\n\t<img decoding=\"async\" class=\"ms-thumb\" src=\"http:\/\/www.apucarana.pr.gov.br\/site\/wp-content\/uploads\/2025\/11\/Papai-Noel-26-1024x683-140x80.jpg\" alt=\"Papai Noel-26\" \/>\n\t\t\t\t<\/div>\n\t\t\t<div  class=\"ms-slide\" data-delay=\"3\"    >\n\t\t\t\t\t<img decoding=\"async\" src=\"http:\/\/www.apucarana.pr.gov.br\/site\/wp-content\/plugins\/masterslider\/public\/assets\/css\/blank.gif\" alt=\"Papai Noel-22\" title=\"Papai Noel-22\" data-src=\"http:\/\/www.apucarana.pr.gov.br\/site\/wp-content\/uploads\/2025\/11\/Papai-Noel-22-1024x683.jpg\" \/>\n\t<a href=\"http:\/\/www.apucarana.pr.gov.br\/site\/wp-content\/uploads\/2025\/11\/Papai-Noel-22-1024x683.jpg\" target=\"_self\"    >Papai Noel-22<\/a>\n\n\n\t<img decoding=\"async\" class=\"ms-thumb\" src=\"http:\/\/www.apucarana.pr.gov.br\/site\/wp-content\/uploads\/2025\/11\/Papai-Noel-22-1024x683-140x80.jpg\" alt=\"Papai Noel-22\" \/>\n\t\t\t\t<\/div>\n\t\t\t<div  class=\"ms-slide\" data-delay=\"3\"    >\n\t\t\t\t\t<img decoding=\"async\" src=\"http:\/\/www.apucarana.pr.gov.br\/site\/wp-content\/plugins\/masterslider\/public\/assets\/css\/blank.gif\" alt=\"Papai Noel-18\" title=\"Papai Noel-18\" data-src=\"http:\/\/www.apucarana.pr.gov.br\/site\/wp-content\/uploads\/2025\/11\/Papai-Noel-18-1024x683.jpg\" \/>\n\t<a href=\"http:\/\/www.apucarana.pr.gov.br\/site\/wp-content\/uploads\/2025\/11\/Papai-Noel-18-1024x683.jpg\" target=\"_self\"    >Papai Noel-18<\/a>\n\n\n\t<img decoding=\"async\" class=\"ms-thumb\" src=\"http:\/\/www.apucarana.pr.gov.br\/site\/wp-content\/uploads\/2025\/11\/Papai-Noel-18-1024x683-140x80.jpg\" alt=\"Papai Noel-18\" \/>\n\t\t\t\t<\/div>\n\t\t\t<div  class=\"ms-slide\" data-delay=\"3\"    >\n\t\t\t\t\t<img decoding=\"async\" src=\"http:\/\/www.apucarana.pr.gov.br\/site\/wp-content\/plugins\/masterslider\/public\/assets\/css\/blank.gif\" alt=\"Papai Noel-32\" title=\"Papai Noel-32\" data-src=\"http:\/\/www.apucarana.pr.gov.br\/site\/wp-content\/uploads\/2025\/11\/Papai-Noel-32-1024x683.jpg\" \/>\n\t<a href=\"http:\/\/www.apucarana.pr.gov.br\/site\/wp-content\/uploads\/2025\/11\/Papai-Noel-32-1024x683.jpg\" target=\"_self\"    >Papai Noel-32<\/a>\n\n\n\t<img decoding=\"async\" class=\"ms-thumb\" src=\"http:\/\/www.apucarana.pr.gov.br\/site\/wp-content\/uploads\/2025\/11\/Papai-Noel-32-1024x683-140x80.jpg\" alt=\"Papai Noel-32\" \/>\n\t\t\t\t<\/div>\n\t\t\t<div  class=\"ms-slide\" data-delay=\"3\"    >\n\t\t\t\t\t<img decoding=\"async\" src=\"http:\/\/www.apucarana.pr.gov.br\/site\/wp-content\/plugins\/masterslider\/public\/assets\/css\/blank.gif\" alt=\"Papai Noel-42\" title=\"Papai Noel-42\" data-src=\"http:\/\/www.apucarana.pr.gov.br\/site\/wp-content\/uploads\/2025\/11\/Papai-Noel-42-1024x683.jpg\" \/>\n\t<a href=\"http:\/\/www.apucarana.pr.gov.br\/site\/wp-content\/uploads\/2025\/11\/Papai-Noel-42-1024x683.jpg\" target=\"_self\"    >Papai Noel-42<\/a>\n\n\n\t<img decoding=\"async\" class=\"ms-thumb\" src=\"http:\/\/www.apucarana.pr.gov.br\/site\/wp-content\/uploads\/2025\/11\/Papai-Noel-42-1024x683-140x80.jpg\" alt=\"Papai Noel-42\" \/>\n\t\t\t\t<\/div>\n\t\t\t<div  class=\"ms-slide\" data-delay=\"3\"    >\n\t\t\t\t\t<img decoding=\"async\" src=\"http:\/\/www.apucarana.pr.gov.br\/site\/wp-content\/plugins\/masterslider\/public\/assets\/css\/blank.gif\" alt=\"Papai Noel-41\" title=\"Papai Noel-41\" data-src=\"http:\/\/www.apucarana.pr.gov.br\/site\/wp-content\/uploads\/2025\/11\/Papai-Noel-41-1024x683.jpg\" \/>\n\t<a href=\"http:\/\/www.apucarana.pr.gov.br\/site\/wp-content\/uploads\/2025\/11\/Papai-Noel-41-1024x683.jpg\" target=\"_self\"    >Papai Noel-41<\/a>\n\n\n\t<img decoding=\"async\" class=\"ms-thumb\" src=\"http:\/\/www.apucarana.pr.gov.br\/site\/wp-content\/uploads\/2025\/11\/Papai-Noel-41-1024x683-140x80.jpg\" alt=\"Papai Noel-41\" \/>\n\t\t\t\t<\/div>\n\t\t\t<div  class=\"ms-slide\" data-delay=\"3\"    >\n\t\t\t\t\t<img decoding=\"async\" src=\"http:\/\/www.apucarana.pr.gov.br\/site\/wp-content\/plugins\/masterslider\/public\/assets\/css\/blank.gif\" alt=\"Papai Noel-36\" title=\"Papai Noel-36\" data-src=\"http:\/\/www.apucarana.pr.gov.br\/site\/wp-content\/uploads\/2025\/11\/Papai-Noel-36-1024x683.jpg\" \/>\n\t<a href=\"http:\/\/www.apucarana.pr.gov.br\/site\/wp-content\/uploads\/2025\/11\/Papai-Noel-36-1024x683.jpg\" target=\"_self\"    >Papai Noel-36<\/a>\n\n\n\t<img decoding=\"async\" class=\"ms-thumb\" src=\"http:\/\/www.apucarana.pr.gov.br\/site\/wp-content\/uploads\/2025\/11\/Papai-Noel-36-1024x683-140x80.jpg\" alt=\"Papai Noel-36\" \/>\n\t\t\t\t<\/div>\n\t\t\t<div  class=\"ms-slide\" data-delay=\"3\"    >\n\t\t\t\t\t<img decoding=\"async\" src=\"http:\/\/www.apucarana.pr.gov.br\/site\/wp-content\/plugins\/masterslider\/public\/assets\/css\/blank.gif\" alt=\"Papai Noel-47\" title=\"Papai Noel-47\" data-src=\"http:\/\/www.apucarana.pr.gov.br\/site\/wp-content\/uploads\/2025\/11\/Papai-Noel-47-1024x683.jpg\" \/>\n\t<a href=\"http:\/\/www.apucarana.pr.gov.br\/site\/wp-content\/uploads\/2025\/11\/Papai-Noel-47-1024x683.jpg\" target=\"_self\"    >Papai Noel-47<\/a>\n\n\n\t<img decoding=\"async\" class=\"ms-thumb\" src=\"http:\/\/www.apucarana.pr.gov.br\/site\/wp-content\/uploads\/2025\/11\/Papai-Noel-47-1024x683-140x80.jpg\" alt=\"Papai Noel-47\" \/>\n\t\t\t\t<\/div>\n\t\t\t<div  class=\"ms-slide\" data-delay=\"3\"    >\n\t\t\t\t\t<img decoding=\"async\" src=\"http:\/\/www.apucarana.pr.gov.br\/site\/wp-content\/plugins\/masterslider\/public\/assets\/css\/blank.gif\" alt=\"Papai Noel-50\" title=\"Papai Noel-50\" data-src=\"http:\/\/www.apucarana.pr.gov.br\/site\/wp-content\/uploads\/2025\/11\/Papai-Noel-50-1024x683.jpg\" \/>\n\t<a href=\"http:\/\/www.apucarana.pr.gov.br\/site\/wp-content\/uploads\/2025\/11\/Papai-Noel-50-1024x683.jpg\" target=\"_self\"    >Papai Noel-50<\/a>\n\n\n\t<img decoding=\"async\" class=\"ms-thumb\" src=\"http:\/\/www.apucarana.pr.gov.br\/site\/wp-content\/uploads\/2025\/11\/Papai-Noel-50-1024x683-140x80.jpg\" alt=\"Papai Noel-50\" \/>\n\t\t\t\t<\/div>\n\t\t\t<div  class=\"ms-slide\" data-delay=\"3\"    >\n\t\t\t\t\t<img decoding=\"async\" src=\"http:\/\/www.apucarana.pr.gov.br\/site\/wp-content\/plugins\/masterslider\/public\/assets\/css\/blank.gif\" alt=\"Papai Noel-55\" title=\"Papai Noel-55\" data-src=\"http:\/\/www.apucarana.pr.gov.br\/site\/wp-content\/uploads\/2025\/11\/Papai-Noel-55-1024x683.jpg\" \/>\n\t<a href=\"http:\/\/www.apucarana.pr.gov.br\/site\/wp-content\/uploads\/2025\/11\/Papai-Noel-55-1024x683.jpg\" target=\"_self\"    >Papai Noel-55<\/a>\n\n\n\t<img decoding=\"async\" class=\"ms-thumb\" src=\"http:\/\/www.apucarana.pr.gov.br\/site\/wp-content\/uploads\/2025\/11\/Papai-Noel-55-1024x683-140x80.jpg\" alt=\"Papai Noel-55\" \/>\n\t\t\t\t<\/div>\n\t\t\t<div  class=\"ms-slide\" data-delay=\"3\"    >\n\t\t\t\t\t<img decoding=\"async\" src=\"http:\/\/www.apucarana.pr.gov.br\/site\/wp-content\/plugins\/masterslider\/public\/assets\/css\/blank.gif\" alt=\"Papai Noel-56\" title=\"Papai Noel-56\" data-src=\"http:\/\/www.apucarana.pr.gov.br\/site\/wp-content\/uploads\/2025\/11\/Papai-Noel-56-1024x683.jpg\" \/>\n\t<a href=\"http:\/\/www.apucarana.pr.gov.br\/site\/wp-content\/uploads\/2025\/11\/Papai-Noel-56-1024x683.jpg\" target=\"_self\"    >Papai Noel-56<\/a>\n\n\n\t<img decoding=\"async\" class=\"ms-thumb\" src=\"http:\/\/www.apucarana.pr.gov.br\/site\/wp-content\/uploads\/2025\/11\/Papai-Noel-56-1024x683-140x80.jpg\" alt=\"Papai Noel-56\" \/>\n\t\t\t\t<\/div>\n\t\t\t<div  class=\"ms-slide\" data-delay=\"3\"    >\n\t\t\t\t\t<img decoding=\"async\" src=\"http:\/\/www.apucarana.pr.gov.br\/site\/wp-content\/plugins\/masterslider\/public\/assets\/css\/blank.gif\" alt=\"Papai Noel-70\" title=\"Papai Noel-70\" data-src=\"http:\/\/www.apucarana.pr.gov.br\/site\/wp-content\/uploads\/2025\/11\/Papai-Noel-70-1024x683.jpg\" \/>\n\t<a href=\"http:\/\/www.apucarana.pr.gov.br\/site\/wp-content\/uploads\/2025\/11\/Papai-Noel-70-1024x683.jpg\" target=\"_self\"    >Papai Noel-70<\/a>\n\n\n\t<img decoding=\"async\" class=\"ms-thumb\" src=\"http:\/\/www.apucarana.pr.gov.br\/site\/wp-content\/uploads\/2025\/11\/Papai-Noel-70-1024x683-140x80.jpg\" alt=\"Papai Noel-70\" \/>\n\t\t\t\t<\/div>\n\t\t\t<div  class=\"ms-slide\" data-delay=\"3\"    >\n\t\t\t\t\t<img decoding=\"async\" src=\"http:\/\/www.apucarana.pr.gov.br\/site\/wp-content\/plugins\/masterslider\/public\/assets\/css\/blank.gif\" alt=\"Papai Noel-71\" title=\"Papai Noel-71\" data-src=\"http:\/\/www.apucarana.pr.gov.br\/site\/wp-content\/uploads\/2025\/11\/Papai-Noel-71-1024x683.jpg\" \/>\n\t<a href=\"http:\/\/www.apucarana.pr.gov.br\/site\/wp-content\/uploads\/2025\/11\/Papai-Noel-71-1024x683.jpg\" target=\"_self\"    >Papai Noel-71<\/a>\n\n\n\t<img decoding=\"async\" class=\"ms-thumb\" src=\"http:\/\/www.apucarana.pr.gov.br\/site\/wp-content\/uploads\/2025\/11\/Papai-Noel-71-1024x683-140x80.jpg\" alt=\"Papai Noel-71\" \/>\n\t\t\t\t<\/div>\n\t\t\t<div  class=\"ms-slide\" data-delay=\"3\"    >\n\t\t\t\t\t<img decoding=\"async\" src=\"http:\/\/www.apucarana.pr.gov.br\/site\/wp-content\/plugins\/masterslider\/public\/assets\/css\/blank.gif\" alt=\"Papai Noel-75\" title=\"Papai Noel-75\" data-src=\"http:\/\/www.apucarana.pr.gov.br\/site\/wp-content\/uploads\/2025\/11\/Papai-Noel-75-1024x683.jpg\" \/>\n\t<a href=\"http:\/\/www.apucarana.pr.gov.br\/site\/wp-content\/uploads\/2025\/11\/Papai-Noel-75-1024x683.jpg\" target=\"_self\"    >Papai Noel-75<\/a>\n\n\n\t<img decoding=\"async\" class=\"ms-thumb\" src=\"http:\/\/www.apucarana.pr.gov.br\/site\/wp-content\/uploads\/2025\/11\/Papai-Noel-75-1024x683-140x80.jpg\" alt=\"Papai Noel-75\" \/>\n\t\t\t\t<\/div>\n\t\t\t<div  class=\"ms-slide\" data-delay=\"3\"    >\n\t\t\t\t\t<img decoding=\"async\" src=\"http:\/\/www.apucarana.pr.gov.br\/site\/wp-content\/plugins\/masterslider\/public\/assets\/css\/blank.gif\" alt=\"Papai Noel-76\" title=\"Papai Noel-76\" data-src=\"http:\/\/www.apucarana.pr.gov.br\/site\/wp-content\/uploads\/2025\/11\/Papai-Noel-76-1024x683.jpg\" \/>\n\t<a href=\"http:\/\/www.apucarana.pr.gov.br\/site\/wp-content\/uploads\/2025\/11\/Papai-Noel-76-1024x683.jpg\" target=\"_self\"    >Papai Noel-76<\/a>\n\n\n\t<img decoding=\"async\" class=\"ms-thumb\" src=\"http:\/\/www.apucarana.pr.gov.br\/site\/wp-content\/uploads\/2025\/11\/Papai-Noel-76-1024x683-140x80.jpg\" alt=\"Papai Noel-76\" \/>\n\t\t\t\t<\/div>\n\t\t\t<div  class=\"ms-slide\" data-delay=\"3\"    >\n\t\t\t\t\t<img decoding=\"async\" src=\"http:\/\/www.apucarana.pr.gov.br\/site\/wp-content\/plugins\/masterslider\/public\/assets\/css\/blank.gif\" alt=\"Papai Noel-84\" title=\"Papai Noel-84\" data-src=\"http:\/\/www.apucarana.pr.gov.br\/site\/wp-content\/uploads\/2025\/11\/Papai-Noel-84-1024x683.jpg\" \/>\n\t<a href=\"http:\/\/www.apucarana.pr.gov.br\/site\/wp-content\/uploads\/2025\/11\/Papai-Noel-84-1024x683.jpg\" target=\"_self\"    >Papai Noel-84<\/a>\n\n\n\t<img decoding=\"async\" class=\"ms-thumb\" src=\"http:\/\/www.apucarana.pr.gov.br\/site\/wp-content\/uploads\/2025\/11\/Papai-Noel-84-1024x683-140x80.jpg\" alt=\"Papai Noel-84\" \/>\n\t\t\t\t<\/div>\n\t\t\t<div  class=\"ms-slide\" data-delay=\"3\"    >\n\t\t\t\t\t<img decoding=\"async\" src=\"http:\/\/www.apucarana.pr.gov.br\/site\/wp-content\/plugins\/masterslider\/public\/assets\/css\/blank.gif\" alt=\"Papai Noel-101\" title=\"Papai Noel-101\" data-src=\"http:\/\/www.apucarana.pr.gov.br\/site\/wp-content\/uploads\/2025\/11\/Papai-Noel-101-1024x683.jpg\" \/>\n\t<a href=\"http:\/\/www.apucarana.pr.gov.br\/site\/wp-content\/uploads\/2025\/11\/Papai-Noel-101-1024x683.jpg\" target=\"_self\"    >Papai Noel-101<\/a>\n\n\n\t<img decoding=\"async\" class=\"ms-thumb\" src=\"http:\/\/www.apucarana.pr.gov.br\/site\/wp-content\/uploads\/2025\/11\/Papai-Noel-101-1024x683-140x80.jpg\" alt=\"Papai Noel-101\" \/>\n\t\t\t\t<\/div>\n\t\t\t<div  class=\"ms-slide\" data-delay=\"3\"    >\n\t\t\t\t\t<img decoding=\"async\" src=\"http:\/\/www.apucarana.pr.gov.br\/site\/wp-content\/plugins\/masterslider\/public\/assets\/css\/blank.gif\" alt=\"Papai Noel-94\" title=\"Papai Noel-94\" data-src=\"http:\/\/www.apucarana.pr.gov.br\/site\/wp-content\/uploads\/2025\/11\/Papai-Noel-94-1024x683.jpg\" \/>\n\t<a href=\"http:\/\/www.apucarana.pr.gov.br\/site\/wp-content\/uploads\/2025\/11\/Papai-Noel-94-1024x683.jpg\" target=\"_self\"    >Papai Noel-94<\/a>\n\n\n\t<img decoding=\"async\" class=\"ms-thumb\" src=\"http:\/\/www.apucarana.pr.gov.br\/site\/wp-content\/uploads\/2025\/11\/Papai-Noel-94-1024x683-140x80.jpg\" alt=\"Papai Noel-94\" \/>\n\t\t\t\t<\/div>\n\t\t\t<div  class=\"ms-slide\" data-delay=\"3\"    >\n\t\t\t\t\t<img decoding=\"async\" src=\"http:\/\/www.apucarana.pr.gov.br\/site\/wp-content\/plugins\/masterslider\/public\/assets\/css\/blank.gif\" alt=\"Papai Noel-93\" title=\"Papai Noel-93\" data-src=\"http:\/\/www.apucarana.pr.gov.br\/site\/wp-content\/uploads\/2025\/11\/Papai-Noel-93-1024x683.jpg\" \/>\n\t<a href=\"http:\/\/www.apucarana.pr.gov.br\/site\/wp-content\/uploads\/2025\/11\/Papai-Noel-93-1024x683.jpg\" target=\"_self\"    >Papai Noel-93<\/a>\n\n\n\t<img decoding=\"async\" class=\"ms-thumb\" src=\"http:\/\/www.apucarana.pr.gov.br\/site\/wp-content\/uploads\/2025\/11\/Papai-Noel-93-1024x683-140x80.jpg\" alt=\"Papai Noel-93\" \/>\n\t\t\t\t<\/div>\n\t\t\t<div  class=\"ms-slide\" data-delay=\"3\"    >\n\t\t\t\t\t<img decoding=\"async\" src=\"http:\/\/www.apucarana.pr.gov.br\/site\/wp-content\/plugins\/masterslider\/public\/assets\/css\/blank.gif\" alt=\"Papai Noel-91\" title=\"Papai Noel-91\" data-src=\"http:\/\/www.apucarana.pr.gov.br\/site\/wp-content\/uploads\/2025\/11\/Papai-Noel-91-1024x683.jpg\" \/>\n\t<a href=\"http:\/\/www.apucarana.pr.gov.br\/site\/wp-content\/uploads\/2025\/11\/Papai-Noel-91-1024x683.jpg\" target=\"_self\"    >Papai Noel-91<\/a>\n\n\n\t<img decoding=\"async\" class=\"ms-thumb\" src=\"http:\/\/www.apucarana.pr.gov.br\/site\/wp-content\/uploads\/2025\/11\/Papai-Noel-91-1024x683-140x80.jpg\" alt=\"Papai Noel-91\" \/>\n\t\t\t\t<\/div>\n\t\t\t<div  class=\"ms-slide\" data-delay=\"3\"    >\n\t\t\t\t\t<img decoding=\"async\" src=\"http:\/\/www.apucarana.pr.gov.br\/site\/wp-content\/plugins\/masterslider\/public\/assets\/css\/blank.gif\" alt=\"Papai Noel-89\" title=\"Papai Noel-89\" data-src=\"http:\/\/www.apucarana.pr.gov.br\/site\/wp-content\/uploads\/2025\/11\/Papai-Noel-89-1024x683.jpg\" \/>\n\t<a href=\"http:\/\/www.apucarana.pr.gov.br\/site\/wp-content\/uploads\/2025\/11\/Papai-Noel-89-1024x683.jpg\" target=\"_self\"    >Papai Noel-89<\/a>\n\n\n\t<img decoding=\"async\" class=\"ms-thumb\" src=\"http:\/\/www.apucarana.pr.gov.br\/site\/wp-content\/uploads\/2025\/11\/Papai-Noel-89-1024x683-140x80.jpg\" alt=\"Papai Noel-89\" \/>\n\t\t\t\t<\/div>\n\t\t\t<div  class=\"ms-slide\" data-delay=\"3\"    >\n\t\t\t\t\t<img decoding=\"async\" src=\"http:\/\/www.apucarana.pr.gov.br\/site\/wp-content\/plugins\/masterslider\/public\/assets\/css\/blank.gif\" alt=\"Papai Noel-88\" title=\"Papai Noel-88\" data-src=\"http:\/\/www.apucarana.pr.gov.br\/site\/wp-content\/uploads\/2025\/11\/Papai-Noel-88-1024x683.jpg\" \/>\n\t<a href=\"http:\/\/www.apucarana.pr.gov.br\/site\/wp-content\/uploads\/2025\/11\/Papai-Noel-88-1024x683.jpg\" target=\"_self\"    >Papai Noel-88<\/a>\n\n\n\t<img decoding=\"async\" class=\"ms-thumb\" src=\"http:\/\/www.apucarana.pr.gov.br\/site\/wp-content\/uploads\/2025\/11\/Papai-Noel-88-1024x683-140x80.jpg\" alt=\"Papai Noel-88\" \/>\n\t\t\t\t<\/div>\n\t\t\t<div  class=\"ms-slide\" data-delay=\"3\"    >\n\t\t\t\t\t<img decoding=\"async\" src=\"http:\/\/www.apucarana.pr.gov.br\/site\/wp-content\/plugins\/masterslider\/public\/assets\/css\/blank.gif\" alt=\"Papai Noel-103\" title=\"Papai Noel-103\" data-src=\"http:\/\/www.apucarana.pr.gov.br\/site\/wp-content\/uploads\/2025\/11\/Papai-Noel-103-1024x683.jpg\" \/>\n\t<a href=\"http:\/\/www.apucarana.pr.gov.br\/site\/wp-content\/uploads\/2025\/11\/Papai-Noel-103-1024x683.jpg\" target=\"_self\"    >Papai Noel-103<\/a>\n\n\n\t<img decoding=\"async\" class=\"ms-thumb\" src=\"http:\/\/www.apucarana.pr.gov.br\/site\/wp-content\/uploads\/2025\/11\/Papai-Noel-103-1024x683-140x80.jpg\" alt=\"Papai Noel-103\" \/>\n\t\t\t\t<\/div>\n\t\t\t<div  class=\"ms-slide\" data-delay=\"3\"    >\n\t\t\t\t\t<img decoding=\"async\" src=\"http:\/\/www.apucarana.pr.gov.br\/site\/wp-content\/plugins\/masterslider\/public\/assets\/css\/blank.gif\" alt=\"Papai Noel-105\" title=\"Papai Noel-105\" data-src=\"http:\/\/www.apucarana.pr.gov.br\/site\/wp-content\/uploads\/2025\/11\/Papai-Noel-105-1024x683.jpg\" \/>\n\t<a href=\"http:\/\/www.apucarana.pr.gov.br\/site\/wp-content\/uploads\/2025\/11\/Papai-Noel-105-1024x683.jpg\" target=\"_self\"    >Papai Noel-105<\/a>\n\n\n\t<img decoding=\"async\" class=\"ms-thumb\" src=\"http:\/\/www.apucarana.pr.gov.br\/site\/wp-content\/uploads\/2025\/11\/Papai-Noel-105-1024x683-140x80.jpg\" alt=\"Papai Noel-105\" \/>\n\t\t\t\t<\/div>\n\t\t\t<div  class=\"ms-slide\" data-delay=\"3\"    >\n\t\t\t\t\t<img decoding=\"async\" src=\"http:\/\/www.apucarana.pr.gov.br\/site\/wp-content\/plugins\/masterslider\/public\/assets\/css\/blank.gif\" alt=\"Papai Noel-108\" title=\"Papai Noel-108\" data-src=\"http:\/\/www.apucarana.pr.gov.br\/site\/wp-content\/uploads\/2025\/11\/Papai-Noel-108-1024x683.jpg\" \/>\n\t<a href=\"http:\/\/www.apucarana.pr.gov.br\/site\/wp-content\/uploads\/2025\/11\/Papai-Noel-108-1024x683.jpg\" target=\"_self\"    >Papai Noel-108<\/a>\n\n\n\t<img decoding=\"async\" class=\"ms-thumb\" src=\"http:\/\/www.apucarana.pr.gov.br\/site\/wp-content\/uploads\/2025\/11\/Papai-Noel-108-1024x683-140x80.jpg\" alt=\"Papai Noel-108\" \/>\n\t\t\t\t<\/div>\n\n\t\t\t<\/div>\n\t\t\t<!-- END MasterSlider Main -->\n\n\t\t\t \n\t\t<\/div>\n\t\t<!-- END MasterSlider -->\n\n\t\t<script>\n\t\t( window.MSReady = window.MSReady || [] ).push( function( $ ) {\n\n\t\t\t\"use strict\";\n\t\t\tvar masterslider_259b = new MasterSlider();\n\n\t\t\t\/\/ slider controls\n\t\t\tmasterslider_259b.control('arrows'     ,{ autohide:true, overVideo:true  });\n\t\t\tmasterslider_259b.control('thumblist'  ,{ autohide:false, overVideo:true, dir:'h', speed:17, inset:false, arrows:false, hover:false, customClass:'', align:'bottom',type:'thumbs', margin:2, width:140, height:80, space:2, fillMode:'fill'  });\n\t\t\t\/\/ slider setup\n\t\t\tmasterslider_259b.setup(\"MS69ef9d26a259b\", {\n\t\t\t\twidth           : 960,\n\t\t\t\theight          : 540,\n\t\t\t\tminHeight       : 0,\n\t\t\t\tspace           : 0,\n\t\t\t\tstart           : 1,\n\t\t\t\tgrabCursor      : true,\n\t\t\t\tswipe           : true,\n\t\t\t\tmouse           : true,\n\t\t\t\tkeyboard        : false,\n\t\t\t\tlayout          : \"fillwidth\",\n\t\t\t\twheel           : false,\n\t\t\t\tautoplay        : true,\n                instantStartLayers:false,\n\t\t\t\tmobileBGVideo:false,\n\t\t\t\tloop            : true,\n\t\t\t\tshuffle         : false,\n\t\t\t\tpreload         : 3,\n\t\t\t\theightLimit     : false,\n\t\t\t\tautoHeight      : false,\n\t\t\t\tsmoothHeight    : true,\n\t\t\t\tendPause        : false,\n\t\t\t\toverPause       : false,\n\t\t\t\tfillMode        : \"fill\",\n\t\t\t\tcenterControls  : true,\n\t\t\t\tstartOnAppear   : false,\n\t\t\t\tlayersMode      : \"center\",\n\t\t\t\tautofillTarget  : \"\",\n\t\t\t\thideLayers      : false,\n\t\t\t\tfullscreenMargin: 0,\n\t\t\t\tspeed           : 17,\n\t\t\t\tdir             : \"h\",\n\t\t\t\tresponsive      : true,\n\t\t\t\ttabletWidth     : 768,\n\t\t\t\ttabletHeight    : null,\n\t\t\t\tphoneWidth      : 480,\n\t\t\t\tphoneHeight    : null,\n\t\t\t\tsizingReference : window,\n\t\t\t\tparallaxMode    : 'swipe',\n\t\t\t\tview            : \"basic\"\n\t\t\t});\n\n\t\t\t\n\t\t\twindow.masterslider_instances = window.masterslider_instances || [];\n\t\t\twindow.masterslider_instances.push( masterslider_259b );\n\t\t});\n\t\t<\/script>\n\n\n<p>A noite desta sexta-feira (28\/11) entrou para a hist\u00f3ria de Apucarana. Com a Pra\u00e7a Rui Barbosa completamente lotada por fam\u00edlias, crian\u00e7as e idosos, a cidade abriu oficialmente a programa\u00e7\u00e3o do Natal da Fam\u00edlia 2025, em um evento marcado por emo\u00e7\u00e3o, m\u00fasica, luzes e celebra\u00e7\u00f5es preparadas com carinho ao longo dos \u00faltimos meses pela gest\u00e3o municipal. O coral da cantata natalina com cerca de 300 crian\u00e7as da rede municipal de ensino encantou o p\u00fablico e abriu a programa\u00e7\u00e3o.<\/p>\n<p>\u201cEstamos vivendo um momento hist\u00f3rico. O Natal da Fam\u00edlia \u00e9 um presente para a nossa cidade, um tempo de uni\u00e3o, esperan\u00e7a e cuidado com as pessoas. E posso afirmar: este deve ser o maior Natal de todos os tempos em Apucarana\u201d, disse o prefeito Rodolfo Mota, logo ap\u00f3s o in\u00edcio oficial da festividade.<\/p>\n<p>A chegada do Papai Noel foi um dos momentos mais aguardados da noite. A caravana, composta por tr\u00eas carretas iluminadas e acompanhada por duendes, percorreu o centro da cidade at\u00e9 estacionar em frente \u00e0 Catedral Bas\u00edlica Menor Nossa Senhora de Lourdes. Ao desembarcar, o bom velhinho surpreendeu o p\u00fablico ao montar em uma moto e atravessar o t\u00fanel de luz montado ao lado dos espelhos d\u2019\u00e1gua, sendo recebido nas escadarias pelo prefeito Rodolfo Mota. Ambos subiram em uma plataforma elevat\u00f3ria, saudando a multid\u00e3o que acompanhava cada detalhe. Em sua mensagem, Papai Noel desejou \u201cum Natal iluminado, cheio de uni\u00e3o, bondade e muita alegria para todas as fam\u00edlias apucaranenses\u201d.<\/p>\n<p>As luzes da decora\u00e7\u00e3o natalina foram acesas e uma lind\u00edssima queima de fogos coloriu o c\u00e9u da cidade, refor\u00e7ando o clima de encantamento. Entre o p\u00fablico, um gesto chamou aten\u00e7\u00e3o: uma senhora idosa se aproximou do prefeito e do Papai Noel, abra\u00e7ando-os com carinho, simbolizando a emo\u00e7\u00e3o coletiva que tomou conta da Pra\u00e7a Rui Barbosa.<\/p>\n<p>O prefeito Rodolfo Mota destacou o esfor\u00e7o coletivo da administra\u00e7\u00e3o na prepara\u00e7\u00e3o da festa. Ele agradeceu aos secret\u00e1rios de Cultura, Rodrigo Recife, e de Servi\u00e7os P\u00fablicos, Wendel Metta, ao engenheiro eletricista Nilton Ant\u00f4nio Fornaciari J\u00fanior, ao engenheiro Thalles Kovalzuck Ribeiro e \u00e0s equipes que trabalharam durante quatro a cinco meses na montagem da estrutura natalina. \u201cTudo isso tem um prop\u00f3sito muito claro: gerar cultura, lazer, conviv\u00eancia e movimentar a nossa economia. As lojas come\u00e7am a atender em hor\u00e1rio estendido a partir do dia 8 de dezembro. Estamos abrindo o Natal no dia 28 justamente para garantir um m\u00eas cheio de atra\u00e7\u00f5es, alegria e movimento nas ruas. Esperamos atrair pelo menos 30 mil fam\u00edlias de Apucarana e da regi\u00e3o para prestigiar o \u201dNatal da Fam\u00edlia 2025\u201d, que ser\u00e1 inesquec\u00edvel, refor\u00e7ou o prefeito. Mota anunciou que a programa\u00e7\u00e3o terminar\u00e1 no dia 28 de dezembro com uma grande festa e uma atra\u00e7\u00e3o surpresa que ser\u00e1 divulgada em breve.<\/p>\n<p>O secret\u00e1rio de Cultura, Rodrigo Recife, tamb\u00e9m comemorou o sucesso da abertura. \u201c\u00c9 um momento m\u00e1gico para Apucarana. Preparamos cada detalhe com muito carinho para que a popula\u00e7\u00e3o viva o esp\u00edrito do Natal, que \u00e9 amor, entrega, uni\u00e3o e esperan\u00e7a. S\u00e3o 30 dias de programa\u00e7\u00e3o intensa em v\u00e1rios pontos da cidade \u2014 na pra\u00e7a, no Cine Teatro F\u00eanix, no Lago\u00e3o, nos espa\u00e7os das feiras \u2014 e em algum momento todo mundo vai se encantar\u201d, afirmou. Ele destacou ainda a complexidade da noite de estreia: \u201cForam meses de prepara\u00e7\u00e3o para entregar esse espet\u00e1culo. Tivemos a cantata, a banda municipal, a chegada da caravana, o trajeto do Papai Noel, a recep\u00e7\u00e3o na escadaria, os fogos. Tudo acontecendo em sequ\u00eancia. Muita expectativa e muito trabalho para esse resultado que hoje entra para a hist\u00f3ria.\u201d<\/p>\n<p>O evento contou com a presen\u00e7a da deputada federal Lu\u00edza Canziani; do vice-prefeito Marcos da Vila Reis; da secret\u00e1ria da Mulher e primeira-dama, Karine Mota; da secret\u00e1ria de Educa\u00e7\u00e3o, Ana Paula; al\u00e9m de outros secret\u00e1rios municipais. Tamb\u00e9m participaram os vereadores Danylo Acioli, Eliana Rocha, Pablo da Seguran\u00e7a, Mois\u00e9s Tavares, Sidnei da Levelimp e Luciano Facchiano, que acompanharam as celebra\u00e7\u00f5es ao lado das fam\u00edlias. A deputada Lu\u00edza Canziani fez quest\u00e3o de destacar seu carinho por Apucarana e sua alegria em participar da abertura. \u201cApucarana merece esse Natal lindo, preparado com tanto cuidado pela gest\u00e3o. Estou muito feliz de estar aqui nesta noite t\u00e3o especial. Desejo um Feliz Natal e um Ano Novo de paz, sa\u00fade e prosperidade para todas as fam\u00edlias da nossa cidade\u201d, afirmou.<\/p>\n<p>Programa\u00e7\u00e3o completa do Natal da Fam\u00edlia<\/p>\n<p>29\/11 \u2013 formatura dos estudantes que est\u00e3o concluindo a Educa\u00e7\u00e3o Infantil nas Escolas Municipais (Lago\u00e3o)<br \/>\n29\/11 a 01\/12 (s\u00e1bado a segunda) \u2013 Apresenta\u00e7\u00f5es musicais de alunos da Escola Municipal de Artes (Espa\u00e7o das Feiras)<br \/>\n30\/11 \u2013 \u00faltima etapa do Circuito de Corridas de Rua das Escolas Municipais (Pra\u00e7a Rui Barbosa, \u00e0s 9 horas)<br \/>\n30\/11 (domingo) \u2013 Apresenta\u00e7\u00e3o de ballet com os alunos da Escola Municipal de Artes (Cine Teatro, sess\u00f5es \u00e0s 14h e \u00e0s 17h)<br \/>\n01\/12 (segunda) \u2013 Espet\u00e1culo Teatral com alunos da turma de adultos da Escola Municipal de Artes (Cine Teatro F\u00eanix, 18h)<br \/>\n01\/12 \u2013 formatura dos estudantes que est\u00e3o concluindo o Ensino Fundamental nas Escolas Municipais de Apucarana (Lago\u00e3o)<br \/>\n02\/12 (ter\u00e7a) \u2013 celebra\u00e7\u00e3o do Dia Nacional do Samba (Espa\u00e7o das Feiras)<br \/>\n02\/12 \u2013 formatura dos estudantes que participaram do PROERD (Lago\u00e3o)<br \/>\n03 a 07\/12 (quarta a domingo) \u2013 \u00f4nibus imersivo \u201cFant\u00e1stica F\u00e1brica do Papai Noel\u201d (Pra\u00e7a Rui Barbosa, per\u00edodo noturno)<br \/>\n04\/12 (quinta) \u2013 Cantata de Natal da Escola Adventista (escadaria da catedral na Pra\u00e7a Rui Barbosa)<br \/>\n05\/12 (sexta) \u2013 Concerto de Saxofone \u201cSax Show\u201d, com alunos da Escola Municipal de Artes (Cine Teatro, 19h30)<br \/>\n07\/12 (domingo) \u2013 Apresenta\u00e7\u00e3o de Ballet Adulto, com alunos da Escola Municipal de Artes (Cine Teatro, 18h)<br \/>\n08\/12 \u2013 abertura do com\u00e9rcio no per\u00edodo noturno<br \/>\n08 e 09\/12 (segunda e ter\u00e7a) \u2013 Apresenta\u00e7\u00f5es de Piano, com alunos da Escola Municipal de Artes (Cine Teatro, 19h30)<br \/>\n09\/12 \u2013 Premia\u00e7\u00e3o dos estudantes medalhistas da Olimp\u00edada Brasileira de Astronomia e Astron\u00e1utica (Lago\u00e3o)<br \/>\n10\/12 (quarta) \u2013 Concerto de Natal, com a Orquestra de Cordas da Escola Municipal de Artes (Cine Teatro, 19h30)<br \/>\n13\/12 (s\u00e1bado) \u2013 Espet\u00e1culo \u201cNatal Luz\u201d, com alunos das escolas municipais de Apucarana (Lago\u00e3o)<br \/>\n14\/12 (domingo) \u2013 Chamamento de Artistas (Pra\u00e7a do 28, 16h; Plat\u00f4 da Catedral, 20h)<br \/>\n15 a 18\/12 (segunda a quinta) \u2013 Chamamento de Artistas \u2013 Plat\u00f4 da Catedral (19h30)<br \/>\n19\/12 (sexta) \u2013 Programa\u00e7\u00e3o de Natal (19h30) \u2013 Coral da Escola Municipal de Artes e Concerto da Banda Municipal<br \/>\n21\/12 (domingo) \u2013 Chamamento de Artistas (Pra\u00e7a do 28, 16h; Plat\u00f4 da Catedral, 20h)<\/p>\n","protected":false},"excerpt":{"rendered":"<p>A noite desta sexta-feira (28\/11) entrou para a hist&oacute;ria de Apucarana. Com a Pra&ccedil;a Rui Barbosa completamente lotada por fam&iacute;lias, crian&ccedil;as e idosos, a cidade abriu oficialmente a programa&ccedil;&atilde;o do Natal da Fam&iacute;lia 2025, em um evento marcado por emo&ccedil;&atilde;o, m&uacute;sica, luzes e celebra&ccedil;&otilde;es preparadas com carinho ao longo dos &uacute;ltimos meses pela gest&atilde;o municipal. [&hellip;]<\/p>\n","protected":false},"author":18,"featured_media":120739,"comment_status":"closed","ping_status":"closed","sticky":false,"template":"","format":"standard","meta":{"footnotes":""},"categories":[24],"tags":[],"class_list":["post-120738","post","type-post","status-publish","format-standard","has-post-thumbnail","hentry","category-noticias"],"acf":[],"_links":{"self":[{"href":"http:\/\/www.apucarana.pr.gov.br\/site\/wp-json\/wp\/v2\/posts\/120738","targetHints":{"allow":["GET"]}}],"collection":[{"href":"http:\/\/www.apucarana.pr.gov.br\/site\/wp-json\/wp\/v2\/posts"}],"about":[{"href":"http:\/\/www.apucarana.pr.gov.br\/site\/wp-json\/wp\/v2\/types\/post"}],"author":[{"embeddable":true,"href":"http:\/\/www.apucarana.pr.gov.br\/site\/wp-json\/wp\/v2\/users\/18"}],"replies":[{"embeddable":true,"href":"http:\/\/www.apucarana.pr.gov.br\/site\/wp-json\/wp\/v2\/comments?post=120738"}],"version-history":[{"count":2,"href":"http:\/\/www.apucarana.pr.gov.br\/site\/wp-json\/wp\/v2\/posts\/120738\/revisions"}],"predecessor-version":[{"id":120780,"href":"http:\/\/www.apucarana.pr.gov.br\/site\/wp-json\/wp\/v2\/posts\/120738\/revisions\/120780"}],"wp:featuredmedia":[{"embeddable":true,"href":"http:\/\/www.apucarana.pr.gov.br\/site\/wp-json\/wp\/v2\/media\/120739"}],"wp:attachment":[{"href":"http:\/\/www.apucarana.pr.gov.br\/site\/wp-json\/wp\/v2\/media?parent=120738"}],"wp:term":[{"taxonomy":"category","embeddable":true,"href":"http:\/\/www.apucarana.pr.gov.br\/site\/wp-json\/wp\/v2\/categories?post=120738"},{"taxonomy":"post_tag","embeddable":true,"href":"http:\/\/www.apucarana.pr.gov.br\/site\/wp-json\/wp\/v2\/tags?post=120738"}],"curies":[{"name":"wp","href":"https:\/\/api.w.org\/{rel}","templated":true}]}}