{"id":120727,"date":"2025-11-28T18:37:33","date_gmt":"2025-11-28T21:37:33","guid":{"rendered":"https:\/\/www.apucarana.pr.gov.br\/site\/?p=120727"},"modified":"2025-12-01T13:24:51","modified_gmt":"2025-12-01T16:24:51","slug":"apucarana-lanca-licitacao-para-reforma-e-ampliacao-da-ubs-do-jardim-trabalhista-e-avanca-em-requalificacao-estrutural-da-saude","status":"publish","type":"post","link":"http:\/\/www.apucarana.pr.gov.br\/site\/apucarana-lanca-licitacao-para-reforma-e-ampliacao-da-ubs-do-jardim-trabalhista-e-avanca-em-requalificacao-estrutural-da-saude\/","title":{"rendered":"Apucarana lan\u00e7a licita\u00e7\u00e3o para reforma e amplia\u00e7\u00e3o da UBS do Jardim Trabalhista e avan\u00e7a em requalifica\u00e7\u00e3o estrutural da sa\u00fade"},"content":{"rendered":"\n\t\t<!-- MasterSlider -->\n\t\t<div id=\"P_MS69ef9d5a9f402\" class=\"master-slider-parent master-slider-gallery   ms-parent-id-0\" style=\"\" >\n\n\t\t\t\n\t\t\t<!-- MasterSlider Main -->\n\t\t\t<div id=\"MS69ef9d5a9f402\" class=\"master-slider ms-skin-default\" >\n\t\t\t\t \t\t\t\t \n\t\t\t<div  class=\"ms-slide\" data-delay=\"3\"    >\n\t\t\t\t\t<img decoding=\"async\" src=\"http:\/\/www.apucarana.pr.gov.br\/site\/wp-content\/plugins\/masterslider\/public\/assets\/css\/blank.gif\" alt=\"UBS Ana Maria Pepato (3)\" title=\"UBS Ana Maria Pepato (3)\" data-src=\"http:\/\/www.apucarana.pr.gov.br\/site\/wp-content\/uploads\/2025\/11\/UBS-Ana-Maria-Pepato-3-1024x683.jpg\" \/>\n\t<a href=\"http:\/\/www.apucarana.pr.gov.br\/site\/wp-content\/uploads\/2025\/11\/UBS-Ana-Maria-Pepato-3-1024x683.jpg\" target=\"_self\"    >UBS Ana Maria Pepato (3)<\/a>\n\n\n\t<img decoding=\"async\" class=\"ms-thumb\" src=\"http:\/\/www.apucarana.pr.gov.br\/site\/wp-content\/uploads\/2025\/11\/UBS-Ana-Maria-Pepato-3-1024x683-140x80.jpg\" alt=\"UBS Ana Maria Pepato (3)\" \/>\n\t\t\t\t<\/div>\n\t\t\t<div  class=\"ms-slide\" data-delay=\"3\"    >\n\t\t\t\t\t<img decoding=\"async\" src=\"http:\/\/www.apucarana.pr.gov.br\/site\/wp-content\/plugins\/masterslider\/public\/assets\/css\/blank.gif\" alt=\"UBS Ana Maria Pepato (6)\" title=\"UBS Ana Maria Pepato (6)\" data-src=\"http:\/\/www.apucarana.pr.gov.br\/site\/wp-content\/uploads\/2025\/11\/UBS-Ana-Maria-Pepato-6-1024x683.jpg\" \/>\n\t<a href=\"http:\/\/www.apucarana.pr.gov.br\/site\/wp-content\/uploads\/2025\/11\/UBS-Ana-Maria-Pepato-6-1024x683.jpg\" target=\"_self\"    >UBS Ana Maria Pepato (6)<\/a>\n\n\n\t<img decoding=\"async\" class=\"ms-thumb\" src=\"http:\/\/www.apucarana.pr.gov.br\/site\/wp-content\/uploads\/2025\/11\/UBS-Ana-Maria-Pepato-6-1024x683-140x80.jpg\" alt=\"UBS Ana Maria Pepato (6)\" \/>\n\t\t\t\t<\/div>\n\t\t\t<div  class=\"ms-slide\" data-delay=\"3\"    >\n\t\t\t\t\t<img decoding=\"async\" src=\"http:\/\/www.apucarana.pr.gov.br\/site\/wp-content\/plugins\/masterslider\/public\/assets\/css\/blank.gif\" alt=\"UBS Ana Maria Pepato (11)\" title=\"UBS Ana Maria Pepato (11)\" data-src=\"http:\/\/www.apucarana.pr.gov.br\/site\/wp-content\/uploads\/2025\/11\/UBS-Ana-Maria-Pepato-11-1024x683.jpg\" \/>\n\t<a href=\"http:\/\/www.apucarana.pr.gov.br\/site\/wp-content\/uploads\/2025\/11\/UBS-Ana-Maria-Pepato-11-1024x683.jpg\" target=\"_self\"    >UBS Ana Maria Pepato (11)<\/a>\n\n\n\t<img decoding=\"async\" class=\"ms-thumb\" src=\"http:\/\/www.apucarana.pr.gov.br\/site\/wp-content\/uploads\/2025\/11\/UBS-Ana-Maria-Pepato-11-1024x683-140x80.jpg\" alt=\"UBS Ana Maria Pepato (11)\" \/>\n\t\t\t\t<\/div>\n\t\t\t<div  class=\"ms-slide\" data-delay=\"3\"    >\n\t\t\t\t\t<img decoding=\"async\" src=\"http:\/\/www.apucarana.pr.gov.br\/site\/wp-content\/plugins\/masterslider\/public\/assets\/css\/blank.gif\" alt=\"UBS Ana Maria Pepato (13)\" title=\"UBS Ana Maria Pepato (13)\" data-src=\"http:\/\/www.apucarana.pr.gov.br\/site\/wp-content\/uploads\/2025\/11\/UBS-Ana-Maria-Pepato-13-1024x683.jpg\" \/>\n\t<a href=\"http:\/\/www.apucarana.pr.gov.br\/site\/wp-content\/uploads\/2025\/11\/UBS-Ana-Maria-Pepato-13-1024x683.jpg\" target=\"_self\"    >UBS Ana Maria Pepato (13)<\/a>\n\n\n\t<img decoding=\"async\" class=\"ms-thumb\" src=\"http:\/\/www.apucarana.pr.gov.br\/site\/wp-content\/uploads\/2025\/11\/UBS-Ana-Maria-Pepato-13-1024x683-140x80.jpg\" alt=\"UBS Ana Maria Pepato (13)\" \/>\n\t\t\t\t<\/div>\n\t\t\t<div  class=\"ms-slide\" data-delay=\"3\"    >\n\t\t\t\t\t<img decoding=\"async\" src=\"http:\/\/www.apucarana.pr.gov.br\/site\/wp-content\/plugins\/masterslider\/public\/assets\/css\/blank.gif\" alt=\"UBS Ana Maria Pepato (15)\" title=\"UBS Ana Maria Pepato (15)\" data-src=\"http:\/\/www.apucarana.pr.gov.br\/site\/wp-content\/uploads\/2025\/11\/UBS-Ana-Maria-Pepato-15-1024x683.jpg\" \/>\n\t<a href=\"http:\/\/www.apucarana.pr.gov.br\/site\/wp-content\/uploads\/2025\/11\/UBS-Ana-Maria-Pepato-15-1024x683.jpg\" target=\"_self\"    >UBS Ana Maria Pepato (15)<\/a>\n\n\n\t<img decoding=\"async\" class=\"ms-thumb\" src=\"http:\/\/www.apucarana.pr.gov.br\/site\/wp-content\/uploads\/2025\/11\/UBS-Ana-Maria-Pepato-15-1024x683-140x80.jpg\" alt=\"UBS Ana Maria Pepato (15)\" \/>\n\t\t\t\t<\/div>\n\t\t\t<div  class=\"ms-slide\" data-delay=\"3\"    >\n\t\t\t\t\t<img decoding=\"async\" src=\"http:\/\/www.apucarana.pr.gov.br\/site\/wp-content\/plugins\/masterslider\/public\/assets\/css\/blank.gif\" alt=\"UBS Ana Maria Pepato (16)\" title=\"UBS Ana Maria Pepato (16)\" data-src=\"http:\/\/www.apucarana.pr.gov.br\/site\/wp-content\/uploads\/2025\/11\/UBS-Ana-Maria-Pepato-16-1024x683.jpg\" \/>\n\t<a href=\"http:\/\/www.apucarana.pr.gov.br\/site\/wp-content\/uploads\/2025\/11\/UBS-Ana-Maria-Pepato-16-1024x683.jpg\" target=\"_self\"    >UBS Ana Maria Pepato (16)<\/a>\n\n\n\t<img decoding=\"async\" class=\"ms-thumb\" src=\"http:\/\/www.apucarana.pr.gov.br\/site\/wp-content\/uploads\/2025\/11\/UBS-Ana-Maria-Pepato-16-1024x683-140x80.jpg\" alt=\"UBS Ana Maria Pepato (16)\" \/>\n\t\t\t\t<\/div>\n\t\t\t<div  class=\"ms-slide\" data-delay=\"3\"    >\n\t\t\t\t\t<img decoding=\"async\" src=\"http:\/\/www.apucarana.pr.gov.br\/site\/wp-content\/plugins\/masterslider\/public\/assets\/css\/blank.gif\" alt=\"UBS Ana Maria Pepato (24)\" title=\"UBS Ana Maria Pepato (24)\" data-src=\"http:\/\/www.apucarana.pr.gov.br\/site\/wp-content\/uploads\/2025\/11\/UBS-Ana-Maria-Pepato-24-1024x683.jpg\" \/>\n\t<a href=\"http:\/\/www.apucarana.pr.gov.br\/site\/wp-content\/uploads\/2025\/11\/UBS-Ana-Maria-Pepato-24-1024x683.jpg\" target=\"_self\"    >UBS Ana Maria Pepato (24)<\/a>\n\n\n\t<img decoding=\"async\" class=\"ms-thumb\" src=\"http:\/\/www.apucarana.pr.gov.br\/site\/wp-content\/uploads\/2025\/11\/UBS-Ana-Maria-Pepato-24-1024x683-140x80.jpg\" alt=\"UBS Ana Maria Pepato (24)\" \/>\n\t\t\t\t<\/div>\n\n\t\t\t<\/div>\n\t\t\t<!-- END MasterSlider Main -->\n\n\t\t\t \n\t\t<\/div>\n\t\t<!-- END MasterSlider -->\n\n\t\t<script>\n\t\t( window.MSReady = window.MSReady || [] ).push( function( $ ) {\n\n\t\t\t\"use strict\";\n\t\t\tvar masterslider_f402 = new MasterSlider();\n\n\t\t\t\/\/ slider controls\n\t\t\tmasterslider_f402.control('arrows'     ,{ autohide:true, overVideo:true  });\n\t\t\tmasterslider_f402.control('thumblist'  ,{ autohide:false, overVideo:true, dir:'h', speed:17, inset:false, arrows:false, hover:false, customClass:'', align:'bottom',type:'thumbs', margin:2, width:140, height:80, space:2, fillMode:'fill'  });\n\t\t\t\/\/ slider setup\n\t\t\tmasterslider_f402.setup(\"MS69ef9d5a9f402\", {\n\t\t\t\twidth           : 960,\n\t\t\t\theight          : 540,\n\t\t\t\tminHeight       : 0,\n\t\t\t\tspace           : 0,\n\t\t\t\tstart           : 1,\n\t\t\t\tgrabCursor      : true,\n\t\t\t\tswipe           : true,\n\t\t\t\tmouse           : true,\n\t\t\t\tkeyboard        : false,\n\t\t\t\tlayout          : \"fillwidth\",\n\t\t\t\twheel           : false,\n\t\t\t\tautoplay        : true,\n                instantStartLayers:false,\n\t\t\t\tmobileBGVideo:false,\n\t\t\t\tloop            : true,\n\t\t\t\tshuffle         : false,\n\t\t\t\tpreload         : 3,\n\t\t\t\theightLimit     : false,\n\t\t\t\tautoHeight      : false,\n\t\t\t\tsmoothHeight    : true,\n\t\t\t\tendPause        : false,\n\t\t\t\toverPause       : false,\n\t\t\t\tfillMode        : \"fill\",\n\t\t\t\tcenterControls  : true,\n\t\t\t\tstartOnAppear   : false,\n\t\t\t\tlayersMode      : \"center\",\n\t\t\t\tautofillTarget  : \"\",\n\t\t\t\thideLayers      : false,\n\t\t\t\tfullscreenMargin: 0,\n\t\t\t\tspeed           : 17,\n\t\t\t\tdir             : \"h\",\n\t\t\t\tresponsive      : true,\n\t\t\t\ttabletWidth     : 768,\n\t\t\t\ttabletHeight    : null,\n\t\t\t\tphoneWidth      : 480,\n\t\t\t\tphoneHeight    : null,\n\t\t\t\tsizingReference : window,\n\t\t\t\tparallaxMode    : 'swipe',\n\t\t\t\tview            : \"basic\"\n\t\t\t});\n\n\t\t\t\n\t\t\twindow.masterslider_instances = window.masterslider_instances || [];\n\t\t\twindow.masterslider_instances.push( masterslider_f402 );\n\t\t});\n\t\t<\/script>\n\n\n<p>O prefeito Rodolfo Mota autorizou nesta sexta-feira (28\/11), no Jardim Trabalhista, o in\u00edcio do processo licitat\u00f3rio para contrata\u00e7\u00e3o de empresa especializada para reforma e amplia\u00e7\u00e3o da Unidade B\u00e1sica de Sa\u00fade (UBS) Ana Maria Dominiciano Pepato. O edital prev\u00ea moderniza\u00e7\u00e3o estrutural completa da unidade e amplia\u00e7\u00e3o de \u00e1reas essenciais de atendimento. Ser\u00e3o 258,33 metros quadrados de \u00e1rea reformada e 58,33 metros quadrados de nova edifica\u00e7\u00e3o, totalizando 316,66 metros quadrados de \u00e1rea constru\u00edda.<\/p>\n<p>O objetivo \u00e9 ampliar a capacidade de atendimento e garantir melhores condi\u00e7\u00f5es de trabalho \u00e0s equipes de sa\u00fade. O prefeito Rodolfo Mota destacou que o investimento integra uma pol\u00edtica municipal voltada para requalificar as unidades b\u00e1sicas e acompanhar o crescimento populacional da regi\u00e3o. \u201cEstamos anunciando benfeitorias na terceira UBS em uma semana. Come\u00e7amos pela Vila Reis, com mais de R$ 600 mil na licita\u00e7\u00e3o para reforma e amplia\u00e7\u00e3o, praticamente dobrando o tamanho da unidade. Depois, a reforma da UBS do Pirap\u00f3, distritos que t\u00eam porte de cidades. E agora chegamos ao Jardim Trabalhista. Quando assumimos encontramos UBS\u2019s com infiltra\u00e7\u00e3o, telhados danificados, pilares comprometidos, salas alagando e temperaturas inadequadas. Precisamos agir r\u00e1pido e estas s\u00e3o apenas as tr\u00eas primeiras grandes reformas que vamos iniciar\u201d, afirmou.<\/p>\n<p>O investimento \u00e9 uma parceria com a deputada federal Lu\u00edsa Canziani, que destinou R$ 900 mil em recursos federais para os projetos. \u201cA prefeitura est\u00e1 aportando mais R$ 300 mil. \u00c9 um investimento total que deve se aproximar de R$ 1,2 milh\u00e3o. Esses recursos j\u00e1 est\u00e3o na conta da Autarquia Municipal de Sa\u00fade (AMS), e as licita\u00e7\u00f5es est\u00e3o marcadas. A da UBS do Jardim Trabalhista ser\u00e1 no dia 18 de dezembro\u201d, observou, projetando o cronograma das obras. \u201cA nossa expectativa \u00e9 que, entre o fim de janeiro e o in\u00edcio de fevereiro, dentro da programa\u00e7\u00e3o do anivers\u00e1rio da cidade, possamos emitir a ordem de servi\u00e7o para esses investimentos\u201d, disse.<\/p>\n<p>A obra contempla constru\u00e7\u00e3o de novos ambientes, incluindo sala para agentes comunit\u00e1rios de sa\u00fade, cozinha, \u00e1rea de servi\u00e7o e \u00e1rea de circula\u00e7\u00e3o, al\u00e9m de adequa\u00e7\u00f5es nas estruturas existentes, instala\u00e7\u00f5es el\u00e9tricas e hidrossanit\u00e1rias, revestimentos, substitui\u00e7\u00e3o de cobertura e pintura. O secret\u00e1rio municipal da Sa\u00fade, m\u00e9dico Guilherme de Paula, destacou que o projeto foi constru\u00eddo ouvindo as equipes da unidade. \u201cUma das principais demandas era a amplia\u00e7\u00e3o do espa\u00e7o destinado aos agentes comunit\u00e1rios de sa\u00fade, j\u00e1 incorporada ao desenho final da obra. Esta reforma vai reorganizar o fluxo interno e melhorar as condi\u00e7\u00f5es de trabalho das equipes. O posto vai ficar bem organizado, com espa\u00e7os adequados para os servidores e para o atendimento da popula\u00e7\u00e3o de Apucarana\u201d, afirmou o secret\u00e1rio.<\/p>\n<p>A construtora vencedora da licita\u00e7\u00e3o ter\u00e1 prazo de execu\u00e7\u00e3o de 180 dias. O valor m\u00e1ximo previsto \u00e9 de R$ 315.123,64, com recursos federais viabilizados atrav\u00e9s de emenda da deputada Federal Lu\u00edsa Canziani, com intermedia\u00e7\u00e3o do vereador Mois\u00e9s Tavares.<\/p>\n<p><strong>Presen\u00e7as<\/strong> \u2013 Prestigiaram o evento o secret\u00e1rio municipal de Obras, engenheiro civil Mateus Franciscon Fernandes, os vereadores Pablo da Seguran\u00e7a e Dr. Odarlone Orente, o vereador licenciado e diretor-presidente da Autarquia dos Servi\u00e7os Funer\u00e1rios de Apucarana (Aserfa), Jos\u00e9 Airton Deco de Ara\u00fajo, l\u00edder comunit\u00e1rio na regi\u00e3o, e a superintendente de Aten\u00e7\u00e3o Prim\u00e1ria \u00e0 Sa\u00fade, Francismara Arruda.<\/p>\n","protected":false},"excerpt":{"rendered":"<p>O prefeito Rodolfo Mota autorizou nesta sexta-feira (28\/11), no Jardim Trabalhista, o in&iacute;cio do processo licitat&oacute;rio para contrata&ccedil;&atilde;o de empresa especializada para reforma e amplia&ccedil;&atilde;o da Unidade B&aacute;sica de Sa&uacute;de (UBS) Ana Maria Dominiciano Pepato. O edital prev&ecirc; moderniza&ccedil;&atilde;o estrutural completa da unidade e amplia&ccedil;&atilde;o de &aacute;reas essenciais de atendimento. Ser&atilde;o 258,33 metros quadrados de [&hellip;]<\/p>\n","protected":false},"author":7,"featured_media":120733,"comment_status":"closed","ping_status":"closed","sticky":false,"template":"","format":"standard","meta":{"footnotes":""},"categories":[24],"tags":[],"class_list":["post-120727","post","type-post","status-publish","format-standard","has-post-thumbnail","hentry","category-noticias"],"acf":[],"_links":{"self":[{"href":"http:\/\/www.apucarana.pr.gov.br\/site\/wp-json\/wp\/v2\/posts\/120727","targetHints":{"allow":["GET"]}}],"collection":[{"href":"http:\/\/www.apucarana.pr.gov.br\/site\/wp-json\/wp\/v2\/posts"}],"about":[{"href":"http:\/\/www.apucarana.pr.gov.br\/site\/wp-json\/wp\/v2\/types\/post"}],"author":[{"embeddable":true,"href":"http:\/\/www.apucarana.pr.gov.br\/site\/wp-json\/wp\/v2\/users\/7"}],"replies":[{"embeddable":true,"href":"http:\/\/www.apucarana.pr.gov.br\/site\/wp-json\/wp\/v2\/comments?post=120727"}],"version-history":[{"count":1,"href":"http:\/\/www.apucarana.pr.gov.br\/site\/wp-json\/wp\/v2\/posts\/120727\/revisions"}],"predecessor-version":[{"id":120735,"href":"http:\/\/www.apucarana.pr.gov.br\/site\/wp-json\/wp\/v2\/posts\/120727\/revisions\/120735"}],"wp:featuredmedia":[{"embeddable":true,"href":"http:\/\/www.apucarana.pr.gov.br\/site\/wp-json\/wp\/v2\/media\/120733"}],"wp:attachment":[{"href":"http:\/\/www.apucarana.pr.gov.br\/site\/wp-json\/wp\/v2\/media?parent=120727"}],"wp:term":[{"taxonomy":"category","embeddable":true,"href":"http:\/\/www.apucarana.pr.gov.br\/site\/wp-json\/wp\/v2\/categories?post=120727"},{"taxonomy":"post_tag","embeddable":true,"href":"http:\/\/www.apucarana.pr.gov.br\/site\/wp-json\/wp\/v2\/tags?post=120727"}],"curies":[{"name":"wp","href":"https:\/\/api.w.org\/{rel}","templated":true}]}}