{"id":120706,"date":"2025-11-28T13:56:11","date_gmt":"2025-11-28T16:56:11","guid":{"rendered":"https:\/\/www.apucarana.pr.gov.br\/site\/?p=120706"},"modified":"2025-11-28T13:56:11","modified_gmt":"2025-11-28T16:56:11","slug":"encontro-nacional-de-prefeitos-destaca-protagonismo-municipal-com-homenagem-ao-prefeito-rodolfo-mota","status":"publish","type":"post","link":"http:\/\/www.apucarana.pr.gov.br\/site\/encontro-nacional-de-prefeitos-destaca-protagonismo-municipal-com-homenagem-ao-prefeito-rodolfo-mota\/","title":{"rendered":"Encontro Nacional de Prefeitos destaca protagonismo municipal com homenagem ao prefeito Rodolfo Mota"},"content":{"rendered":"\n\t\t<!-- MasterSlider -->\n\t\t<div id=\"P_MS69ef9d260e019\" class=\"master-slider-parent master-slider-gallery   ms-parent-id-0\" style=\"\" >\n\n\t\t\t\n\t\t\t<!-- MasterSlider Main -->\n\t\t\t<div id=\"MS69ef9d260e019\" class=\"master-slider ms-skin-default\" >\n\t\t\t\t \t\t\t\t \n\t\t\t<div  class=\"ms-slide\" data-delay=\"3\"    >\n\t\t\t\t\t<img decoding=\"async\" src=\"http:\/\/www.apucarana.pr.gov.br\/site\/wp-content\/plugins\/masterslider\/public\/assets\/css\/blank.gif\" alt=\"WhatsApp Image 2025-11-28 at 13.34.08\" title=\"WhatsApp Image 2025-11-28 at 13.34.08\" data-src=\"http:\/\/www.apucarana.pr.gov.br\/site\/wp-content\/uploads\/2025\/11\/WhatsApp-Image-2025-11-28-at-13.34.08-1024x576.jpeg\" \/>\n\t<a href=\"http:\/\/www.apucarana.pr.gov.br\/site\/wp-content\/uploads\/2025\/11\/WhatsApp-Image-2025-11-28-at-13.34.08-1024x576.jpeg\" target=\"_self\"    >WhatsApp Image 2025-11-28 at 13.34.08<\/a>\n\n\n\t<img decoding=\"async\" class=\"ms-thumb\" src=\"http:\/\/www.apucarana.pr.gov.br\/site\/wp-content\/uploads\/2025\/11\/WhatsApp-Image-2025-11-28-at-13.34.08-1024x576-140x80.jpeg\" alt=\"WhatsApp Image 2025-11-28 at 13.34.08\" \/>\n\t\t\t\t<\/div>\n\t\t\t<div  class=\"ms-slide\" data-delay=\"3\"    >\n\t\t\t\t\t<img decoding=\"async\" src=\"http:\/\/www.apucarana.pr.gov.br\/site\/wp-content\/plugins\/masterslider\/public\/assets\/css\/blank.gif\" alt=\"WhatsApp Image 2025-11-28 at 13.34.06\" title=\"WhatsApp Image 2025-11-28 at 13.34.06\" data-src=\"http:\/\/www.apucarana.pr.gov.br\/site\/wp-content\/uploads\/2025\/11\/WhatsApp-Image-2025-11-28-at-13.34.06.jpeg\" \/>\n\t<a href=\"http:\/\/www.apucarana.pr.gov.br\/site\/wp-content\/uploads\/2025\/11\/WhatsApp-Image-2025-11-28-at-13.34.06.jpeg\" target=\"_self\"    >WhatsApp Image 2025-11-28 at 13.34.06<\/a>\n\n\n\t<img decoding=\"async\" class=\"ms-thumb\" src=\"http:\/\/www.apucarana.pr.gov.br\/site\/wp-content\/uploads\/2025\/11\/WhatsApp-Image-2025-11-28-at-13.34.06-140x80.jpeg\" alt=\"WhatsApp Image 2025-11-28 at 13.34.06\" \/>\n\t\t\t\t<\/div>\n\t\t\t<div  class=\"ms-slide\" data-delay=\"3\"    >\n\t\t\t\t\t<img decoding=\"async\" src=\"http:\/\/www.apucarana.pr.gov.br\/site\/wp-content\/plugins\/masterslider\/public\/assets\/css\/blank.gif\" alt=\"WhatsApp Image 2025-11-28 at 13.34.07\" title=\"WhatsApp Image 2025-11-28 at 13.34.07\" data-src=\"http:\/\/www.apucarana.pr.gov.br\/site\/wp-content\/uploads\/2025\/11\/WhatsApp-Image-2025-11-28-at-13.34.07-1024x576.jpeg\" \/>\n\t<a href=\"http:\/\/www.apucarana.pr.gov.br\/site\/wp-content\/uploads\/2025\/11\/WhatsApp-Image-2025-11-28-at-13.34.07-1024x576.jpeg\" target=\"_self\"    >WhatsApp Image 2025-11-28 at 13.34.07<\/a>\n\n\n\t<img decoding=\"async\" class=\"ms-thumb\" src=\"http:\/\/www.apucarana.pr.gov.br\/site\/wp-content\/uploads\/2025\/11\/WhatsApp-Image-2025-11-28-at-13.34.07-1024x576-140x80.jpeg\" alt=\"WhatsApp Image 2025-11-28 at 13.34.07\" \/>\n\t\t\t\t<\/div>\n\n\t\t\t<\/div>\n\t\t\t<!-- END MasterSlider Main -->\n\n\t\t\t \n\t\t<\/div>\n\t\t<!-- END MasterSlider -->\n\n\t\t<script>\n\t\t( window.MSReady = window.MSReady || [] ).push( function( $ ) {\n\n\t\t\t\"use strict\";\n\t\t\tvar masterslider_e019 = new MasterSlider();\n\n\t\t\t\/\/ slider controls\n\t\t\tmasterslider_e019.control('arrows'     ,{ autohide:true, overVideo:true  });\n\t\t\tmasterslider_e019.control('thumblist'  ,{ autohide:false, overVideo:true, dir:'h', speed:17, inset:false, arrows:false, hover:false, customClass:'', align:'bottom',type:'thumbs', margin:2, width:140, height:80, space:2, fillMode:'fill'  });\n\t\t\t\/\/ slider setup\n\t\t\tmasterslider_e019.setup(\"MS69ef9d260e019\", {\n\t\t\t\twidth           : 960,\n\t\t\t\theight          : 540,\n\t\t\t\tminHeight       : 0,\n\t\t\t\tspace           : 0,\n\t\t\t\tstart           : 1,\n\t\t\t\tgrabCursor      : true,\n\t\t\t\tswipe           : true,\n\t\t\t\tmouse           : true,\n\t\t\t\tkeyboard        : false,\n\t\t\t\tlayout          : \"fillwidth\",\n\t\t\t\twheel           : false,\n\t\t\t\tautoplay        : true,\n                instantStartLayers:false,\n\t\t\t\tmobileBGVideo:false,\n\t\t\t\tloop            : true,\n\t\t\t\tshuffle         : false,\n\t\t\t\tpreload         : 3,\n\t\t\t\theightLimit     : false,\n\t\t\t\tautoHeight      : false,\n\t\t\t\tsmoothHeight    : true,\n\t\t\t\tendPause        : false,\n\t\t\t\toverPause       : false,\n\t\t\t\tfillMode        : \"fill\",\n\t\t\t\tcenterControls  : true,\n\t\t\t\tstartOnAppear   : false,\n\t\t\t\tlayersMode      : \"center\",\n\t\t\t\tautofillTarget  : \"\",\n\t\t\t\thideLayers      : false,\n\t\t\t\tfullscreenMargin: 0,\n\t\t\t\tspeed           : 17,\n\t\t\t\tdir             : \"h\",\n\t\t\t\tresponsive      : true,\n\t\t\t\ttabletWidth     : 768,\n\t\t\t\ttabletHeight    : null,\n\t\t\t\tphoneWidth      : 480,\n\t\t\t\tphoneHeight    : null,\n\t\t\t\tsizingReference : window,\n\t\t\t\tparallaxMode    : 'swipe',\n\t\t\t\tview            : \"basic\"\n\t\t\t});\n\n\t\t\t\n\t\t\twindow.masterslider_instances = window.masterslider_instances || [];\n\t\t\twindow.masterslider_instances.push( masterslider_e019 );\n\t\t});\n\t\t<\/script>\n\n\n<p>O vice-prefeito de Apucarana, Marcos da Vila Reis, acompanhado do secret\u00e1rio Especial de Assuntos Estrat\u00e9gicos, e de Ind\u00fastria, Com\u00e9rcio e Servi\u00e7os, Emerson Toledo, esteve nesta quinta-feira (27\/11), no Rio de Janeiro, onde representou o prefeito Rodolfo Mota durante o Encontro Nacional de Prefeitos.<\/p>\n<p>Uma realiza\u00e7\u00e3o da Uni\u00e3o Brasileira de Apoio aos Munic\u00edpios (UBAM), o evento reuniu centenas de gestores p\u00fablicos de todos os estados brasileiros para debater pautas municipalistas, fortalecer a gest\u00e3o p\u00fablica e ampliar a articula\u00e7\u00e3o nacional em defesa dos munic\u00edpios. Durante a solenidade, 20 prefeitos foram reconhecidos como Destaque Nacional no Protagonismo da Gest\u00e3o P\u00fablica \u2014 entre eles, o prefeito de Apucarana, Rodolfo Mota, cuja homenagem foi recebida pelo vice-prefeito Marcos da Vila Reis.<\/p>\n<p>\u201cUm orgulho poder estar neste encontro e representar, em nome do prefeito Rodolfo, Apucarana e toda a regi\u00e3o. A premia\u00e7\u00e3o \u00e9 um reconhecendo aos gestores que t\u00eam contribu\u00eddo para modernizar e fortalecer a gest\u00e3o municipal. Na ocasi\u00e3o tamb\u00e9m refor\u00e7ei o compromisso de Apucarana em buscar inova\u00e7\u00e3o, integra\u00e7\u00e3o e mais representatividade nas discuss\u00f5es que impactam diretamente o desenvolvimento dos munic\u00edpios brasileiros\u201d, disse o vice-prefeito, que durante o evento manteve di\u00e1logo com o prefeito do Rio de Janeiro, Eduardo Paes.<\/p>\n<p>Segundo Marcos da Vila Reis, entre os assuntos tratados no encontro estiveram a situa\u00e7\u00e3o financeira dos Munic\u00edpios, os desafios sociais e econ\u00f4micos enfrentados pelos pequenos entes federativos, as propostas do Movimento Municipalista e o projeto de internacionaliza\u00e7\u00e3o dos Munic\u00edpios no Panam\u00e1, um dos maiores hubs log\u00edsticos e comerciais das Am\u00e9ricas.<\/p>\n","protected":false},"excerpt":{"rendered":"<p>O vice-prefeito de Apucarana, Marcos da Vila Reis, acompanhado do secret&aacute;rio Especial de Assuntos Estrat&eacute;gicos, e de Ind&uacute;stria, Com&eacute;rcio e Servi&ccedil;os, Emerson Toledo, esteve nesta quinta-feira (27\/11), no Rio de Janeiro, onde representou o prefeito Rodolfo Mota durante o Encontro Nacional de Prefeitos. Uma realiza&ccedil;&atilde;o da Uni&atilde;o Brasileira de Apoio aos Munic&iacute;pios (UBAM), o evento [&hellip;]<\/p>\n","protected":false},"author":7,"featured_media":120709,"comment_status":"closed","ping_status":"closed","sticky":false,"template":"","format":"standard","meta":{"footnotes":""},"categories":[24],"tags":[],"class_list":["post-120706","post","type-post","status-publish","format-standard","has-post-thumbnail","hentry","category-noticias"],"acf":[],"_links":{"self":[{"href":"http:\/\/www.apucarana.pr.gov.br\/site\/wp-json\/wp\/v2\/posts\/120706","targetHints":{"allow":["GET"]}}],"collection":[{"href":"http:\/\/www.apucarana.pr.gov.br\/site\/wp-json\/wp\/v2\/posts"}],"about":[{"href":"http:\/\/www.apucarana.pr.gov.br\/site\/wp-json\/wp\/v2\/types\/post"}],"author":[{"embeddable":true,"href":"http:\/\/www.apucarana.pr.gov.br\/site\/wp-json\/wp\/v2\/users\/7"}],"replies":[{"embeddable":true,"href":"http:\/\/www.apucarana.pr.gov.br\/site\/wp-json\/wp\/v2\/comments?post=120706"}],"version-history":[{"count":2,"href":"http:\/\/www.apucarana.pr.gov.br\/site\/wp-json\/wp\/v2\/posts\/120706\/revisions"}],"predecessor-version":[{"id":120811,"href":"http:\/\/www.apucarana.pr.gov.br\/site\/wp-json\/wp\/v2\/posts\/120706\/revisions\/120811"}],"wp:featuredmedia":[{"embeddable":true,"href":"http:\/\/www.apucarana.pr.gov.br\/site\/wp-json\/wp\/v2\/media\/120709"}],"wp:attachment":[{"href":"http:\/\/www.apucarana.pr.gov.br\/site\/wp-json\/wp\/v2\/media?parent=120706"}],"wp:term":[{"taxonomy":"category","embeddable":true,"href":"http:\/\/www.apucarana.pr.gov.br\/site\/wp-json\/wp\/v2\/categories?post=120706"},{"taxonomy":"post_tag","embeddable":true,"href":"http:\/\/www.apucarana.pr.gov.br\/site\/wp-json\/wp\/v2\/tags?post=120706"}],"curies":[{"name":"wp","href":"https:\/\/api.w.org\/{rel}","templated":true}]}}