{"id":120698,"date":"2025-11-28T11:48:58","date_gmt":"2025-11-28T14:48:58","guid":{"rendered":"https:\/\/www.apucarana.pr.gov.br\/site\/?p=120698"},"modified":"2025-11-29T13:54:46","modified_gmt":"2025-11-29T16:54:46","slug":"capacitacao-fortalece-rede-especializada-que-atende-a-cada-mes-250-situacoes-de-violencia-contra-a-mulher","status":"publish","type":"post","link":"http:\/\/www.apucarana.pr.gov.br\/site\/capacitacao-fortalece-rede-especializada-que-atende-a-cada-mes-250-situacoes-de-violencia-contra-a-mulher\/","title":{"rendered":"Capacita\u00e7\u00e3o fortalece rede especializada que atende a cada m\u00eas 250 situa\u00e7\u00f5es de viol\u00eancia contra a mulher"},"content":{"rendered":"\n\t\t<!-- MasterSlider -->\n\t\t<div id=\"P_MS69ef89faa0895\" class=\"master-slider-parent master-slider-gallery   ms-parent-id-0\" style=\"\" >\n\n\t\t\t\n\t\t\t<!-- MasterSlider Main -->\n\t\t\t<div id=\"MS69ef89faa0895\" class=\"master-slider ms-skin-default\" >\n\t\t\t\t \t\t\t\t \n\t\t\t<div  class=\"ms-slide\" data-delay=\"3\"    >\n\t\t\t\t\t<img decoding=\"async\" src=\"http:\/\/www.apucarana.pr.gov.br\/site\/wp-content\/plugins\/masterslider\/public\/assets\/css\/blank.gif\" alt=\"Capacita\u00e7\u00e3o Viol\u00eancia contra Mulher\" title=\"Capacita\u00e7\u00e3o Viol\u00eancia contra Mulher\" data-src=\"http:\/\/www.apucarana.pr.gov.br\/site\/wp-content\/uploads\/2025\/11\/Capacitacao-Violencia-contra-Mulher-1024x683.jpg\" \/>\n\t<a href=\"http:\/\/www.apucarana.pr.gov.br\/site\/wp-content\/uploads\/2025\/11\/Capacitacao-Violencia-contra-Mulher-1024x683.jpg\" target=\"_self\"    >Capacita\u00e7\u00e3o Viol\u00eancia contra Mulher<\/a>\n\n\n\t<img decoding=\"async\" class=\"ms-thumb\" src=\"http:\/\/www.apucarana.pr.gov.br\/site\/wp-content\/uploads\/2025\/11\/Capacitacao-Violencia-contra-Mulher-1024x683-140x80.jpg\" alt=\"Capacita\u00e7\u00e3o Viol\u00eancia contra Mulher\" \/>\n\t\t\t\t<\/div>\n\t\t\t<div  class=\"ms-slide\" data-delay=\"3\"    >\n\t\t\t\t\t<img decoding=\"async\" src=\"http:\/\/www.apucarana.pr.gov.br\/site\/wp-content\/plugins\/masterslider\/public\/assets\/css\/blank.gif\" alt=\"Capacita\u00e7\u00e3o Viol\u00eancia contra Mulher-2\" title=\"Capacita\u00e7\u00e3o Viol\u00eancia contra Mulher-2\" data-src=\"http:\/\/www.apucarana.pr.gov.br\/site\/wp-content\/uploads\/2025\/11\/Capacitacao-Violencia-contra-Mulher-2-1024x651.jpg\" \/>\n\t<a href=\"http:\/\/www.apucarana.pr.gov.br\/site\/wp-content\/uploads\/2025\/11\/Capacitacao-Violencia-contra-Mulher-2-1024x651.jpg\" target=\"_self\"    >Capacita\u00e7\u00e3o Viol\u00eancia contra Mulher-2<\/a>\n\n\n\t<img decoding=\"async\" class=\"ms-thumb\" src=\"http:\/\/www.apucarana.pr.gov.br\/site\/wp-content\/uploads\/2025\/11\/Capacitacao-Violencia-contra-Mulher-2-1024x651-140x80.jpg\" alt=\"Capacita\u00e7\u00e3o Viol\u00eancia contra Mulher-2\" \/>\n\t\t\t\t<\/div>\n\t\t\t<div  class=\"ms-slide\" data-delay=\"3\"    >\n\t\t\t\t\t<img decoding=\"async\" src=\"http:\/\/www.apucarana.pr.gov.br\/site\/wp-content\/plugins\/masterslider\/public\/assets\/css\/blank.gif\" alt=\"Capacita\u00e7\u00e3o Viol\u00eancia contra Mulher-3\" title=\"Capacita\u00e7\u00e3o Viol\u00eancia contra Mulher-3\" data-src=\"http:\/\/www.apucarana.pr.gov.br\/site\/wp-content\/uploads\/2025\/11\/Capacitacao-Violencia-contra-Mulher-3-1024x683.jpg\" \/>\n\t<a href=\"http:\/\/www.apucarana.pr.gov.br\/site\/wp-content\/uploads\/2025\/11\/Capacitacao-Violencia-contra-Mulher-3-1024x683.jpg\" target=\"_self\"    >Capacita\u00e7\u00e3o Viol\u00eancia contra Mulher-3<\/a>\n\n\n\t<img decoding=\"async\" class=\"ms-thumb\" src=\"http:\/\/www.apucarana.pr.gov.br\/site\/wp-content\/uploads\/2025\/11\/Capacitacao-Violencia-contra-Mulher-3-1024x683-140x80.jpg\" alt=\"Capacita\u00e7\u00e3o Viol\u00eancia contra Mulher-3\" \/>\n\t\t\t\t<\/div>\n\t\t\t<div  class=\"ms-slide\" data-delay=\"3\"    >\n\t\t\t\t\t<img decoding=\"async\" src=\"http:\/\/www.apucarana.pr.gov.br\/site\/wp-content\/plugins\/masterslider\/public\/assets\/css\/blank.gif\" alt=\"Capacita\u00e7\u00e3o Viol\u00eancia contra Mulher-5\" title=\"Capacita\u00e7\u00e3o Viol\u00eancia contra Mulher-5\" data-src=\"http:\/\/www.apucarana.pr.gov.br\/site\/wp-content\/uploads\/2025\/11\/Capacitacao-Violencia-contra-Mulher-5-1024x683.jpg\" \/>\n\t<a href=\"http:\/\/www.apucarana.pr.gov.br\/site\/wp-content\/uploads\/2025\/11\/Capacitacao-Violencia-contra-Mulher-5-1024x683.jpg\" target=\"_self\"    >Capacita\u00e7\u00e3o Viol\u00eancia contra Mulher-5<\/a>\n\n\n\t<img decoding=\"async\" class=\"ms-thumb\" src=\"http:\/\/www.apucarana.pr.gov.br\/site\/wp-content\/uploads\/2025\/11\/Capacitacao-Violencia-contra-Mulher-5-1024x683-140x80.jpg\" alt=\"Capacita\u00e7\u00e3o Viol\u00eancia contra Mulher-5\" \/>\n\t\t\t\t<\/div>\n\t\t\t<div  class=\"ms-slide\" data-delay=\"3\"    >\n\t\t\t\t\t<img decoding=\"async\" src=\"http:\/\/www.apucarana.pr.gov.br\/site\/wp-content\/plugins\/masterslider\/public\/assets\/css\/blank.gif\" alt=\"Capacita\u00e7\u00e3o Viol\u00eancia contra Mulher-7\" title=\"Capacita\u00e7\u00e3o Viol\u00eancia contra Mulher-7\" data-src=\"http:\/\/www.apucarana.pr.gov.br\/site\/wp-content\/uploads\/2025\/11\/Capacitacao-Violencia-contra-Mulher-7-1024x683.jpg\" \/>\n\t<a href=\"http:\/\/www.apucarana.pr.gov.br\/site\/wp-content\/uploads\/2025\/11\/Capacitacao-Violencia-contra-Mulher-7-1024x683.jpg\" target=\"_self\"    >Capacita\u00e7\u00e3o Viol\u00eancia contra Mulher-7<\/a>\n\n\n\t<img decoding=\"async\" class=\"ms-thumb\" src=\"http:\/\/www.apucarana.pr.gov.br\/site\/wp-content\/uploads\/2025\/11\/Capacitacao-Violencia-contra-Mulher-7-1024x683-140x80.jpg\" alt=\"Capacita\u00e7\u00e3o Viol\u00eancia contra Mulher-7\" \/>\n\t\t\t\t<\/div>\n\t\t\t<div  class=\"ms-slide\" data-delay=\"3\"    >\n\t\t\t\t\t<img decoding=\"async\" src=\"http:\/\/www.apucarana.pr.gov.br\/site\/wp-content\/plugins\/masterslider\/public\/assets\/css\/blank.gif\" alt=\"Capacita\u00e7\u00e3o Viol\u00eancia contra Mulher-8\" title=\"Capacita\u00e7\u00e3o Viol\u00eancia contra Mulher-8\" data-src=\"http:\/\/www.apucarana.pr.gov.br\/site\/wp-content\/uploads\/2025\/11\/Capacitacao-Violencia-contra-Mulher-8-1024x683.jpg\" \/>\n\t<a href=\"http:\/\/www.apucarana.pr.gov.br\/site\/wp-content\/uploads\/2025\/11\/Capacitacao-Violencia-contra-Mulher-8-1024x683.jpg\" target=\"_self\"    >Capacita\u00e7\u00e3o Viol\u00eancia contra Mulher-8<\/a>\n\n\n\t<img decoding=\"async\" class=\"ms-thumb\" src=\"http:\/\/www.apucarana.pr.gov.br\/site\/wp-content\/uploads\/2025\/11\/Capacitacao-Violencia-contra-Mulher-8-1024x683-140x80.jpg\" alt=\"Capacita\u00e7\u00e3o Viol\u00eancia contra Mulher-8\" \/>\n\t\t\t\t<\/div>\n\n\t\t\t<\/div>\n\t\t\t<!-- END MasterSlider Main -->\n\n\t\t\t \n\t\t<\/div>\n\t\t<!-- END MasterSlider -->\n\n\t\t<script>\n\t\t( window.MSReady = window.MSReady || [] ).push( function( $ ) {\n\n\t\t\t\"use strict\";\n\t\t\tvar masterslider_0895 = new MasterSlider();\n\n\t\t\t\/\/ slider controls\n\t\t\tmasterslider_0895.control('arrows'     ,{ autohide:true, overVideo:true  });\n\t\t\tmasterslider_0895.control('thumblist'  ,{ autohide:false, overVideo:true, dir:'h', speed:17, inset:false, arrows:false, hover:false, customClass:'', align:'bottom',type:'thumbs', margin:2, width:140, height:80, space:2, fillMode:'fill'  });\n\t\t\t\/\/ slider setup\n\t\t\tmasterslider_0895.setup(\"MS69ef89faa0895\", {\n\t\t\t\twidth           : 960,\n\t\t\t\theight          : 540,\n\t\t\t\tminHeight       : 0,\n\t\t\t\tspace           : 0,\n\t\t\t\tstart           : 1,\n\t\t\t\tgrabCursor      : true,\n\t\t\t\tswipe           : true,\n\t\t\t\tmouse           : true,\n\t\t\t\tkeyboard        : false,\n\t\t\t\tlayout          : \"fillwidth\",\n\t\t\t\twheel           : false,\n\t\t\t\tautoplay        : true,\n                instantStartLayers:false,\n\t\t\t\tmobileBGVideo:false,\n\t\t\t\tloop            : true,\n\t\t\t\tshuffle         : false,\n\t\t\t\tpreload         : 3,\n\t\t\t\theightLimit     : false,\n\t\t\t\tautoHeight      : false,\n\t\t\t\tsmoothHeight    : true,\n\t\t\t\tendPause        : false,\n\t\t\t\toverPause       : false,\n\t\t\t\tfillMode        : \"fill\",\n\t\t\t\tcenterControls  : true,\n\t\t\t\tstartOnAppear   : false,\n\t\t\t\tlayersMode      : \"center\",\n\t\t\t\tautofillTarget  : \"\",\n\t\t\t\thideLayers      : false,\n\t\t\t\tfullscreenMargin: 0,\n\t\t\t\tspeed           : 17,\n\t\t\t\tdir             : \"h\",\n\t\t\t\tresponsive      : true,\n\t\t\t\ttabletWidth     : 768,\n\t\t\t\ttabletHeight    : null,\n\t\t\t\tphoneWidth      : 480,\n\t\t\t\tphoneHeight    : null,\n\t\t\t\tsizingReference : window,\n\t\t\t\tparallaxMode    : 'swipe',\n\t\t\t\tview            : \"basic\"\n\t\t\t});\n\n\t\t\t\n\t\t\twindow.masterslider_instances = window.masterslider_instances || [];\n\t\t\twindow.masterslider_instances.push( masterslider_0895 );\n\t\t});\n\t\t<\/script>\n\n\n<p>Apucarana promoveu nesta sexta-feira (28\/11) uma capacita\u00e7\u00e3o para a rede especializada de atendimento e enfrentamento \u00e0 viol\u00eancia contra a mulher, que atende mensalmente cerca de 250 situa\u00e7\u00f5es de viol\u00eancia. O encontro reuniu \u00f3rg\u00e3os que recebem den\u00fancias e acolhem v\u00edtimas, como Pol\u00edcia Militar, Pol\u00edcia Civil, Delegacia da Mulher, Guarda Civil Municipal (GCM), Patrulha Maria da Penha, Defensoria P\u00fablica e equipe do Centro de Atendimento \u00e0 Mulher (CAM). O objetivo \u00e9 alinhar procedimentos, apresentar detalhes dos servi\u00e7os e fortalecer a articula\u00e7\u00e3o entre os setores.<\/p>\n<p>O prefeito Rodolfo Mota salientou o compromisso da gest\u00e3o com a prote\u00e7\u00e3o e o cuidado das mulheres, destacando a import\u00e2ncia de pol\u00edticas p\u00fablicas integradas. \u201c\u00c9 preciso prevenir, acolher e ajudar as mulheres a reconstruir suas vidas. A viol\u00eancia dom\u00e9stica \u00e9 um problema que exige coordena\u00e7\u00e3o entre todos os setores, com um fluxo de atendimento \u00e1gil, humanizado e eficiente, para que nenhuma mulher que sofre qualquer tipo de viol\u00eancia fique desamparada\u201d, afirmou.<\/p>\n<p>A secret\u00e1ria da Mulher e Assuntos da Fam\u00edlia, Karine Mota, afirma que o objetivo do treinamento \u00e9 fazer cada \u00f3rg\u00e3o compreender o papel do outro e saber exatamente como encaminhar a mulher em situa\u00e7\u00e3o de viol\u00eancia. \u201cA rede atende, em m\u00e9dia, cerca de 250 situa\u00e7\u00f5es de viol\u00eancia contra a mulher mensalmente, casos que chegam por meio de den\u00fancias em canais como o 153, 180, 100 e 190, Delegacia da Mulher ou diretamente no CAM. Somente ontem foram registrados seis novos casos\u201d, revelou Karine Mota.<\/p>\n<p>A diretora do Centro de Atendimento \u00e0 Mulher (CAM), advogada Fernanda de Freitas Ara\u00fajo, explicou como funciona o atendimento psicossocial e jur\u00eddico no CAM, refor\u00e7ando a import\u00e2ncia do trabalho integrado da rede. \u201cO CAM, por exemplo, recebe boletins de ocorr\u00eancia e as medidas protetivas decretadas pelo Judici\u00e1rio, iniciando imediatamente a busca ativa para ofertar apoio\u201d, explicou.<\/p>\n<p>Segundo Fernanda, a articula\u00e7\u00e3o imediata entre os \u00f3rg\u00e3os garante agilidade e prote\u00e7\u00e3o cont\u00ednua. Ao registrar o boletim de ocorr\u00eancia, a mulher solicita a medida protetiva, que segue para an\u00e1lise do Judici\u00e1rio. Quando deferida, a medida \u00e9 integrada automaticamente ao sistema da rede especializada, permitindo o acompanhamento sigiloso de toda a situa\u00e7\u00e3o. Em caso de descumprimento da medida, o Judici\u00e1rio pode &#8211; conforme a gravidade do caso &#8211; determinar a pris\u00e3o preventiva do agressor.<\/p>\n<p>&nbsp;<\/p>\n<p><strong>FLUXO DE ATENDIMENTO \u2013 como a rede funciona na pr\u00e1tica<\/strong><br \/>\n<strong>1 \u2013 Acolhimento inicial<\/strong>: a mulher chega a qualquer ponto da rede.<br \/>\n<strong>2 \u2013 Notifica\u00e7\u00e3o e avalia\u00e7\u00e3o de risco<\/strong>: registro no sistema e identifica\u00e7\u00e3o do grau de perigo.<br \/>\n<strong>3 \u2013 Den\u00fancia e prote\u00e7\u00e3o legal<\/strong>: encaminhamento para a Delegacia da Mulher, boletim de ocorr\u00eancia e pedido de medida protetiva.<br \/>\n<strong>4 \u2013 Acompanhamento integrado<\/strong>: inclus\u00e3o no CAM, com apoio social, psicol\u00f3gico e jur\u00eddico.<br \/>\n<strong>5 \u2013 Monitoramento<\/strong>: Patrulha Maria da Penha verifica o cumprimento das medidas.<br \/>\n<strong>6 \u2013 Autonomia<\/strong>: suporte cont\u00ednuo para reconstru\u00e7\u00e3o da vida com seguran\u00e7a e independ\u00eancia.<\/p>\n","protected":false},"excerpt":{"rendered":"<p>Apucarana promoveu nesta sexta-feira (28\/11) uma capacita&ccedil;&atilde;o para a rede especializada de atendimento e enfrentamento &agrave; viol&ecirc;ncia contra a mulher, que atende mensalmente cerca de 250 situa&ccedil;&otilde;es de viol&ecirc;ncia. O encontro reuniu &oacute;rg&atilde;os que recebem den&uacute;ncias e acolhem v&iacute;timas, como Pol&iacute;cia Militar, Pol&iacute;cia Civil, Delegacia da Mulher, Guarda Civil Municipal (GCM), Patrulha Maria da Penha, [&hellip;]<\/p>\n","protected":false},"author":6,"featured_media":120699,"comment_status":"closed","ping_status":"closed","sticky":false,"template":"","format":"standard","meta":{"footnotes":""},"categories":[24],"tags":[],"class_list":["post-120698","post","type-post","status-publish","format-standard","has-post-thumbnail","hentry","category-noticias"],"acf":[],"_links":{"self":[{"href":"http:\/\/www.apucarana.pr.gov.br\/site\/wp-json\/wp\/v2\/posts\/120698","targetHints":{"allow":["GET"]}}],"collection":[{"href":"http:\/\/www.apucarana.pr.gov.br\/site\/wp-json\/wp\/v2\/posts"}],"about":[{"href":"http:\/\/www.apucarana.pr.gov.br\/site\/wp-json\/wp\/v2\/types\/post"}],"author":[{"embeddable":true,"href":"http:\/\/www.apucarana.pr.gov.br\/site\/wp-json\/wp\/v2\/users\/6"}],"replies":[{"embeddable":true,"href":"http:\/\/www.apucarana.pr.gov.br\/site\/wp-json\/wp\/v2\/comments?post=120698"}],"version-history":[{"count":3,"href":"http:\/\/www.apucarana.pr.gov.br\/site\/wp-json\/wp\/v2\/posts\/120698\/revisions"}],"predecessor-version":[{"id":120737,"href":"http:\/\/www.apucarana.pr.gov.br\/site\/wp-json\/wp\/v2\/posts\/120698\/revisions\/120737"}],"wp:featuredmedia":[{"embeddable":true,"href":"http:\/\/www.apucarana.pr.gov.br\/site\/wp-json\/wp\/v2\/media\/120699"}],"wp:attachment":[{"href":"http:\/\/www.apucarana.pr.gov.br\/site\/wp-json\/wp\/v2\/media?parent=120698"}],"wp:term":[{"taxonomy":"category","embeddable":true,"href":"http:\/\/www.apucarana.pr.gov.br\/site\/wp-json\/wp\/v2\/categories?post=120698"},{"taxonomy":"post_tag","embeddable":true,"href":"http:\/\/www.apucarana.pr.gov.br\/site\/wp-json\/wp\/v2\/tags?post=120698"}],"curies":[{"name":"wp","href":"https:\/\/api.w.org\/{rel}","templated":true}]}}