{"id":11680,"date":"2017-12-08T13:50:13","date_gmt":"2017-12-08T15:50:13","guid":{"rendered":"http:\/\/172.16.0.7\/site-antigo\/?p=11680"},"modified":"2024-10-08T09:15:25","modified_gmt":"2024-10-08T12:15:25","slug":"formatura-do-proerd-envolve-13-mil-alunos-da-rede-municipal","status":"publish","type":"post","link":"http:\/\/www.apucarana.pr.gov.br\/site\/formatura-do-proerd-envolve-13-mil-alunos-da-rede-municipal\/","title":{"rendered":"Formatura do Proerd envolve 1,3 mil alunos da rede municipal"},"content":{"rendered":"<p>A Autarquia Municipal de Educa\u00e7\u00e3o e a Pol\u00edcia Militar realizaram, na noite de ontem (7), no gin\u00e1sio de esportes Lago\u00e3o, a formatura do Programa Educacional de Resist\u00eancia \u00e0s Drogas e \u00e0 Viol\u00eancia (Proerd). Esse ano, 1.330 alunos de 35 escolas municipais apucaranenses conclu\u00edram o curso e juraram, perante os pais, os professores e os amigos a permanecerem longe da criminalidade.<br \/>\nA formatura contou com a presen\u00e7a do vice-prefeito J\u00fanior da Femac, que representou o prefeito Beto Preto; da secret\u00e1ria municipal de Educa\u00e7\u00e3o, Marli Fernandes; do comandante geral da Pol\u00edcia Militar do Paran\u00e1, Coronel Maur\u00edcio Tortato; do comandante do Batalh\u00e3o de Pol\u00edcia Escolar Comunit\u00e1ria, Tenente-Coronel Ronaldo de Abreu; do comandante da 4\u00aa Companhia do Batalh\u00e3o de Pol\u00edcia Escolar Comunit\u00e1ria, Capit\u00e3o Josmar Francisco Moreira; do comandante do 4\u00ba Subgrupamento de Bombeiros Independente, Major Roberto Geraldo Coelho; entre outras autoridades civis e militares.<br \/>\nO Proerd \u00e9 composto de 12 li\u00e7\u00f5es, que s\u00e3o ministradas semanalmente, por policiais militares, aos alunos do 5\u00ba ano do ensino fundamental. Os instrutores do curso, nessa edi\u00e7\u00e3o, foram o Cabo Valdemir Firmino Rafael e o Cabo Elias do Nascimento. Os principais assuntos abordados nas aulas s\u00e3o os malef\u00edcios das drogas l\u00edcitas e il\u00edcitas, as press\u00f5es que as crian\u00e7as v\u00e3o encontrar ao longo da vida para ingressarem no mundo da criminalidade e as formas de resisti-las.<br \/>\n\u201cEssa \u00e9 uma das maiores formaturas do Proerd em todo o Paran\u00e1. O prefeito Beto Preto incentiva a parceria entre a Pol\u00edcia Militar e a Autarquia de Educa\u00e7\u00e3o por entender que o programa traz valores importantes para dentro das escolas. A presen\u00e7a massiva dos pais, m\u00e3es e av\u00f3s das crian\u00e7as na cerim\u00f4nia de hoje mostra que as fam\u00edlias tamb\u00e9m acreditam no curso,\u201d afirmou o vice-prefeito.<br \/>\nA secret\u00e1ria municipal de Educa\u00e7\u00e3o, Marli Fernandes, acrescentou que o curr\u00edculo escolar prev\u00ea que os alunos aprendam no\u00e7\u00f5es de seguran\u00e7a, justi\u00e7a e cidadania. \u201cQuando institui\u00e7\u00f5es parceiras, como a Pol\u00edcia Militar, nos oferecem projetos e programas que v\u00e3o ao encontro desses temas transversais, n\u00f3s fazemos quest\u00e3o de aproveit\u00e1-los,\u201d disse.<br \/>\nCada formando comp\u00f4s uma reda\u00e7\u00e3o com o tema Caindo na Real, para demonstrar um pouco daquilo que aprendeu. Algumas foram lidas durante a cerim\u00f4nia. \u201cEu aprendi que a nossa vida \u00e9 feita de escolhas. Por\u00e9m, para escolher bem, eu preciso saber o que \u00e9 certo e o que \u00e9 errado, o que \u00e9 bom e o que \u00e9 ruim. No Proerd, eu aprendi muitas coisas, como os males causados pelo cigarro, a bebida alco\u00f3lica e a droga. Com o modelo de tomada de decis\u00e3o do Proerd, eu poderei fazer escolhas s\u00e1bias,\u201d escreveu Milena Rafaela Rodrigues Ferreira, da Escola Municipal Dr. Joaquim Vicente de Castro.<br \/>\nPara o comandante geral da Pol\u00edcia Militar do Paran\u00e1, Coronel Maur\u00edcio Tortato, quando o assunto \u00e9 seguran\u00e7a, a preven\u00e7\u00e3o \u00e9 o \u00fanico caminho para o futuro. \u201cDesde que foi adotado no ano 2000, o Proerd j\u00e1 formou quase um milh\u00e3o e seiscentas mil crian\u00e7as no nosso estado, vinte mil s\u00f3 em Apucarana. N\u00f3s estamos fazendo seguran\u00e7a p\u00fablica com educa\u00e7\u00e3o e valores familiares. Eu agrade\u00e7o o apoio do executivo municipal, da c\u00e2mara de vereadores e, principalmente, dessa rede educacional que se destaca no Paran\u00e1 e no Brasil,\u201d congratulou.<\/p>\n","protected":false},"excerpt":{"rendered":"<p>Programa desenvolvido em parceria pela Pol\u00edcia Militar e a Prefeitura de Apucarana leva preven\u00e7\u00e3o ao uso de drogas e \u00e0 viol\u00eancia para dentro das escolas municipais (Fotos: Profeta)<\/p>\n","protected":false},"author":4,"featured_media":11685,"comment_status":"closed","ping_status":"open","sticky":false,"template":"","format":"standard","meta":{"footnotes":""},"categories":[24],"tags":[53,120,122,123],"class_list":["post-11680","post","type-post","status-publish","format-standard","has-post-thumbnail","hentry","category-noticias","tag-educacao","tag-formatura","tag-proerd","tag-programa-educacional-de-resistencia-as-drogas-e-a-violencia"],"acf":[],"_links":{"self":[{"href":"http:\/\/www.apucarana.pr.gov.br\/site\/wp-json\/wp\/v2\/posts\/11680","targetHints":{"allow":["GET"]}}],"collection":[{"href":"http:\/\/www.apucarana.pr.gov.br\/site\/wp-json\/wp\/v2\/posts"}],"about":[{"href":"http:\/\/www.apucarana.pr.gov.br\/site\/wp-json\/wp\/v2\/types\/post"}],"author":[{"embeddable":true,"href":"http:\/\/www.apucarana.pr.gov.br\/site\/wp-json\/wp\/v2\/users\/4"}],"replies":[{"embeddable":true,"href":"http:\/\/www.apucarana.pr.gov.br\/site\/wp-json\/wp\/v2\/comments?post=11680"}],"version-history":[{"count":1,"href":"http:\/\/www.apucarana.pr.gov.br\/site\/wp-json\/wp\/v2\/posts\/11680\/revisions"}],"predecessor-version":[{"id":101801,"href":"http:\/\/www.apucarana.pr.gov.br\/site\/wp-json\/wp\/v2\/posts\/11680\/revisions\/101801"}],"wp:featuredmedia":[{"embeddable":true,"href":"http:\/\/www.apucarana.pr.gov.br\/site\/wp-json\/"}],"wp:attachment":[{"href":"http:\/\/www.apucarana.pr.gov.br\/site\/wp-json\/wp\/v2\/media?parent=11680"}],"wp:term":[{"taxonomy":"category","embeddable":true,"href":"http:\/\/www.apucarana.pr.gov.br\/site\/wp-json\/wp\/v2\/categories?post=11680"},{"taxonomy":"post_tag","embeddable":true,"href":"http:\/\/www.apucarana.pr.gov.br\/site\/wp-json\/wp\/v2\/tags?post=11680"}],"curies":[{"name":"wp","href":"https:\/\/api.w.org\/{rel}","templated":true}]}}