{"id":11667,"date":"2017-12-07T16:35:56","date_gmt":"2017-12-07T18:35:56","guid":{"rendered":"http:\/\/172.16.0.7\/site-antigo\/?p=11667"},"modified":"2024-10-08T09:15:25","modified_gmt":"2024-10-08T12:15:25","slug":"educacao-realiza-formatura-das-turmas-de-5o-ano-e-da-eja","status":"publish","type":"post","link":"http:\/\/www.apucarana.pr.gov.br\/site\/educacao-realiza-formatura-das-turmas-de-5o-ano-e-da-eja\/","title":{"rendered":"Educa\u00e7\u00e3o realiza formatura das turmas de 5\u00ba ano e da EJA"},"content":{"rendered":"<p>A Autarquia Municipal de Educa\u00e7\u00e3o realizou a segunda noite de formaturas dos alunos de sua rede. Receberam os certificados de conclus\u00e3o de curso, ontem (6), no gin\u00e1sio de esportes Lago\u00e3o, 26 alunos da Educa\u00e7\u00e3o de Jovens e Adultos e 1.330 crian\u00e7as do 5\u00ba ano do Ensino Fundamental.<br \/>\nO prefeito Beto Preto foi escolhido pelos formandos como patrono das turmas. Ele emocionou-se com a homenagem, parabenizou os alunos e professores, e agradeceu aos pais por confiarem a educa\u00e7\u00e3o de seus filhos \u00e0 rede municipal de ensino.<br \/>\n\u201c\u00c9 com muita alegria que eu participo dessa cerim\u00f4nia. As crian\u00e7as, que est\u00e3o se formando, entraram no 1\u00ba ano em 2013, mesma \u00e9poca que n\u00f3s assumimos a prefeitura. Eles vivenciaram grandes mudan\u00e7as no ensino, como reforma das escolas, implanta\u00e7\u00e3o de um curr\u00edculo \u00fanico, introdu\u00e7\u00e3o do ingl\u00eas como disciplina obrigat\u00f3ria, execu\u00e7\u00e3o do projeto biblioteca itinerante e melhorias significativas na merenda escolar. Nossa miss\u00e3o est\u00e1 cumprida at\u00e9 agora, mas a batalha continua para ofertarmos ensino de qualidade tamb\u00e9m para as pr\u00f3ximas turmas,\u201d disse.<br \/>\nA secret\u00e1ria municipal de Educa\u00e7\u00e3o, Marli Fernandes, garantiu que os alunos est\u00e3o preparados para dar continuidade aos seus estudos, seja na rede p\u00fablica estadual ou em col\u00e9gios particulares. \u201cOs resultados que as escolas municipais t\u00eam apresentado s\u00e3o surpreendentes, como a nota 7,0 no IDEB \u2013 \u00cdndice de Desenvolvimento da Educa\u00e7\u00e3o B\u00e1sica. A Autarquia Municipal de Educa\u00e7\u00e3o tamb\u00e9m ganhou, esse ano, uma s\u00e9rie de pr\u00eamios, entre eles o Gestor P\u00fablico Paran\u00e1, o selo dos Objetivos de Desenvolvimento Sustent\u00e1vel e a Medalha Paulo Freire,\u201d detalhou.<br \/>\nAl\u00e9m do prefeito e da secret\u00e1ria, participaram da formatura o presidente da Uni\u00e3o de Vereadores do Paran\u00e1 (UVEPAR), J\u00falio C\u00e9sar Makuch; o vice-prefeito J\u00fanior da Femac; e os vereadores apucaranenses Jos\u00e9 Airton Deco de Ara\u00fajo, Gentil Pereira, Mauro Bertoli e M\u00e1rcia Sousa.<br \/>\n\u201cA impress\u00e3o que eu tenho ao assistir essa formatura \u00e9 a melhor poss\u00edvel. Eu vim a Apucarana, hoje, para buscar bons exemplos de projetos e gest\u00e3o, porque a cidade de voc\u00eas \u00e9 refer\u00eancia para o estado do Paran\u00e1 e para todo o Brasil,\u201d afirmou o presidente da UVEPAR.<\/p>\n","protected":false},"excerpt":{"rendered":"<p>Um total de 1.330 crian\u00e7as e 26 adultos concluem, esse ano, mais uma etapa dos estudos (Fotos: Profeta)<\/p>\n","protected":false},"author":4,"featured_media":11677,"comment_status":"closed","ping_status":"open","sticky":false,"template":"","format":"standard","meta":{"footnotes":""},"categories":[24],"tags":[],"class_list":["post-11667","post","type-post","status-publish","format-standard","has-post-thumbnail","hentry","category-noticias"],"acf":[],"_links":{"self":[{"href":"http:\/\/www.apucarana.pr.gov.br\/site\/wp-json\/wp\/v2\/posts\/11667","targetHints":{"allow":["GET"]}}],"collection":[{"href":"http:\/\/www.apucarana.pr.gov.br\/site\/wp-json\/wp\/v2\/posts"}],"about":[{"href":"http:\/\/www.apucarana.pr.gov.br\/site\/wp-json\/wp\/v2\/types\/post"}],"author":[{"embeddable":true,"href":"http:\/\/www.apucarana.pr.gov.br\/site\/wp-json\/wp\/v2\/users\/4"}],"replies":[{"embeddable":true,"href":"http:\/\/www.apucarana.pr.gov.br\/site\/wp-json\/wp\/v2\/comments?post=11667"}],"version-history":[{"count":1,"href":"http:\/\/www.apucarana.pr.gov.br\/site\/wp-json\/wp\/v2\/posts\/11667\/revisions"}],"predecessor-version":[{"id":101802,"href":"http:\/\/www.apucarana.pr.gov.br\/site\/wp-json\/wp\/v2\/posts\/11667\/revisions\/101802"}],"wp:featuredmedia":[{"embeddable":true,"href":"http:\/\/www.apucarana.pr.gov.br\/site\/wp-json\/"}],"wp:attachment":[{"href":"http:\/\/www.apucarana.pr.gov.br\/site\/wp-json\/wp\/v2\/media?parent=11667"}],"wp:term":[{"taxonomy":"category","embeddable":true,"href":"http:\/\/www.apucarana.pr.gov.br\/site\/wp-json\/wp\/v2\/categories?post=11667"},{"taxonomy":"post_tag","embeddable":true,"href":"http:\/\/www.apucarana.pr.gov.br\/site\/wp-json\/wp\/v2\/tags?post=11667"}],"curies":[{"name":"wp","href":"https:\/\/api.w.org\/{rel}","templated":true}]}}