{"id":11660,"date":"2017-12-07T12:12:45","date_gmt":"2017-12-07T14:12:45","guid":{"rendered":"http:\/\/172.16.0.7\/site-antigo\/?p=11660"},"modified":"2024-10-08T09:15:25","modified_gmt":"2024-10-08T12:15:25","slug":"praca-rui-barbosa-recebe-feira-de-artigos-religiosos","status":"publish","type":"post","link":"http:\/\/www.apucarana.pr.gov.br\/site\/praca-rui-barbosa-recebe-feira-de-artigos-religiosos\/","title":{"rendered":"Pra\u00e7a Rui Barbosa recebe feira de artigos religiosos"},"content":{"rendered":"<p>Al\u00e9m dos atrativos da programa\u00e7\u00e3o de Natal e do com\u00e9rcio aberto no per\u00edodo noturno, as pessoas ter\u00e3o mais uma op\u00e7\u00e3o neste final de ano. Nesta sexta-feira (08\/12), ser\u00e1 aberta a 2\u00aa Feira de Artigos Religiosos de Apucarana (FARA). O espa\u00e7o vai funcionar na Pra\u00e7a Rui Barbosa at\u00e9 o dia 23 de dezembro, no per\u00edodo das 9 \u00e0s 22 horas.<br \/>\nDe acordo com M\u00e1rio Felipe, coordenador municipal de turismo religioso, os artigos religiosos ocupar\u00e3o um estande que estar\u00e1 localizado no mesmo espa\u00e7o onde funcionar\u00e3o as feiras do Artesanato e da Economia Solid\u00e1ria.<br \/>\nA Feira de Artigos Religiosos \u00e9 organizada pela Congrega\u00e7\u00e3o dos Oblatos de S\u00e3o Jos\u00e9 e conta com o apoio da Prefeitura de Apucarana, atrav\u00e9s da Secretaria da Promo\u00e7\u00e3o Art\u00edstica, Cultural e Tur\u00edstica (Promatur).<br \/>\n\u201c\u00c9 mais uma op\u00e7\u00e3o para as pessoas que v\u00eam ao centro nesta \u00e9poca do ano e que desejam comprar um presente que incentive a espiritualidade, como um livro, um CD, ter\u00e7os, correntinhas ou imagens religiosas\u201d, cita M\u00e1rio Felipe.<br \/>\nMais informa\u00e7\u00f5es pelos telefones 3422-9023 ou 99986-4185.<\/p>\n","protected":false},"excerpt":{"rendered":"<p>O espa\u00e7o abre nesta sexta-feira e funcionar\u00e1 at\u00e9 o dia 23 de dezembro, no per\u00edodo das 9 \u00e0s 22 horas. (Foto: Edson Denobi)<\/p>\n","protected":false},"author":4,"featured_media":11664,"comment_status":"closed","ping_status":"open","sticky":false,"template":"","format":"standard","meta":{"footnotes":""},"categories":[24],"tags":[],"class_list":["post-11660","post","type-post","status-publish","format-standard","has-post-thumbnail","hentry","category-noticias"],"acf":[],"_links":{"self":[{"href":"http:\/\/www.apucarana.pr.gov.br\/site\/wp-json\/wp\/v2\/posts\/11660","targetHints":{"allow":["GET"]}}],"collection":[{"href":"http:\/\/www.apucarana.pr.gov.br\/site\/wp-json\/wp\/v2\/posts"}],"about":[{"href":"http:\/\/www.apucarana.pr.gov.br\/site\/wp-json\/wp\/v2\/types\/post"}],"author":[{"embeddable":true,"href":"http:\/\/www.apucarana.pr.gov.br\/site\/wp-json\/wp\/v2\/users\/4"}],"replies":[{"embeddable":true,"href":"http:\/\/www.apucarana.pr.gov.br\/site\/wp-json\/wp\/v2\/comments?post=11660"}],"version-history":[{"count":1,"href":"http:\/\/www.apucarana.pr.gov.br\/site\/wp-json\/wp\/v2\/posts\/11660\/revisions"}],"predecessor-version":[{"id":101803,"href":"http:\/\/www.apucarana.pr.gov.br\/site\/wp-json\/wp\/v2\/posts\/11660\/revisions\/101803"}],"wp:featuredmedia":[{"embeddable":true,"href":"http:\/\/www.apucarana.pr.gov.br\/site\/wp-json\/"}],"wp:attachment":[{"href":"http:\/\/www.apucarana.pr.gov.br\/site\/wp-json\/wp\/v2\/media?parent=11660"}],"wp:term":[{"taxonomy":"category","embeddable":true,"href":"http:\/\/www.apucarana.pr.gov.br\/site\/wp-json\/wp\/v2\/categories?post=11660"},{"taxonomy":"post_tag","embeddable":true,"href":"http:\/\/www.apucarana.pr.gov.br\/site\/wp-json\/wp\/v2\/tags?post=11660"}],"curies":[{"name":"wp","href":"https:\/\/api.w.org\/{rel}","templated":true}]}}