{"id":11652,"date":"2017-12-07T11:55:42","date_gmt":"2017-12-07T13:55:42","guid":{"rendered":"http:\/\/172.16.0.7\/site-antigo\/?p=11652"},"modified":"2024-10-08T09:15:25","modified_gmt":"2024-10-08T12:15:25","slug":"mostra-de-musica-de-camara-abre-temporada-em-apucarana","status":"publish","type":"post","link":"http:\/\/www.apucarana.pr.gov.br\/site\/mostra-de-musica-de-camara-abre-temporada-em-apucarana\/","title":{"rendered":"Mostra de M\u00fasica de C\u00e2mara abre temporada em Apucarana"},"content":{"rendered":"<p>A Orquestra\u00a0 de C\u00e2mara Solistas de Londrina realiza circuito de concertos da 7\u00aa Mostra de M\u00fasica de C\u00e2mara por diversas cidades paranaenses. O concerto de abertura ser\u00e1 nesta sexta-feira (08\/11), \u00e0s 20h, no Cine Teatro F\u00eanix, em Apucarana, com entrada gratuita. No programa, obras de Mozart, Bach, Correlli, Villa-Lobos, Krebs, Piazzolla e uma colet\u00e2nea de can\u00e7\u00f5es tradicionais natalinas. O solista convidado \u00e9 o violonista Natanael Fonseca.<br \/>\nConforme Orisvaldo C\u00e9sar, diretor art\u00edstico e de projetos da Secretaria da Promo\u00e7\u00e3o Art\u00edstica, Cultural e Tur\u00edstica (Promatur), a primeira fase da mostra ser\u00e1 realizada durante todo o m\u00eas de dezembro e vai percorrer a regi\u00e3o Norte do Estado. \u201cApucarana ter\u00e1 o privil\u00e9gio de abrir a temporada desta fase, brindando o p\u00fablico com o concerto da Orquestra de C\u00e2mara Solistas de Londrina, um dos grupos camer\u00edsticos mais conceituados do pa\u00eds, com uma trajet\u00f3ria de 20 anos\u201d, ressalta Orisvaldo C\u00e9sar.<br \/>\nA programa\u00e7\u00e3o da Mostra de M\u00fasica de C\u00e2mara conta com cinco concertos em cidades da regi\u00e3o. Depois de Apucarana, as apresenta\u00e7\u00f5es ser\u00e3o em Rol\u00e2ndia (09), Camb\u00e9 (10), Arapongas (19) e Sertaneja (20) e Gua\u00edra (22). Al\u00e9m disso, a Mostra contar\u00e1 com dois concertos did\u00e1ticos, dirigidos aos alunos de escolas p\u00fablicas estaduais de Londrina.<br \/>\nAs apresenta\u00e7\u00f5es ser\u00e3o realizadas ao ar livre, em igrejas, museus e teatros. Todos os concertos ser\u00e3o abertos ao p\u00fablico, com entrada franca. A Mostra de M\u00fasica de C\u00e2mara \u00e9 organizada pela Apol\u00f4nia Produ\u00e7\u00f5es Culturais e tem o patroc\u00ednio do BRDE, Cacique, Unimed e John Deere. Conta com o apoio da CBN, R\u00e1dio UEL FM, Hotel Crystal e Livraria da Silvia. A coordena\u00e7\u00e3o art\u00edstica \u00e9 da pianista e produtora Irina Ratcheva.<br \/>\n&nbsp;<br \/>\n<strong>Desde 2011<\/strong><br \/>\nCom o tema \u201cDo Erudito ao Popular\u201d, a Mostra de M\u00fasica de C\u00e2mara promove uma s\u00e9rie de concertos, desde a temporada de 2011, com o objetivo de agregar conhecimento e valoriza\u00e7\u00e3o da cultura musical brasileira e universal. A Mostra tem a sua frente o maestro e spalla Evgueni Ratchev.<br \/>\n\u201cO projeto surgiu com a pretens\u00e3o de tornar-se uma Mostra de M\u00fasica de C\u00e2mara permanente em nossa cidade, juntando todas as a\u00e7\u00f5es que a Orquestra desenvolve desde a sua cria\u00e7\u00e3o: projetos como M\u00fasica no Teatro, M\u00fasica na Igreja e os in\u00fameros Concertos Did\u00e1ticos, apresentados n\u00e3o somente em Londrina, mas tamb\u00e9m em v\u00e1rios munic\u00edpios paranaenses. Com a realiza\u00e7\u00e3o das edi\u00e7\u00f5es anteriores, entendemos que formato de uma \u201cmostra\u201d conseguiria representar significativamente a realidade multicultural em que vivemos\u201d, explica EvgueniRatchev.<br \/>\n&nbsp;<br \/>\n<strong>Nas escolas<\/strong><br \/>\nA Mostra de M\u00fasica de C\u00e2mara nas escolas pretende aproximar o estudante com o universo musical. A presen\u00e7a de uma orquestra na escola pode despertar mudan\u00e7as no comportamento dos estudantes, sensibilizar e formar novos p\u00fablicos para arte musical, favorecendo a educa\u00e7\u00e3o e ainda capacitando educadores para atuarem como multiplicadores da utiliza\u00e7\u00e3o da m\u00fasica como ferramenta pedag\u00f3gica nas escolas.<br \/>\nOs concertos ser\u00e3o abertos n\u00e3o somente para os alunos, mas tamb\u00e9m para o p\u00fablico em geral. A realiza\u00e7\u00e3o destes eventos contribui de forma significativa para o conjunto de a\u00e7\u00f5es desenvolvidas com vistas \u00e0 forma\u00e7\u00e3o de plateia.<br \/>\n\u201cVale ainda ressaltar que a op\u00e7\u00e3o de desenvolvimento de um projeto musical camer\u00edstico, visa o incentivo de novas pr\u00e1ticas e novos h\u00e1bitos de aprecia\u00e7\u00e3o musical, pois as apresenta\u00e7\u00f5es acontecem em car\u00e1ter intimista, essencialmente ac\u00fastico, que valorizam a pureza do som e a qualidade das obras e de seus int\u00e9rpretes\u201d, ressalta Ratchev.<br \/>\n&nbsp;<br \/>\n<strong>Segunda fase<\/strong><br \/>\nA segunda fase da Mostra de M\u00fasica de C\u00e2mara est\u00e1 prevista para ser realizada em 2018, mas ainda depende de patroc\u00ednio e apoio atrav\u00e9s da Lei Rouanet. Est\u00e3o previstos concertos com renomados solistas convidados.<br \/>\nAinda em 2018, como parte da programa\u00e7\u00e3o da Mostra, a Orquestra de C\u00e2mara Solistas de Londrina vai lan\u00e7ar um CD comemorativo de 20 anos de exist\u00eancia, reunindo obras de compositores brasileiros. O CD tem patroc\u00ednio do Promic, atrav\u00e9s de projeto aprovado.<br \/>\n&nbsp;<br \/>\n&nbsp;<br \/>\n<strong><em>SAIBA MAIS SOBRE A ORQUESTRA E O SOLISTA CONVIDADO<\/em><\/strong><br \/>\n<em>\u00a0<\/em><strong>Natanael Fonseca:<\/strong>\u00a0Nascido no estado da Bahia, Natanael Fonseca tem a sua trajet\u00f3ria musical dividida entre o viol\u00e3o erudito e a viola de arco. Fez licenciatura e especializa\u00e7\u00e3o em m\u00fasica pela Universidade Estadual de Londrina, onde tamb\u00e9m lecionou nos anos de 2006 \u00e0 2008 nas disciplinas de percep\u00e7\u00e3o musical e viol\u00e3o. \u00c9 violista na Orquestra de C\u00e2mara Solistas de Londrina desde sua funda\u00e7\u00e3o e com a qual participou da grava\u00e7\u00e3o de seus cinco discos al\u00e9m de diversas turn\u00eas, destacando o Festival de Ver\u00e3o de Varna na Bulg\u00e1ria. Apresentou-se em recitais de viol\u00e3o em Portugal e Espanha, e como solista nos concertos para viol\u00e3o e orquestra de M\u00e1rio CastelnuovoTedesco, Heitor Villa-Lobos e Anton Garcia Abril com a orquestra Sinf\u00f4nica da UEL. Natanael Fonseca \u00e9 mestre em viol\u00e3o erudito pela Universidade de Aveiro &#8211; Portugal.<br \/>\n<strong>Orquestra de C\u00e2mara Solistas de Londrina:<\/strong>\u00a0Sob a dire\u00e7\u00e3o do SpallaEvgueniRatchev,\u00a0 contabiliza mais de 250 concertos realizados desde a sua funda\u00e7\u00e3o, participa\u00e7\u00f5es em festivais de m\u00fasica, circuitos nacionais e estaduais, seis \u00e1lbuns (Cds) gravados e v\u00e1rios pr\u00eamios nacionais recebidos durante estes anos.O grupo atua no cen\u00e1rio nacional erudito e desenvolve os seus projetos com objetivo de executar m\u00fasica de qualidade e ao mesmo tempo participar de um movimento que descentraliza o acesso \u00e0 cultura para formar novos p\u00fablicos.O reconhecimento internacional foi alcan\u00e7ado por meio das suas grava\u00e7\u00f5es e atrav\u00e9s dos memor\u00e1veis concertos num dos mais importantes festivais de m\u00fasica da Europa, Varna Summer International Music Festival 2010. \u00c9 considerada como um dos grupos cameristicos mais conceituados do pa\u00eds. Em seu repert\u00f3rio amplo e original, constam grandes obras de compositores brasileiros e internacionais. Desenvolve um projeto in\u00e9dito no Brasil de registro fonogr\u00e1fico de obras de compositores brasileiros, denominado Retratos Brasileiros. O CD Retratos Brasileiros \u2013 obras para Cordas do EdinoKrieger, foi selecionado pela segunda vez entre os tr\u00eas finalistas da 24\u00aa Edi\u00e7\u00e3o do Pr\u00eamio de M\u00fasica Brasileira. Durante a sua trajet\u00f3ria recebeu importantes Pr\u00eamios da Funarte, al\u00e9m de conquistar o Pr\u00eamio Tim de M\u00fasica Brasileira, em 2003, com o CD Imagens Brasileiras\u201d. Desde 2011 realiza a Mostra de M\u00fasica de C\u00e2mara, com concertos em igrejas e teatro, atrav\u00e9s do Programa municipal de Incentivo \u00e0 Cultura, Promic.Recentemente lan\u00e7ou o sexto CD, Ponteios, do compositor paranaense Rog\u00e9rio Krieger. Nesta temporada est\u00e1 dando a continuidade da S\u00e9rie Mostra de M\u00fasica com 08 concertos durante o ano.<br \/>\n<strong>EvgueniRatchev<\/strong>: Formado na Academia Superior de M\u00fasica de S\u00f3fia, veio a Londrina, em uma jornada que j\u00e1 havia deixado marcas em v\u00e1rias outras cidades do mundo. Finalista do Concurso Internacional de Violino Johann Sebastian Bach, na Alemanha, tamb\u00e9m foi sala e solista de uma das mais importantes orquestras de c\u00e2mara da Bulg\u00e1ria, a \u201cStudio Concertante\u201d. Como maestro convidado e solista, atuou em varias orquestras sinf\u00f4nicas no Brasil e foi regente convidado da Garland Symphony Orchestra, New Symphony Orchestraof Arlington e Las Colinas Symphony Orchestra, no Texas. Desde 1996, Ratchev \u00e9 spalla da OSUEL e al\u00e9m de cuidar da dire\u00e7\u00e3o musical da Orquestra de C\u00e2mara &#8220;Solistas de Londrina&#8221;. Realiza anualmente m\u00e1ster classes de violino na Universityof Missouri-Columbia (EUA), onde tamb\u00e9m atua como solista e regente em concertos da orquestra filarm\u00f4nica da institui\u00e7\u00e3o e da Missouri ChamberOrchestra.<br \/>\n&nbsp;<br \/>\n&nbsp;<\/p>\n","protected":false},"excerpt":{"rendered":"<p>Concerto gratuito com a Orquestra Solistas de Londrina ser\u00e1 na sexta-feira, \u00e0s 20 horas, no Cine Teatro F\u00eanix<\/p>\n","protected":false},"author":4,"featured_media":11654,"comment_status":"closed","ping_status":"open","sticky":false,"template":"","format":"standard","meta":{"footnotes":""},"categories":[24],"tags":[],"class_list":["post-11652","post","type-post","status-publish","format-standard","has-post-thumbnail","hentry","category-noticias"],"acf":[],"_links":{"self":[{"href":"http:\/\/www.apucarana.pr.gov.br\/site\/wp-json\/wp\/v2\/posts\/11652","targetHints":{"allow":["GET"]}}],"collection":[{"href":"http:\/\/www.apucarana.pr.gov.br\/site\/wp-json\/wp\/v2\/posts"}],"about":[{"href":"http:\/\/www.apucarana.pr.gov.br\/site\/wp-json\/wp\/v2\/types\/post"}],"author":[{"embeddable":true,"href":"http:\/\/www.apucarana.pr.gov.br\/site\/wp-json\/wp\/v2\/users\/4"}],"replies":[{"embeddable":true,"href":"http:\/\/www.apucarana.pr.gov.br\/site\/wp-json\/wp\/v2\/comments?post=11652"}],"version-history":[{"count":1,"href":"http:\/\/www.apucarana.pr.gov.br\/site\/wp-json\/wp\/v2\/posts\/11652\/revisions"}],"predecessor-version":[{"id":101804,"href":"http:\/\/www.apucarana.pr.gov.br\/site\/wp-json\/wp\/v2\/posts\/11652\/revisions\/101804"}],"wp:featuredmedia":[{"embeddable":true,"href":"http:\/\/www.apucarana.pr.gov.br\/site\/wp-json\/"}],"wp:attachment":[{"href":"http:\/\/www.apucarana.pr.gov.br\/site\/wp-json\/wp\/v2\/media?parent=11652"}],"wp:term":[{"taxonomy":"category","embeddable":true,"href":"http:\/\/www.apucarana.pr.gov.br\/site\/wp-json\/wp\/v2\/categories?post=11652"},{"taxonomy":"post_tag","embeddable":true,"href":"http:\/\/www.apucarana.pr.gov.br\/site\/wp-json\/wp\/v2\/tags?post=11652"}],"curies":[{"name":"wp","href":"https:\/\/api.w.org\/{rel}","templated":true}]}}