{"id":11596,"date":"2017-12-05T17:15:19","date_gmt":"2017-12-05T19:15:19","guid":{"rendered":"http:\/\/172.16.0.7\/site-antigo\/?p=11596"},"modified":"2024-10-08T09:15:26","modified_gmt":"2024-10-08T12:15:26","slug":"apucarana-aproxima-policiais-da-rede-de-combate-a-violencia-contra-a-mulher","status":"publish","type":"post","link":"http:\/\/www.apucarana.pr.gov.br\/site\/apucarana-aproxima-policiais-da-rede-de-combate-a-violencia-contra-a-mulher\/","title":{"rendered":"Apucarana aproxima policiais da rede de combate \u00e0 viol\u00eancia contra a mulher"},"content":{"rendered":"<p>Dentro da campanha \u201c16 Dias de Ativismo pelo Fim da Viol\u00eancia contra a Mulher, a Secretaria Municipal da Mulher e Assuntos da Fam\u00edlia da Prefeitura de Apucarana, juntamente com a Pol\u00edcia Militar do Paran\u00e1 (PMPR), iniciou nesta ter\u00e7a-feira (07\/12), o projeto \u201cPol\u00edcia Militar na Prote\u00e7\u00e3o da Mulher\u201d.<br \/>\nO evento aconteceu no audit\u00f3rio da subse\u00e7\u00e3o de Apucarana da Ordem dos Advogados do Brasil (OAB) e reuniu autoridades municipais, militares, do judici\u00e1rio e da promotoria p\u00fablica. A meta da iniciativa, segundo explicou a secret\u00e1ria da Mulher Denise Canesin Mois\u00e9s Machado, \u00e9 capacitar os policiais militares dos 12 munic\u00edpios de abrang\u00eancia do 10\u00ba Batalh\u00e3o da Pol\u00edcia Militar do Paran\u00e1 (10\u00ba BPM), para que atuem em conjunto com a rede de prote\u00e7\u00e3o, expandindo tanto o trabalho preventivo quanto o de atendimento \u00e0 v\u00edtima de viol\u00eancia. \u201cAt\u00e9 hoje, a a\u00e7\u00e3o da pol\u00edcia muitas vezes se encerra no atendimento da ocorr\u00eancia propriamente dita. A partir deste projeto, passa a acontecer uma aproxima\u00e7\u00e3o com os servi\u00e7os oferecidos pelo Centro de Atendimento \u00e0 Mulher (CAM)\u201d, explicou Denise.<br \/>\nO policial &#8211; ou a policial &#8211; que atender o chamado vai prestar um atendimento inicial \u00e0 v\u00edtima, realizando os procedimentos cab\u00edveis e tamb\u00e9m orientando-a sobre os servi\u00e7os oferecidos CAM. \u201cLocal onde iremos ampar\u00e1-la socialmente, psicologicamente e juridicamente, fortalecendo-a no tocante a como lidar com a situa\u00e7\u00e3o em que est\u00e1 inserida, incentivando na tomada de decis\u00e3o para que encontre um caminho que a liberte do ciclo de viol\u00eancia\u201d, disse a secret\u00e1ria.<br \/>\nEm nome do prefeito Beto Preto, Denise agradeceu a Pol\u00edcia Militar pela parceria. \u201cDesde o comando, at\u00e9 os policiais que atuam nas ruas, todos est\u00e3o sendo muito receptivos com o prop\u00f3sito do projeto, est\u00e3o comprometidos com a capacita\u00e7\u00e3o, com a causa, e tudo isso resulta em um ganho muito grande para toda a sociedade\u201d, afirmou Denise, que proferiu palestra abordando principalmente os \u201cMitos e Verdades\u201d relacionadas aos casos de viol\u00eancia contra a mulher. \u201cQuando a mulher chama a pol\u00edcia, n\u00e3o \u00e9 \u00e0 toa, \u00e9 porque ela est\u00e1 precisando. Todo chamado precisa ser averiguado sem pr\u00e9-julgamentos, quem vai dizer se ela estava ou n\u00e3o com a raz\u00e3o ser\u00e1 o juiz\u201d, explicou a secret\u00e1ria, informando que no centro municipal de atendimento as mulheres t\u00eam acesso a outros projetos com foco na autonomia financeira e gera\u00e7\u00e3o de renda (cursos profissionalizantes e encaminhamento ao mercado de trabalho), al\u00e9m de empoderamento de saberes, com inicia\u00e7\u00e3o a projetos de economia solid\u00e1ria e protagonismo feminino.<br \/>\nO comandante do 10\u00ba BPM, tenente-coronel Jos\u00e9 Francisco Cardoso, falou sobre o desenvolvimento do projeto. \u201cA Pol\u00edcia Militar j\u00e1 possui um trabalho efetivo no atendimento de casos de viol\u00eancia dom\u00e9stica, mas com esta parceria, onde iremos comunicar e encaminhar todas as v\u00edtimas para serem orientadas pela Secretaria da Mulher de Apucarana, certamente esperamos que o resultado seja uma diminui\u00e7\u00e3o das ocorr\u00eancias\u201d, comentou o comandante. Para ele, a capacita\u00e7\u00e3o da tropa &#8211; que teve in\u00edcio ap\u00f3s o lan\u00e7amento do projeto &#8211; \u00e9 fundamental. \u201cCom este trabalho os policiais acabam tendo uma maior consci\u00eancia do seu papel social no contexto tanto da preven\u00e7\u00e3o, quanto do atendimento\u201d, considerou o comandante.<br \/>\nO treinamento dos policiais militares tem sequ\u00eancia nesta quinta-feira. Entre os palestrantes, a secret\u00e1ria Municipal da Mulher, Denise Canesin Mois\u00e9s Machado, a delegada da Pol\u00edcia Civil Luana Lopes, o promotor de Justi\u00e7a, Fabr\u00edcio Dumond Monteiro e o capit\u00e3o da Pol\u00edcia Militar, Vilson Laurentino da Silva.<br \/>\nDen\u00fancias \u2013 Mulheres que est\u00e3o sendo v\u00edtimas de viol\u00eancia ou pessoas que presenciarem agress\u00f5es devem efetivar den\u00fancia pelo n\u00famero \u201c190\u201d da Pol\u00edcia Militar. Orienta\u00e7\u00e3o sobre o atendimento gratuito do Centro de Atendimento \u00e0 Mulher (CAM), pelos telefones 3422-4479 ou 0800-645-4479 (liga\u00e7\u00e3o gratuita). O CAM funciona na Rua Castro Alves, 1629 \u2013 Jardim Am\u00e9rica.<\/p>\n","protected":false},"excerpt":{"rendered":"<p>Iniciativa visa capacitar os policiais militares dos 12 munic\u00edpios de abrang\u00eancia do 10\u00ba BPM para que atuem em conjunto com a rede de prote\u00e7\u00e3o, expandindo tanto o trabalho preventivo quanto o de atendimento \u00e0 v\u00edtima (Foto: Edson Denobi)<\/p>\n","protected":false},"author":4,"featured_media":11598,"comment_status":"closed","ping_status":"open","sticky":false,"template":"","format":"standard","meta":{"footnotes":""},"categories":[24],"tags":[],"class_list":["post-11596","post","type-post","status-publish","format-standard","has-post-thumbnail","hentry","category-noticias"],"acf":[],"_links":{"self":[{"href":"http:\/\/www.apucarana.pr.gov.br\/site\/wp-json\/wp\/v2\/posts\/11596","targetHints":{"allow":["GET"]}}],"collection":[{"href":"http:\/\/www.apucarana.pr.gov.br\/site\/wp-json\/wp\/v2\/posts"}],"about":[{"href":"http:\/\/www.apucarana.pr.gov.br\/site\/wp-json\/wp\/v2\/types\/post"}],"author":[{"embeddable":true,"href":"http:\/\/www.apucarana.pr.gov.br\/site\/wp-json\/wp\/v2\/users\/4"}],"replies":[{"embeddable":true,"href":"http:\/\/www.apucarana.pr.gov.br\/site\/wp-json\/wp\/v2\/comments?post=11596"}],"version-history":[{"count":1,"href":"http:\/\/www.apucarana.pr.gov.br\/site\/wp-json\/wp\/v2\/posts\/11596\/revisions"}],"predecessor-version":[{"id":101811,"href":"http:\/\/www.apucarana.pr.gov.br\/site\/wp-json\/wp\/v2\/posts\/11596\/revisions\/101811"}],"wp:featuredmedia":[{"embeddable":true,"href":"http:\/\/www.apucarana.pr.gov.br\/site\/wp-json\/"}],"wp:attachment":[{"href":"http:\/\/www.apucarana.pr.gov.br\/site\/wp-json\/wp\/v2\/media?parent=11596"}],"wp:term":[{"taxonomy":"category","embeddable":true,"href":"http:\/\/www.apucarana.pr.gov.br\/site\/wp-json\/wp\/v2\/categories?post=11596"},{"taxonomy":"post_tag","embeddable":true,"href":"http:\/\/www.apucarana.pr.gov.br\/site\/wp-json\/wp\/v2\/tags?post=11596"}],"curies":[{"name":"wp","href":"https:\/\/api.w.org\/{rel}","templated":true}]}}