{"id":11593,"date":"2017-12-05T17:00:24","date_gmt":"2017-12-05T19:00:24","guid":{"rendered":"http:\/\/172.16.0.7\/site-antigo\/?p=11593"},"modified":"2024-10-08T09:15:26","modified_gmt":"2024-10-08T12:15:26","slug":"saude-se-mobiliza-para-nova-coleta-de-preventivo","status":"publish","type":"post","link":"http:\/\/www.apucarana.pr.gov.br\/site\/saude-se-mobiliza-para-nova-coleta-de-preventivo\/","title":{"rendered":"Sa\u00fade se mobiliza para nova coleta de preventivo"},"content":{"rendered":"<p>A prefeitura de Apucarana vai realizar neste s\u00e1bado (9) mais um dia de intensifica\u00e7\u00e3o do exame preventivo do c\u00e2ncer do colo do \u00fatero. O atendimento, que vai acontecer no Centro de Especialidades M\u00e9dicas da Autarquia Municipal de Sa\u00fade (AMS), na Rua Miguel Sime\u00e3o, 69, visa dar nova oportunidade \u00e0s mulheres de realizar este importante exame ginecol\u00f3gico em data estrat\u00e9gica, como no final de semana.<br \/>\nNa primeira edi\u00e7\u00e3o da iniciativa, realizada no dia 15 de novembro, um feriado nacional, cerca de 600 mulheres realizaram o exame preventivo e parte delas recebeu encaminhamento para a mamografia. A data deste s\u00e1bado tamb\u00e9m foi escolhida estrategicamente para facilitar o acesso ao exame, principalmente para aquela parcela da popula\u00e7\u00e3o que trabalha.<br \/>\n\u201cTrata-se de um s\u00e1bado, em que o com\u00e9rcio estar\u00e1 aberto at\u00e9 as 18 horas. As mulheres que vieram ao centro da cidade fazer suas compras poder\u00e3o se dirigir a pr\u00e9dio da Autarquia Municipal de Sa\u00fade, entre 8 e 17 horas, para colher o preventivo. Ser\u00e1 disponibilizada uma grande equipe da sa\u00fade para que o atendimento seja realizado dentro do menor tempo poss\u00edvel\u201d, informa o diretor da Aten\u00e7\u00e3o B\u00e1sica da AMS, Marcelo Viana de Castro.<br \/>\nA exemplo da primeira edi\u00e7\u00e3o, no dia 15, o evento do pr\u00f3ximo s\u00e1bado conta com a parceria da Secretaria de Assist\u00eancia Social, que ir\u00e1 oferecer transporte para integrantes dos grupos conviver at\u00e9 a Autarquia de Sa\u00fade para realiza\u00e7\u00e3o do preventivo. A a\u00e7\u00e3o tamb\u00e9m est\u00e1 sendo amplamente divulgadas das escolas da rede municipal atrav\u00e9s de comunidade enviado as m\u00e3es e av\u00f3s dos alunos, al\u00e9m dos pr\u00f3prios servidores da Autarquia Municipal de Educa\u00e7\u00e3o.<br \/>\nO resultado no n\u00famero de atendimento na a\u00e7\u00e3o do dia 15 de novembro, segundo o prefeito Beto Preto, serviu de motiva\u00e7\u00e3o para a AMS oferecer uma nova oportunidade para as mulheres realizarem o exame preventivo. \u201cPromovendo a\u00e7\u00f5es de refor\u00e7o ao atendimento e n\u00e3o medindo esfor\u00e7os para cada vez mais melhorar nossos servi\u00e7os \u00e9 que estamos registrando avan\u00e7os na qualidade do servi\u00e7o p\u00fablico de sa\u00fade no nosso munic\u00edpio. Voc\u00ea mulher, que ainda n\u00e3o realizou o exame preventivo anual, v\u00e1 buscar neste s\u00e1bado esse atendimento t\u00e3o essencial para sua sa\u00fade\u201d, conclama Beto Preto.<br \/>\nCom o registro m\u00e9dio de 18 mil novos casos a cada ano, o c\u00e2ncer do colo do \u00fatero \u00e9 o terceiro mais frequente na popula\u00e7\u00e3o feminina do Brasil. Em Apucarana, entre 2013 e 2016, foram registrados 47 casos da doen\u00e7a.<br \/>\nNo Paran\u00e1, em 2015, foram registradas 340 mortes pela doen\u00e7a. J\u00e1 em Apucarana, durante 2016, 10 mulheres morreram v\u00edtimas do c\u00e2ncer do colo do \u00fatero. \u201cEm 2013 foram 8 \u00f3bitos; em 2014, 8 \u00f3bitos; e 2015, 4 \u00f3bitos. Totalizando 30 mortes pela doen\u00e7a em 4 anos\u201d, alerta o diretor presidente da AMS, Roberto Kaneta. O exame preventivo \u00e9 oferecido nas 28 Unidades B\u00e1sicas de Sa\u00fade de Apucarana pelo menos uma vez por semana.<\/p>\n","protected":false},"excerpt":{"rendered":"<p>Autarquia Municipal de Sa\u00fade promove neste s\u00e1bado o segundo dia de intensifica\u00e7\u00e3o do exame preventivo do c\u00e2ncer do colo do \u00fatero, a exemplo da a\u00e7\u00e3o realizada no dia 15 de novembro (Foto &#8211; Profeta)<\/p>\n","protected":false},"author":4,"featured_media":11594,"comment_status":"closed","ping_status":"open","sticky":false,"template":"","format":"standard","meta":{"footnotes":""},"categories":[24],"tags":[],"class_list":["post-11593","post","type-post","status-publish","format-standard","has-post-thumbnail","hentry","category-noticias"],"acf":[],"_links":{"self":[{"href":"http:\/\/www.apucarana.pr.gov.br\/site\/wp-json\/wp\/v2\/posts\/11593","targetHints":{"allow":["GET"]}}],"collection":[{"href":"http:\/\/www.apucarana.pr.gov.br\/site\/wp-json\/wp\/v2\/posts"}],"about":[{"href":"http:\/\/www.apucarana.pr.gov.br\/site\/wp-json\/wp\/v2\/types\/post"}],"author":[{"embeddable":true,"href":"http:\/\/www.apucarana.pr.gov.br\/site\/wp-json\/wp\/v2\/users\/4"}],"replies":[{"embeddable":true,"href":"http:\/\/www.apucarana.pr.gov.br\/site\/wp-json\/wp\/v2\/comments?post=11593"}],"version-history":[{"count":1,"href":"http:\/\/www.apucarana.pr.gov.br\/site\/wp-json\/wp\/v2\/posts\/11593\/revisions"}],"predecessor-version":[{"id":101812,"href":"http:\/\/www.apucarana.pr.gov.br\/site\/wp-json\/wp\/v2\/posts\/11593\/revisions\/101812"}],"wp:featuredmedia":[{"embeddable":true,"href":"http:\/\/www.apucarana.pr.gov.br\/site\/wp-json\/"}],"wp:attachment":[{"href":"http:\/\/www.apucarana.pr.gov.br\/site\/wp-json\/wp\/v2\/media?parent=11593"}],"wp:term":[{"taxonomy":"category","embeddable":true,"href":"http:\/\/www.apucarana.pr.gov.br\/site\/wp-json\/wp\/v2\/categories?post=11593"},{"taxonomy":"post_tag","embeddable":true,"href":"http:\/\/www.apucarana.pr.gov.br\/site\/wp-json\/wp\/v2\/tags?post=11593"}],"curies":[{"name":"wp","href":"https:\/\/api.w.org\/{rel}","templated":true}]}}