{"id":11559,"date":"2017-12-04T18:04:19","date_gmt":"2017-12-04T20:04:19","guid":{"rendered":"http:\/\/172.16.0.7\/site-antigo\/?p=11559"},"modified":"2024-10-08T09:15:26","modified_gmt":"2024-10-08T12:15:26","slug":"prefeitura-entrega-kits-para-gestantes-2","status":"publish","type":"post","link":"http:\/\/www.apucarana.pr.gov.br\/site\/prefeitura-entrega-kits-para-gestantes-2\/","title":{"rendered":"Prefeitura entrega kits para gestantes"},"content":{"rendered":"<p><strong>\u00a0<\/strong><br \/>\n<em>\u00a0<\/em><br \/>\n<em>\u00a0<\/em>Fraldas, dois repelentes, dois conjuntos de body, um macac\u00e3o, um edredom e uma bolsa comp\u00f5em os 60 kits de enxoval para beb\u00eas entregues hoje a mulheres benefici\u00e1rias do Programa Bolsa Fam\u00edlia que estejam realizando o pr\u00e9-natal na Escola da Gestante ou nas Unidades B\u00e1sicas de Sa\u00fade (UBSs). O requisito visa contribuir com a redu\u00e7\u00e3o da mortalidade materna e infantil no munic\u00edpio.<br \/>\nA entrega dos kits, realizada na Pra\u00e7a CEU, faz parte do Programa Parto Humanizado mantido desde 2013 pela prefeitura de Apucarana em parceria com a concession\u00e1ria Rodonorte. \u201cA iniciativa atende mais especificamente aquelas que j\u00e1 passaram pela s\u00e9tima consulta do pr\u00e9-natal, pesando na sa\u00fade da gestante e da crian\u00e7a\u201d, afirma a secret\u00e1ria da Assist\u00eancia Social, Ana Paula Nazarko.<br \/>\nAnualmente, o munic\u00edpio recebe verba da Rodonorte para a aquisi\u00e7\u00e3o dos kits. Os valores s\u00e3o repassados para o Conselho Municipal dos Direitos da Crian\u00e7a e do Adolescente (CMDCA) e licitados pela Secretaria Municipal de Assist\u00eancia Social. \u201cA parceria da prefeitura com a Rodonorte viabiliza essa entrega de hoje e tantas outras que fizemos ao longo dos \u00faltimos anos. Tanto o prefeito Beto Preto como o diretor presidente da Autarquia de Sa\u00fade, Roberto Kaneta, defendem uma pol\u00edtica p\u00fablica de sa\u00fade que prioriza a gestante e as crian\u00e7as\u201d, afirma o diretor do Departamento de Aten\u00e7\u00e3o B\u00e1sica da AMS, Marcelo Viana de Castro<br \/>\nA vereadora Marcia Sousa foi portadora da not\u00edcia de que a parceria da Rodonorte e prefeitura ser\u00e1 mantida no pr\u00f3ximo ano. \u201cNossas gestantes v\u00e3o continuar a contar com esse incentivo em 2018\u201d, garante M\u00e1rcia Sousa. A coordenadora da Escola da Gestante, Maria Aparecida Moreira das Neves (Cidinha) lembra que 1,3 mil gestantes s\u00e3o atendidas na rede do SUS em Apucarana, reiterando a import\u00e2ncia de cada uma delas iniciar o pr\u00e9-natal o mais cedo poss\u00edvel, preferencialmente no primeiro m\u00eas de gesta\u00e7\u00e3o. \u201cOferecemos esse atendimento em v\u00e1rias UBSs e na Casa da Gestante\u201d, complementa.<br \/>\nMoradora do N\u00facleo da Fraternidade, Emiliana de Freitas, 26 anos, est\u00e1 gr\u00e1vida de g\u00eameos e garantiu dois kits com enxoval. \u201cFa\u00e7o o pr\u00e9-natal desde o primeiro m\u00eas de gravidez e tudo est\u00e1 correndo muito bem. Estou muito contente com a bolsa que recebi. Tudo que tem ali \u00e9 muito \u00fatil e com certeza \u00e9 uma boa ajuda\u201d, avalia Emiliana.<br \/>\n&nbsp;<\/p>\n","protected":false},"excerpt":{"rendered":"<p>Parceria com a Rodonorte visa \u00e0 redu\u00e7\u00e3o da mortalidade materna e infantil (Fotos &#8211; Edson Denobi)<\/p>\n","protected":false},"author":4,"featured_media":11561,"comment_status":"closed","ping_status":"open","sticky":false,"template":"","format":"standard","meta":{"footnotes":""},"categories":[24],"tags":[],"class_list":["post-11559","post","type-post","status-publish","format-standard","has-post-thumbnail","hentry","category-noticias"],"acf":[],"_links":{"self":[{"href":"http:\/\/www.apucarana.pr.gov.br\/site\/wp-json\/wp\/v2\/posts\/11559","targetHints":{"allow":["GET"]}}],"collection":[{"href":"http:\/\/www.apucarana.pr.gov.br\/site\/wp-json\/wp\/v2\/posts"}],"about":[{"href":"http:\/\/www.apucarana.pr.gov.br\/site\/wp-json\/wp\/v2\/types\/post"}],"author":[{"embeddable":true,"href":"http:\/\/www.apucarana.pr.gov.br\/site\/wp-json\/wp\/v2\/users\/4"}],"replies":[{"embeddable":true,"href":"http:\/\/www.apucarana.pr.gov.br\/site\/wp-json\/wp\/v2\/comments?post=11559"}],"version-history":[{"count":1,"href":"http:\/\/www.apucarana.pr.gov.br\/site\/wp-json\/wp\/v2\/posts\/11559\/revisions"}],"predecessor-version":[{"id":101815,"href":"http:\/\/www.apucarana.pr.gov.br\/site\/wp-json\/wp\/v2\/posts\/11559\/revisions\/101815"}],"wp:featuredmedia":[{"embeddable":true,"href":"http:\/\/www.apucarana.pr.gov.br\/site\/wp-json\/"}],"wp:attachment":[{"href":"http:\/\/www.apucarana.pr.gov.br\/site\/wp-json\/wp\/v2\/media?parent=11559"}],"wp:term":[{"taxonomy":"category","embeddable":true,"href":"http:\/\/www.apucarana.pr.gov.br\/site\/wp-json\/wp\/v2\/categories?post=11559"},{"taxonomy":"post_tag","embeddable":true,"href":"http:\/\/www.apucarana.pr.gov.br\/site\/wp-json\/wp\/v2\/tags?post=11559"}],"curies":[{"name":"wp","href":"https:\/\/api.w.org\/{rel}","templated":true}]}}