{"id":11548,"date":"2017-12-04T17:12:31","date_gmt":"2017-12-04T19:12:31","guid":{"rendered":"http:\/\/172.16.0.7\/site-antigo\/?p=11548"},"modified":"2024-10-08T09:15:27","modified_gmt":"2024-10-08T12:15:27","slug":"bom-velhinho-abre-programacao-natalina-em-apucarana","status":"publish","type":"post","link":"http:\/\/www.apucarana.pr.gov.br\/site\/bom-velhinho-abre-programacao-natalina-em-apucarana\/","title":{"rendered":"Bom Velhinho abre programa\u00e7\u00e3o natalina em Apucarana"},"content":{"rendered":"<p>Aguardado com ansiedade por crian\u00e7as de todas as idades, Papai Noel retorna do Polo Norte na noite desta ter\u00e7a-feira (05\/12) para abrir oficialmente as festividades de fim de ano em Apucarana. A chegada est\u00e1 prevista para as 20h30, defronte \u00e0 Catedral Nossa Senhora de Lourdes, na Pra\u00e7a Rui Barbosa. \u201cPreparamos uma calorosa recep\u00e7\u00e3o e, como acontece todos os anos, esperamos contar com convidados muito especiais, que s\u00e3o as fam\u00edlias apucaranenses e tamb\u00e9m de cidades da regi\u00e3o\u201d, convida professora Maria Agar Borba Ferreira, secret\u00e1ria da Promo\u00e7\u00e3o Art\u00edstica, Cultural e Tur\u00edstica da Prefeitura de Apucarana (Promatur).<br \/>\nA recep\u00e7\u00e3o, segundo explica a secret\u00e1ria, integra a Programa\u00e7\u00e3o Cultural SICOOB, do banco SICOOB, em uma promo\u00e7\u00e3o conjunta do Minist\u00e9rio da Cultura, Bancoob, Unicoob Cons\u00f3rcio, Associa\u00e7\u00e3o Comercial, Industrial e de Servi\u00e7os de Apucarana (Acia) e Prefeitura de Apucarana. \u201cAl\u00e9m da chegada do Papel Noel, o momento desta noite contar\u00e1 com o espet\u00e1culo \u201cUm presente de Natal\u201d, da companhia Espa\u00e7o Sou Arte, de Campo Mour\u00e3o\u201d, informa Maria Agar.<br \/>\nO restante da programa\u00e7\u00e3o vai se desenvolver at\u00e9 o dia 21 de dezembro, com autos e cantatas natalinas, apresenta\u00e7\u00f5es da banda municipal pelas ruas centrais, orquestra de c\u00e2mara no Cine Teatro F\u00eanix, entre outras iniciativas. \u201cOnze grandes momentos que v\u00e3o movimentar a cena cultural de Apucarana neste per\u00edodo natalino\u201d, pontua o prefeito Beto Preto. Ele destaca que a prefeitura j\u00e1 decorou as principais ruas do centro e montou a tradicional \u201cAldeia do Noel\u201d, na Pra\u00e7a Rui Barbosa, que abrigar\u00e1 o Bom Velhinho durante as noites de atendimento e oferecer\u00e1 divers\u00e3o \u00e0s crian\u00e7as.<br \/>\nSequ\u00eancia da agenda natalina<br \/>\nNesta quarta-feira (06\/12), Auto de Natal do Col\u00e9gio S\u00e3o Jos\u00e9, com primeira sess\u00e3o \u00e0s 19 horas e segunda sess\u00e3o \u00e0s 20h30. Quinta-feira (07\/12), a partir das 19h30, a Banda Municipal Maestro Jo\u00e3o Florindo da Silva percorre a Avenida Curitiba, Pra\u00e7a Rui Barbosa, Pra\u00e7a Interventor Manoel Ribas, Rua Ponta Grossa e Rua Osvaldo Cruz. Sexta-feira (08\/12), a partir das 20 horas, no Cine Teatro F\u00eanix, com entrada gratuita, tem apresenta\u00e7\u00e3o da Orquestra de C\u00e2mara de Londrina, com o espet\u00e1culo \u201cDo Erudito ao Popular\u201d (ingressos dever\u00e3o ser retirados na bilheteria partir das 19 horas).<br \/>\nNo dia 11, a partir das 19 horas, no plat\u00f4 da Pra\u00e7a Rui Barboxa, apresenta\u00e7\u00f5es art\u00edsticas da EDHUCCA (Escola de Desenvolvimento Humano Casa do Caminho), com teatro, dan\u00e7a urbana, jazz, dan\u00e7a de sal\u00e3o, arte circense, canto coral, flauta e viol\u00e3o.<br \/>\nNo dia 12, \u00e0s 20 horas, no Cine Teatro F\u00eanix, Cantata de Natal do Coral Nossa Senhora Aparecida (ingressos dever\u00e3o ser retirados na bilheteria partir das 19 horas).<br \/>\nNo dia 13, \u00e0s 19 horas, no Polo UAB de Apucarana (Pra\u00e7a Rui Barbosa), Cantata de Natal de Luz da Autarquia Municipal da Educa\u00e7\u00e3o (AME).<br \/>\nNo dia 14, \u00e0s 17 horas, no Plat\u00f4 da Pra\u00e7a Rui Barbosa, Projeto M\u00fasica na Cidade com o m\u00fasico \u00c2ngelo Esmanhoto. Apresenta\u00e7\u00e3o que o artista reedita no dia 15, \u00e0s 11 horas, defronte ao Cine Teatro F\u00eanix.<br \/>\nNo dia 16, \u00e0s 20 horas, na Pra\u00e7a Rui Barbosa, Caravana de Natal \u2013 Projeto Sons e Letras.<br \/>\nNo dia 18 de dezembro, \u00e0s 20h30, acontece o Auto de Natal do CEEBJA &#8211; Avenida Curitiba, 1042 \u2013 (Pr\u00e9dio do CEEBJA) e, no dia 21 de dezembro, a Prefeitura de Apucarana encerra a programa\u00e7\u00e3o cultural natalina, a partir das 19h30, com a Banda Municipal Maestro Jo\u00e3o Florindo da Silva percorrendo mais uma vez as ruas, avenidas e logradouros centrais de Apucarana: Avenida Curitiba, Pra\u00e7a Rui Barbosa, Pra\u00e7a Interventor Manoel Ribas, Rua Ponta Grossa e Rua Osvaldo Cruz.<br \/>\nOutras informa\u00e7\u00f5es sobre a agenda cultural do Natal 2017 em Apucarana podem ser obtidas pelo telefone 3423-2944.<\/p>\n","protected":false},"excerpt":{"rendered":"<p>Agenda cultural organizada pela Promatur ser\u00e1 desenvolvida at\u00e9 o dia 21 de dezembro com eventos para os diversos p\u00fablicos (Foto: Edson Denobi)<\/p>\n","protected":false},"author":4,"featured_media":11549,"comment_status":"closed","ping_status":"open","sticky":false,"template":"","format":"standard","meta":{"footnotes":""},"categories":[24],"tags":[],"class_list":["post-11548","post","type-post","status-publish","format-standard","has-post-thumbnail","hentry","category-noticias"],"acf":[],"_links":{"self":[{"href":"http:\/\/www.apucarana.pr.gov.br\/site\/wp-json\/wp\/v2\/posts\/11548","targetHints":{"allow":["GET"]}}],"collection":[{"href":"http:\/\/www.apucarana.pr.gov.br\/site\/wp-json\/wp\/v2\/posts"}],"about":[{"href":"http:\/\/www.apucarana.pr.gov.br\/site\/wp-json\/wp\/v2\/types\/post"}],"author":[{"embeddable":true,"href":"http:\/\/www.apucarana.pr.gov.br\/site\/wp-json\/wp\/v2\/users\/4"}],"replies":[{"embeddable":true,"href":"http:\/\/www.apucarana.pr.gov.br\/site\/wp-json\/wp\/v2\/comments?post=11548"}],"version-history":[{"count":1,"href":"http:\/\/www.apucarana.pr.gov.br\/site\/wp-json\/wp\/v2\/posts\/11548\/revisions"}],"predecessor-version":[{"id":101816,"href":"http:\/\/www.apucarana.pr.gov.br\/site\/wp-json\/wp\/v2\/posts\/11548\/revisions\/101816"}],"wp:featuredmedia":[{"embeddable":true,"href":"http:\/\/www.apucarana.pr.gov.br\/site\/wp-json\/"}],"wp:attachment":[{"href":"http:\/\/www.apucarana.pr.gov.br\/site\/wp-json\/wp\/v2\/media?parent=11548"}],"wp:term":[{"taxonomy":"category","embeddable":true,"href":"http:\/\/www.apucarana.pr.gov.br\/site\/wp-json\/wp\/v2\/categories?post=11548"},{"taxonomy":"post_tag","embeddable":true,"href":"http:\/\/www.apucarana.pr.gov.br\/site\/wp-json\/wp\/v2\/tags?post=11548"}],"curies":[{"name":"wp","href":"https:\/\/api.w.org\/{rel}","templated":true}]}}