{"id":115157,"date":"2025-07-03T11:23:20","date_gmt":"2025-07-03T14:23:20","guid":{"rendered":"https:\/\/www.apucarana.pr.gov.br\/site\/?p=115157"},"modified":"2025-07-03T11:23:20","modified_gmt":"2025-07-03T14:23:20","slug":"apucarana-promove-conferencia-para-fortalecer-politicas-publicas-de-assistencia-social","status":"publish","type":"post","link":"http:\/\/www.apucarana.pr.gov.br\/site\/apucarana-promove-conferencia-para-fortalecer-politicas-publicas-de-assistencia-social\/","title":{"rendered":"Apucarana promove confer\u00eancia para fortalecer pol\u00edticas p\u00fablicas de Assist\u00eancia Social"},"content":{"rendered":"\n\t\t<!-- MasterSlider -->\n\t\t<div id=\"P_MS69f76f65e5af0\" class=\"master-slider-parent master-slider-gallery   ms-parent-id-0\" style=\"\" >\n\n\t\t\t\n\t\t\t<!-- MasterSlider Main -->\n\t\t\t<div id=\"MS69f76f65e5af0\" class=\"master-slider ms-skin-default\" >\n\t\t\t\t \t\t\t\t \n\t\t\t<div  class=\"ms-slide\" data-delay=\"3\"    >\n\t\t\t\t\t<img decoding=\"async\" src=\"http:\/\/www.apucarana.pr.gov.br\/site\/wp-content\/plugins\/masterslider\/public\/assets\/css\/blank.gif\" alt=\"Confer\u00eancia Municipal (6)\" title=\"Confer\u00eancia Municipal (6)\" data-src=\"http:\/\/www.apucarana.pr.gov.br\/site\/wp-content\/uploads\/2025\/07\/Conferencia-Municipal-6-1024x682.jpg\" \/>\n\t<a href=\"http:\/\/www.apucarana.pr.gov.br\/site\/wp-content\/uploads\/2025\/07\/Conferencia-Municipal-6-1024x682.jpg\" target=\"_self\"    >Confer\u00eancia Municipal (6)<\/a>\n\n\n\t<img decoding=\"async\" class=\"ms-thumb\" src=\"http:\/\/www.apucarana.pr.gov.br\/site\/wp-content\/uploads\/2025\/07\/Conferencia-Municipal-6-1024x682-140x80.jpg\" alt=\"Confer\u00eancia Municipal (6)\" \/>\n\t\t\t\t<\/div>\n\t\t\t<div  class=\"ms-slide\" data-delay=\"3\"    >\n\t\t\t\t\t<img decoding=\"async\" src=\"http:\/\/www.apucarana.pr.gov.br\/site\/wp-content\/plugins\/masterslider\/public\/assets\/css\/blank.gif\" alt=\"Confer\u00eancia Municipal (13)\" title=\"Confer\u00eancia Municipal (13)\" data-src=\"http:\/\/www.apucarana.pr.gov.br\/site\/wp-content\/uploads\/2025\/07\/Conferencia-Municipal-13-1024x683.jpg\" \/>\n\t<a href=\"http:\/\/www.apucarana.pr.gov.br\/site\/wp-content\/uploads\/2025\/07\/Conferencia-Municipal-13-1024x683.jpg\" target=\"_self\"    >Confer\u00eancia Municipal (13)<\/a>\n\n\n\t<img decoding=\"async\" class=\"ms-thumb\" src=\"http:\/\/www.apucarana.pr.gov.br\/site\/wp-content\/uploads\/2025\/07\/Conferencia-Municipal-13-1024x683-140x80.jpg\" alt=\"Confer\u00eancia Municipal (13)\" \/>\n\t\t\t\t<\/div>\n\t\t\t<div  class=\"ms-slide\" data-delay=\"3\"    >\n\t\t\t\t\t<img decoding=\"async\" src=\"http:\/\/www.apucarana.pr.gov.br\/site\/wp-content\/plugins\/masterslider\/public\/assets\/css\/blank.gif\" alt=\"Confer\u00eancia Municipal (22)\" title=\"Confer\u00eancia Municipal (22)\" data-src=\"http:\/\/www.apucarana.pr.gov.br\/site\/wp-content\/uploads\/2025\/07\/Conferencia-Municipal-22-1024x662.jpg\" \/>\n\t<a href=\"http:\/\/www.apucarana.pr.gov.br\/site\/wp-content\/uploads\/2025\/07\/Conferencia-Municipal-22-1024x662.jpg\" target=\"_self\"    >Confer\u00eancia Municipal (22)<\/a>\n\n\n\t<img decoding=\"async\" class=\"ms-thumb\" src=\"http:\/\/www.apucarana.pr.gov.br\/site\/wp-content\/uploads\/2025\/07\/Conferencia-Municipal-22-1024x662-140x80.jpg\" alt=\"Confer\u00eancia Municipal (22)\" \/>\n\t\t\t\t<\/div>\n\t\t\t<div  class=\"ms-slide\" data-delay=\"3\"    >\n\t\t\t\t\t<img decoding=\"async\" src=\"http:\/\/www.apucarana.pr.gov.br\/site\/wp-content\/plugins\/masterslider\/public\/assets\/css\/blank.gif\" alt=\"Confer\u00eancia Municipal (23)\" title=\"Confer\u00eancia Municipal (23)\" data-src=\"http:\/\/www.apucarana.pr.gov.br\/site\/wp-content\/uploads\/2025\/07\/Conferencia-Municipal-23-1024x689.jpg\" \/>\n\t<a href=\"http:\/\/www.apucarana.pr.gov.br\/site\/wp-content\/uploads\/2025\/07\/Conferencia-Municipal-23-1024x689.jpg\" target=\"_self\"    >Confer\u00eancia Municipal (23)<\/a>\n\n\n\t<img decoding=\"async\" class=\"ms-thumb\" src=\"http:\/\/www.apucarana.pr.gov.br\/site\/wp-content\/uploads\/2025\/07\/Conferencia-Municipal-23-1024x689-140x80.jpg\" alt=\"Confer\u00eancia Municipal (23)\" \/>\n\t\t\t\t<\/div>\n\t\t\t<div  class=\"ms-slide\" data-delay=\"3\"    >\n\t\t\t\t\t<img decoding=\"async\" src=\"http:\/\/www.apucarana.pr.gov.br\/site\/wp-content\/plugins\/masterslider\/public\/assets\/css\/blank.gif\" alt=\"Confer\u00eancia Municipal (25)\" title=\"Confer\u00eancia Municipal (25)\" data-src=\"http:\/\/www.apucarana.pr.gov.br\/site\/wp-content\/uploads\/2025\/07\/Conferencia-Municipal-25-1024x705.jpg\" \/>\n\t<a href=\"http:\/\/www.apucarana.pr.gov.br\/site\/wp-content\/uploads\/2025\/07\/Conferencia-Municipal-25-1024x705.jpg\" target=\"_self\"    >Confer\u00eancia Municipal (25)<\/a>\n\n\n\t<img decoding=\"async\" class=\"ms-thumb\" src=\"http:\/\/www.apucarana.pr.gov.br\/site\/wp-content\/uploads\/2025\/07\/Conferencia-Municipal-25-1024x705-140x80.jpg\" alt=\"Confer\u00eancia Municipal (25)\" \/>\n\t\t\t\t<\/div>\n\t\t\t<div  class=\"ms-slide\" data-delay=\"3\"    >\n\t\t\t\t\t<img decoding=\"async\" src=\"http:\/\/www.apucarana.pr.gov.br\/site\/wp-content\/plugins\/masterslider\/public\/assets\/css\/blank.gif\" alt=\"Confer\u00eancia Municipal (39)\" title=\"Confer\u00eancia Municipal (39)\" data-src=\"http:\/\/www.apucarana.pr.gov.br\/site\/wp-content\/uploads\/2025\/07\/Conferencia-Municipal-39-1024x683.jpg\" \/>\n\t<a href=\"http:\/\/www.apucarana.pr.gov.br\/site\/wp-content\/uploads\/2025\/07\/Conferencia-Municipal-39-1024x683.jpg\" target=\"_self\"    >Confer\u00eancia Municipal (39)<\/a>\n\n\n\t<img decoding=\"async\" class=\"ms-thumb\" src=\"http:\/\/www.apucarana.pr.gov.br\/site\/wp-content\/uploads\/2025\/07\/Conferencia-Municipal-39-1024x683-140x80.jpg\" alt=\"Confer\u00eancia Municipal (39)\" \/>\n\t\t\t\t<\/div>\n\t\t\t<div  class=\"ms-slide\" data-delay=\"3\"    >\n\t\t\t\t\t<img decoding=\"async\" src=\"http:\/\/www.apucarana.pr.gov.br\/site\/wp-content\/plugins\/masterslider\/public\/assets\/css\/blank.gif\" alt=\"Confer\u00eancia Municipal (49)\" title=\"Confer\u00eancia Municipal (49)\" data-src=\"http:\/\/www.apucarana.pr.gov.br\/site\/wp-content\/uploads\/2025\/07\/Conferencia-Municipal-49-1024x683.jpg\" \/>\n\t<a href=\"http:\/\/www.apucarana.pr.gov.br\/site\/wp-content\/uploads\/2025\/07\/Conferencia-Municipal-49-1024x683.jpg\" target=\"_self\"    >Confer\u00eancia Municipal (49)<\/a>\n\n\n\t<img decoding=\"async\" class=\"ms-thumb\" src=\"http:\/\/www.apucarana.pr.gov.br\/site\/wp-content\/uploads\/2025\/07\/Conferencia-Municipal-49-1024x683-140x80.jpg\" alt=\"Confer\u00eancia Municipal (49)\" \/>\n\t\t\t\t<\/div>\n\n\t\t\t<\/div>\n\t\t\t<!-- END MasterSlider Main -->\n\n\t\t\t \n\t\t<\/div>\n\t\t<!-- END MasterSlider -->\n\n\t\t<script>\n\t\t( window.MSReady = window.MSReady || [] ).push( function( $ ) {\n\n\t\t\t\"use strict\";\n\t\t\tvar masterslider_5af0 = new MasterSlider();\n\n\t\t\t\/\/ slider controls\n\t\t\tmasterslider_5af0.control('arrows'     ,{ autohide:true, overVideo:true  });\n\t\t\tmasterslider_5af0.control('thumblist'  ,{ autohide:false, overVideo:true, dir:'h', speed:17, inset:false, arrows:false, hover:false, customClass:'', align:'bottom',type:'thumbs', margin:2, width:140, height:80, space:2, fillMode:'fill'  });\n\t\t\t\/\/ slider setup\n\t\t\tmasterslider_5af0.setup(\"MS69f76f65e5af0\", {\n\t\t\t\twidth           : 960,\n\t\t\t\theight          : 540,\n\t\t\t\tminHeight       : 0,\n\t\t\t\tspace           : 0,\n\t\t\t\tstart           : 1,\n\t\t\t\tgrabCursor      : true,\n\t\t\t\tswipe           : true,\n\t\t\t\tmouse           : true,\n\t\t\t\tkeyboard        : false,\n\t\t\t\tlayout          : \"fillwidth\",\n\t\t\t\twheel           : false,\n\t\t\t\tautoplay        : true,\n                instantStartLayers:false,\n\t\t\t\tmobileBGVideo:false,\n\t\t\t\tloop            : true,\n\t\t\t\tshuffle         : false,\n\t\t\t\tpreload         : 3,\n\t\t\t\theightLimit     : false,\n\t\t\t\tautoHeight      : false,\n\t\t\t\tsmoothHeight    : true,\n\t\t\t\tendPause        : false,\n\t\t\t\toverPause       : false,\n\t\t\t\tfillMode        : \"fill\",\n\t\t\t\tcenterControls  : true,\n\t\t\t\tstartOnAppear   : false,\n\t\t\t\tlayersMode      : \"center\",\n\t\t\t\tautofillTarget  : \"\",\n\t\t\t\thideLayers      : false,\n\t\t\t\tfullscreenMargin: 0,\n\t\t\t\tspeed           : 17,\n\t\t\t\tdir             : \"h\",\n\t\t\t\tresponsive      : true,\n\t\t\t\ttabletWidth     : 768,\n\t\t\t\ttabletHeight    : null,\n\t\t\t\tphoneWidth      : 480,\n\t\t\t\tphoneHeight    : null,\n\t\t\t\tsizingReference : window,\n\t\t\t\tparallaxMode    : 'swipe',\n\t\t\t\tview            : \"basic\"\n\t\t\t});\n\n\t\t\t\n\t\t\twindow.masterslider_instances = window.masterslider_instances || [];\n\t\t\twindow.masterslider_instances.push( masterslider_5af0 );\n\t\t});\n\t\t<\/script>\n\n\n<p>A cidade de Apucarana est\u00e1 realizando a 15\u00aa Confer\u00eancia Municipal de Assist\u00eancia Social, com o objetivo de debater e fortalecer as pol\u00edticas p\u00fablicas voltadas \u00e0 prote\u00e7\u00e3o social. A abertura do evento ocorreu na noite desta quarta-feira (2\/7), no Cine Teatro F\u00eanix, e os trabalhos prosseguem ao longo desta quinta-feira (3\/7), na Universidade Estadual do Paran\u00e1 (Unespar).<\/p>\n<p>Com o tema \u201c20 anos do Sistema \u00danico de Assist\u00eancia Social (SUAS): constru\u00e7\u00e3o, prote\u00e7\u00e3o social e resist\u00eancia\u201d, a confer\u00eancia re\u00fane gestores p\u00fablicos, profissionais da \u00e1rea, conselheiros do Conselho Municipal de Assist\u00eancia Social, representantes da sociedade civil organizada e usu\u00e1rios dos servi\u00e7os socioassistenciais.<\/p>\n<p>Segundo a secret\u00e1ria municipal de Assist\u00eancia Social, Fab\u00edola Carrero, o encontro representa uma oportunidade essencial de escuta e participa\u00e7\u00e3o popular. \u201cA confer\u00eancia permite que todos os envolvidos avaliem as a\u00e7\u00f5es existentes, proponham melhorias e contribuam para o fortalecimento das pol\u00edticas de assist\u00eancia social em nossa cidade. \u00c9 um espa\u00e7o democr\u00e1tico de constru\u00e7\u00e3o coletiva, fundamental para garantir direitos e proteger aqueles que mais precisam,\u201d destacou.<\/p>\n<p>O prefeito Rodolfo Mota refor\u00e7ou o compromisso de sua gest\u00e3o com o cuidado \u00e0s pessoas. \u201cPara cuidar das pessoas \u00e9 necess\u00e1rio, antes de tudo, ouvi-las. Em Apucarana, temos trabalhado com firmeza para assegurar qualidade de vida a todos: crian\u00e7as, mulheres, idosos e demais p\u00fablicos,\u201d afirmou.<\/p>\n<p>A confer\u00eancia foi aberta com a palestra magna \u201cDesafios e perspectivas para a reconstru\u00e7\u00e3o do SUAS nos territ\u00f3rios\u201d, ministrada pela professora Milene Secon, doutora em Servi\u00e7o Social e Pol\u00edtica Social pela Universidade Estadual de Londrina (UEL). Durante sua apresenta\u00e7\u00e3o, ela ressaltou os 20 anos de trajet\u00f3ria do SUAS, enfatizando que a assist\u00eancia social \u00e9 um direito universal e um dever do Estado.<\/p>\n<p>Ao longo da programa\u00e7\u00e3o, os participantes est\u00e3o discutindo propostas e devem eleger os delegados que representar\u00e3o o munic\u00edpio na 15\u00aa Confer\u00eancia Estadual de Assist\u00eancia Social, prevista para outubro, em Foz do Igua\u00e7u.<\/p>\n<p>\u201cN\u00f3s estamos muito felizes com a realiza\u00e7\u00e3o deste encontro municipal porque, com certeza, teremos a constru\u00e7\u00e3o de uma Assist\u00eancia Social com mais dignidade para todos,\u201d acrescentou a secret\u00e1ria Fab\u00edola Carrero.<\/p>\n<p>Acompanharam a abertura da 15\u00aa Confer\u00eancia Municipal de Assist\u00eancia Social, na noite de ontem (2\/7), no Cine Teatro F\u00eanix, o vice-prefeito Marcos da Vila Reis, a primeira-dama e secret\u00e1ria municipal da Mulher e Assuntos da Fam\u00edlia, Karine Mota e os vereadores Mois\u00e9s Tavares e Guilherme Livoti, entre outras autoridades.<\/p>\n","protected":false},"excerpt":{"rendered":"<p>A cidade de Apucarana est&aacute; realizando a 15&ordf; Confer&ecirc;ncia Municipal de Assist&ecirc;ncia Social, com o objetivo de debater e fortalecer as pol&iacute;ticas p&uacute;blicas voltadas &agrave; prote&ccedil;&atilde;o social. A abertura do evento ocorreu na noite desta quarta-feira (2\/7), no Cine Teatro F&ecirc;nix, e os trabalhos prosseguem ao longo desta quinta-feira (3\/7), na Universidade Estadual do Paran&aacute; [&hellip;]<\/p>\n","protected":false},"author":8,"featured_media":115158,"comment_status":"closed","ping_status":"closed","sticky":false,"template":"","format":"standard","meta":{"footnotes":""},"categories":[24],"tags":[],"class_list":["post-115157","post","type-post","status-publish","format-standard","has-post-thumbnail","hentry","category-noticias"],"acf":[],"_links":{"self":[{"href":"http:\/\/www.apucarana.pr.gov.br\/site\/wp-json\/wp\/v2\/posts\/115157","targetHints":{"allow":["GET"]}}],"collection":[{"href":"http:\/\/www.apucarana.pr.gov.br\/site\/wp-json\/wp\/v2\/posts"}],"about":[{"href":"http:\/\/www.apucarana.pr.gov.br\/site\/wp-json\/wp\/v2\/types\/post"}],"author":[{"embeddable":true,"href":"http:\/\/www.apucarana.pr.gov.br\/site\/wp-json\/wp\/v2\/users\/8"}],"replies":[{"embeddable":true,"href":"http:\/\/www.apucarana.pr.gov.br\/site\/wp-json\/wp\/v2\/comments?post=115157"}],"version-history":[{"count":1,"href":"http:\/\/www.apucarana.pr.gov.br\/site\/wp-json\/wp\/v2\/posts\/115157\/revisions"}],"predecessor-version":[{"id":115165,"href":"http:\/\/www.apucarana.pr.gov.br\/site\/wp-json\/wp\/v2\/posts\/115157\/revisions\/115165"}],"wp:featuredmedia":[{"embeddable":true,"href":"http:\/\/www.apucarana.pr.gov.br\/site\/wp-json\/wp\/v2\/media\/115158"}],"wp:attachment":[{"href":"http:\/\/www.apucarana.pr.gov.br\/site\/wp-json\/wp\/v2\/media?parent=115157"}],"wp:term":[{"taxonomy":"category","embeddable":true,"href":"http:\/\/www.apucarana.pr.gov.br\/site\/wp-json\/wp\/v2\/categories?post=115157"},{"taxonomy":"post_tag","embeddable":true,"href":"http:\/\/www.apucarana.pr.gov.br\/site\/wp-json\/wp\/v2\/tags?post=115157"}],"curies":[{"name":"wp","href":"https:\/\/api.w.org\/{rel}","templated":true}]}}