{"id":115142,"date":"2025-07-02T16:52:32","date_gmt":"2025-07-02T19:52:32","guid":{"rendered":"https:\/\/www.apucarana.pr.gov.br\/site\/?p=115142"},"modified":"2025-07-02T16:52:32","modified_gmt":"2025-07-02T19:52:32","slug":"cemsa-recebe-visita-de-estudantes-da-rede-municipal-de-apucarana","status":"publish","type":"post","link":"http:\/\/www.apucarana.pr.gov.br\/site\/cemsa-recebe-visita-de-estudantes-da-rede-municipal-de-apucarana\/","title":{"rendered":"CEMSA recebe visita de estudantes da rede municipal de Apucarana"},"content":{"rendered":"\n\t\t<!-- MasterSlider -->\n\t\t<div id=\"P_MS69f7647bdfd53\" class=\"master-slider-parent master-slider-gallery   ms-parent-id-0\" style=\"\" >\n\n\t\t\t\n\t\t\t<!-- MasterSlider Main -->\n\t\t\t<div id=\"MS69f7647bdfd53\" class=\"master-slider ms-skin-default\" >\n\t\t\t\t \t\t\t\t \n\t\t\t<div  class=\"ms-slide\" data-delay=\"3\"    >\n\t\t\t\t\t<img decoding=\"async\" src=\"http:\/\/www.apucarana.pr.gov.br\/site\/wp-content\/plugins\/masterslider\/public\/assets\/css\/blank.gif\" alt=\"IMG_8754\" title=\"IMG_8754\" data-src=\"http:\/\/www.apucarana.pr.gov.br\/site\/wp-content\/uploads\/2025\/07\/IMG_8754-1024x768.jpg\" \/>\n\t<a href=\"http:\/\/www.apucarana.pr.gov.br\/site\/wp-content\/uploads\/2025\/07\/IMG_8754-1024x768.jpg\" target=\"_self\"    >IMG_8754<\/a>\n\n\n\t<img decoding=\"async\" class=\"ms-thumb\" src=\"http:\/\/www.apucarana.pr.gov.br\/site\/wp-content\/uploads\/2025\/07\/IMG_8754-1024x768-140x80.jpg\" alt=\"IMG_8754\" \/>\n\t\t\t\t<\/div>\n\t\t\t<div  class=\"ms-slide\" data-delay=\"3\"    >\n\t\t\t\t\t<img decoding=\"async\" src=\"http:\/\/www.apucarana.pr.gov.br\/site\/wp-content\/plugins\/masterslider\/public\/assets\/css\/blank.gif\" alt=\"IMG_8757\" title=\"IMG_8757\" data-src=\"http:\/\/www.apucarana.pr.gov.br\/site\/wp-content\/uploads\/2025\/07\/IMG_8757-1024x768.jpg\" \/>\n\t<a href=\"http:\/\/www.apucarana.pr.gov.br\/site\/wp-content\/uploads\/2025\/07\/IMG_8757-1024x768.jpg\" target=\"_self\"    >IMG_8757<\/a>\n\n\n\t<img decoding=\"async\" class=\"ms-thumb\" src=\"http:\/\/www.apucarana.pr.gov.br\/site\/wp-content\/uploads\/2025\/07\/IMG_8757-1024x768-140x80.jpg\" alt=\"IMG_8757\" \/>\n\t\t\t\t<\/div>\n\t\t\t<div  class=\"ms-slide\" data-delay=\"3\"    >\n\t\t\t\t\t<img decoding=\"async\" src=\"http:\/\/www.apucarana.pr.gov.br\/site\/wp-content\/plugins\/masterslider\/public\/assets\/css\/blank.gif\" alt=\"IMG_8764\" title=\"IMG_8764\" data-src=\"http:\/\/www.apucarana.pr.gov.br\/site\/wp-content\/uploads\/2025\/07\/IMG_8764-1024x768.jpg\" \/>\n\t<a href=\"http:\/\/www.apucarana.pr.gov.br\/site\/wp-content\/uploads\/2025\/07\/IMG_8764-1024x768.jpg\" target=\"_self\"    >IMG_8764<\/a>\n\n\n\t<img decoding=\"async\" class=\"ms-thumb\" src=\"http:\/\/www.apucarana.pr.gov.br\/site\/wp-content\/uploads\/2025\/07\/IMG_8764-1024x768-140x80.jpg\" alt=\"IMG_8764\" \/>\n\t\t\t\t<\/div>\n\t\t\t<div  class=\"ms-slide\" data-delay=\"3\"    >\n\t\t\t\t\t<img decoding=\"async\" src=\"http:\/\/www.apucarana.pr.gov.br\/site\/wp-content\/plugins\/masterslider\/public\/assets\/css\/blank.gif\" alt=\"IMG_8781\" title=\"IMG_8781\" data-src=\"http:\/\/www.apucarana.pr.gov.br\/site\/wp-content\/uploads\/2025\/07\/IMG_8781-1024x768.jpg\" \/>\n\t<a href=\"http:\/\/www.apucarana.pr.gov.br\/site\/wp-content\/uploads\/2025\/07\/IMG_8781-1024x768.jpg\" target=\"_self\"    >IMG_8781<\/a>\n\n\n\t<img decoding=\"async\" class=\"ms-thumb\" src=\"http:\/\/www.apucarana.pr.gov.br\/site\/wp-content\/uploads\/2025\/07\/IMG_8781-1024x768-140x80.jpg\" alt=\"IMG_8781\" \/>\n\t\t\t\t<\/div>\n\t\t\t<div  class=\"ms-slide\" data-delay=\"3\"    >\n\t\t\t\t\t<img decoding=\"async\" src=\"http:\/\/www.apucarana.pr.gov.br\/site\/wp-content\/plugins\/masterslider\/public\/assets\/css\/blank.gif\" alt=\"IMG_8787\" title=\"IMG_8787\" data-src=\"http:\/\/www.apucarana.pr.gov.br\/site\/wp-content\/uploads\/2025\/07\/IMG_8787-1024x768.jpg\" \/>\n\t<a href=\"http:\/\/www.apucarana.pr.gov.br\/site\/wp-content\/uploads\/2025\/07\/IMG_8787-1024x768.jpg\" target=\"_self\"    >IMG_8787<\/a>\n\n\n\t<img decoding=\"async\" class=\"ms-thumb\" src=\"http:\/\/www.apucarana.pr.gov.br\/site\/wp-content\/uploads\/2025\/07\/IMG_8787-1024x768-140x80.jpg\" alt=\"IMG_8787\" \/>\n\t\t\t\t<\/div>\n\t\t\t<div  class=\"ms-slide\" data-delay=\"3\"    >\n\t\t\t\t\t<img decoding=\"async\" src=\"http:\/\/www.apucarana.pr.gov.br\/site\/wp-content\/plugins\/masterslider\/public\/assets\/css\/blank.gif\" alt=\"IMG_8795\" title=\"IMG_8795\" data-src=\"http:\/\/www.apucarana.pr.gov.br\/site\/wp-content\/uploads\/2025\/07\/IMG_8795-1024x768.jpg\" \/>\n\t<a href=\"http:\/\/www.apucarana.pr.gov.br\/site\/wp-content\/uploads\/2025\/07\/IMG_8795-1024x768.jpg\" target=\"_self\"    >IMG_8795<\/a>\n\n\n\t<img decoding=\"async\" class=\"ms-thumb\" src=\"http:\/\/www.apucarana.pr.gov.br\/site\/wp-content\/uploads\/2025\/07\/IMG_8795-1024x768-140x80.jpg\" alt=\"IMG_8795\" \/>\n\t\t\t\t<\/div>\n\t\t\t<div  class=\"ms-slide\" data-delay=\"3\"    >\n\t\t\t\t\t<img decoding=\"async\" src=\"http:\/\/www.apucarana.pr.gov.br\/site\/wp-content\/plugins\/masterslider\/public\/assets\/css\/blank.gif\" alt=\"IMG_8801\" title=\"IMG_8801\" data-src=\"http:\/\/www.apucarana.pr.gov.br\/site\/wp-content\/uploads\/2025\/07\/IMG_8801-1024x768.jpg\" \/>\n\t<a href=\"http:\/\/www.apucarana.pr.gov.br\/site\/wp-content\/uploads\/2025\/07\/IMG_8801-1024x768.jpg\" target=\"_self\"    >IMG_8801<\/a>\n\n\n\t<img decoding=\"async\" class=\"ms-thumb\" src=\"http:\/\/www.apucarana.pr.gov.br\/site\/wp-content\/uploads\/2025\/07\/IMG_8801-1024x768-140x80.jpg\" alt=\"IMG_8801\" \/>\n\t\t\t\t<\/div>\n\t\t\t<div  class=\"ms-slide\" data-delay=\"3\"    >\n\t\t\t\t\t<img decoding=\"async\" src=\"http:\/\/www.apucarana.pr.gov.br\/site\/wp-content\/plugins\/masterslider\/public\/assets\/css\/blank.gif\" alt=\"IMG_8802\" title=\"IMG_8802\" data-src=\"http:\/\/www.apucarana.pr.gov.br\/site\/wp-content\/uploads\/2025\/07\/IMG_8802-1024x768.jpg\" \/>\n\t<a href=\"http:\/\/www.apucarana.pr.gov.br\/site\/wp-content\/uploads\/2025\/07\/IMG_8802-1024x768.jpg\" target=\"_self\"    >IMG_8802<\/a>\n\n\n\t<img decoding=\"async\" class=\"ms-thumb\" src=\"http:\/\/www.apucarana.pr.gov.br\/site\/wp-content\/uploads\/2025\/07\/IMG_8802-1024x768-140x80.jpg\" alt=\"IMG_8802\" \/>\n\t\t\t\t<\/div>\n\t\t\t<div  class=\"ms-slide\" data-delay=\"3\"    >\n\t\t\t\t\t<img decoding=\"async\" src=\"http:\/\/www.apucarana.pr.gov.br\/site\/wp-content\/plugins\/masterslider\/public\/assets\/css\/blank.gif\" alt=\"IMG_8804\" title=\"IMG_8804\" data-src=\"http:\/\/www.apucarana.pr.gov.br\/site\/wp-content\/uploads\/2025\/07\/IMG_8804-1024x768.jpg\" \/>\n\t<a href=\"http:\/\/www.apucarana.pr.gov.br\/site\/wp-content\/uploads\/2025\/07\/IMG_8804-1024x768.jpg\" target=\"_self\"    >IMG_8804<\/a>\n\n\n\t<img decoding=\"async\" class=\"ms-thumb\" src=\"http:\/\/www.apucarana.pr.gov.br\/site\/wp-content\/uploads\/2025\/07\/IMG_8804-1024x768-140x80.jpg\" alt=\"IMG_8804\" \/>\n\t\t\t\t<\/div>\n\n\t\t\t<\/div>\n\t\t\t<!-- END MasterSlider Main -->\n\n\t\t\t \n\t\t<\/div>\n\t\t<!-- END MasterSlider -->\n\n\t\t<script>\n\t\t( window.MSReady = window.MSReady || [] ).push( function( $ ) {\n\n\t\t\t\"use strict\";\n\t\t\tvar masterslider_fd53 = new MasterSlider();\n\n\t\t\t\/\/ slider controls\n\t\t\tmasterslider_fd53.control('arrows'     ,{ autohide:true, overVideo:true  });\n\t\t\tmasterslider_fd53.control('thumblist'  ,{ autohide:false, overVideo:true, dir:'h', speed:17, inset:false, arrows:false, hover:false, customClass:'', align:'bottom',type:'thumbs', margin:2, width:140, height:80, space:2, fillMode:'fill'  });\n\t\t\t\/\/ slider setup\n\t\t\tmasterslider_fd53.setup(\"MS69f7647bdfd53\", {\n\t\t\t\twidth           : 960,\n\t\t\t\theight          : 540,\n\t\t\t\tminHeight       : 0,\n\t\t\t\tspace           : 0,\n\t\t\t\tstart           : 1,\n\t\t\t\tgrabCursor      : true,\n\t\t\t\tswipe           : true,\n\t\t\t\tmouse           : true,\n\t\t\t\tkeyboard        : false,\n\t\t\t\tlayout          : \"fillwidth\",\n\t\t\t\twheel           : false,\n\t\t\t\tautoplay        : true,\n                instantStartLayers:false,\n\t\t\t\tmobileBGVideo:false,\n\t\t\t\tloop            : true,\n\t\t\t\tshuffle         : false,\n\t\t\t\tpreload         : 3,\n\t\t\t\theightLimit     : false,\n\t\t\t\tautoHeight      : false,\n\t\t\t\tsmoothHeight    : true,\n\t\t\t\tendPause        : false,\n\t\t\t\toverPause       : false,\n\t\t\t\tfillMode        : \"fill\",\n\t\t\t\tcenterControls  : true,\n\t\t\t\tstartOnAppear   : false,\n\t\t\t\tlayersMode      : \"center\",\n\t\t\t\tautofillTarget  : \"\",\n\t\t\t\thideLayers      : false,\n\t\t\t\tfullscreenMargin: 0,\n\t\t\t\tspeed           : 17,\n\t\t\t\tdir             : \"h\",\n\t\t\t\tresponsive      : true,\n\t\t\t\ttabletWidth     : 768,\n\t\t\t\ttabletHeight    : null,\n\t\t\t\tphoneWidth      : 480,\n\t\t\t\tphoneHeight    : null,\n\t\t\t\tsizingReference : window,\n\t\t\t\tparallaxMode    : 'swipe',\n\t\t\t\tview            : \"basic\"\n\t\t\t});\n\n\t\t\t\n\t\t\twindow.masterslider_instances = window.masterslider_instances || [];\n\t\t\twindow.masterslider_instances.push( masterslider_fd53 );\n\t\t});\n\t\t<\/script>\n\n\n<p>Na tarde desta quarta-feira (2\/7), os alunos do 2\u00ba ano das escolas municipais Professora Marta Pereira da Silva (Jardim Menegazzo) e Professora Maria Madalena C\u00f4co (Vila Martins) vivenciaram uma experi\u00eancia diferente. Eles visitaram a sede do Centro Municipal de Sa\u00fade Animal (CEMSA), onde tiveram a oportunidade de conhecer o trabalho desenvolvido no resgate, reabilita\u00e7\u00e3o e ado\u00e7\u00e3o de c\u00e3es e gatos. A visita faz parte de uma parceria entre a Autarquia Municipal de Sa\u00fade e a Autarquia Municipal de Educa\u00e7\u00e3o, por meio do Programa Sa\u00fade na Escola (PSE).<\/p>\n<p>De acordo com o diretor do CEMSA, o bi\u00f3logo Fernando Felippe, o objetivo principal da a\u00e7\u00e3o \u00e9 sensibilizar as crian\u00e7as sobre a responsabilidade envolvida na ado\u00e7\u00e3o de um animal. &#8220;Durante os seis meses em que estou \u00e0 frente do CEMSA, percebi que muitas pessoas, ao adotarem um animal, desconhecem o tempo de vida que ele pode ter, al\u00e9m dos cuidados e despesas que exigem. Este trabalho de conscientiza\u00e7\u00e3o ambiental com as crian\u00e7as \u00e9 fundamental para reduzirmos o n\u00famero de animais abandonados no futuro&#8221;, explicou.<\/p>\n<p>A coordenadora do PSE na Autarquia de Sa\u00fade, enfermeira Sabrina Menegazzo Candeo Marchi, destacou que todos os estudantes do 2\u00ba ano das 36 escolas municipais de Apucarana participar\u00e3o das visitas ao CEMSA. &#8220;Hoje iniciamos o projeto com a visita dessas duas escolas. As demais tamb\u00e9m ter\u00e3o sua vez. As visitas ocorrer\u00e3o sempre \u00e0s quartas-feiras, ao longo do segundo semestre letivo&#8221;, afirmou Sabrina.<\/p>\n<p>Atualmente, o CEMSA abriga cerca de 160 animais, entre c\u00e3es e gatos. &#8220;Quando assumi a dire\u00e7\u00e3o do CEMSA, o n\u00famero de animais era de 230. No entanto, gra\u00e7as a um intenso trabalho de divulga\u00e7\u00e3o nas redes sociais, muitas pessoas est\u00e3o nos procurando para adotar. Sempre que um interessado aparece, conversamos detalhadamente, explicando os deveres da ado\u00e7\u00e3o e os cuidados com os maus-tratos. Se percebemos que a pessoa est\u00e1 preparada, formalizamos a ado\u00e7\u00e3o com a assinatura de um termo de responsabilidade&#8221;, explicou o diretor.<\/p>\n<p>Durante a visita, al\u00e9m de conhecerem os c\u00e3es e gatos abrigados no CEMSA, os estudantes tamb\u00e9m tiveram a chance de interagir com uma Coruja de Igreja e duas cobras n\u00e3o pe\u00e7onhentas, sendo uma jiboia arco-\u00edris e uma jiboia ocidental. &#8220;Trouxe esses animais silvestres, que s\u00e3o meus de estima\u00e7\u00e3o, legalizados pelo Ibama, para despertar ainda mais a curiosidade das crian\u00e7as e incentiv\u00e1-las a compartilhar, em casa, os conhecimentos adquiridos aqui&#8221;, concluiu Fernando Felippe.<\/p>\n","protected":false},"excerpt":{"rendered":"<p>Na tarde desta quarta-feira (2\/7), os alunos do 2&ordm; ano das escolas municipais Professora Marta Pereira da Silva (Jardim Menegazzo) e Professora Maria Madalena C&ocirc;co (Vila Martins) vivenciaram uma experi&ecirc;ncia diferente. Eles visitaram a sede do Centro Municipal de Sa&uacute;de Animal (CEMSA), onde tiveram a oportunidade de conhecer o trabalho desenvolvido no resgate, reabilita&ccedil;&atilde;o e [&hellip;]<\/p>\n","protected":false},"author":8,"featured_media":115152,"comment_status":"closed","ping_status":"closed","sticky":false,"template":"","format":"standard","meta":{"footnotes":""},"categories":[24],"tags":[],"class_list":["post-115142","post","type-post","status-publish","format-standard","has-post-thumbnail","hentry","category-noticias"],"acf":[],"_links":{"self":[{"href":"http:\/\/www.apucarana.pr.gov.br\/site\/wp-json\/wp\/v2\/posts\/115142","targetHints":{"allow":["GET"]}}],"collection":[{"href":"http:\/\/www.apucarana.pr.gov.br\/site\/wp-json\/wp\/v2\/posts"}],"about":[{"href":"http:\/\/www.apucarana.pr.gov.br\/site\/wp-json\/wp\/v2\/types\/post"}],"author":[{"embeddable":true,"href":"http:\/\/www.apucarana.pr.gov.br\/site\/wp-json\/wp\/v2\/users\/8"}],"replies":[{"embeddable":true,"href":"http:\/\/www.apucarana.pr.gov.br\/site\/wp-json\/wp\/v2\/comments?post=115142"}],"version-history":[{"count":1,"href":"http:\/\/www.apucarana.pr.gov.br\/site\/wp-json\/wp\/v2\/posts\/115142\/revisions"}],"predecessor-version":[{"id":115153,"href":"http:\/\/www.apucarana.pr.gov.br\/site\/wp-json\/wp\/v2\/posts\/115142\/revisions\/115153"}],"wp:featuredmedia":[{"embeddable":true,"href":"http:\/\/www.apucarana.pr.gov.br\/site\/wp-json\/wp\/v2\/media\/115152"}],"wp:attachment":[{"href":"http:\/\/www.apucarana.pr.gov.br\/site\/wp-json\/wp\/v2\/media?parent=115142"}],"wp:term":[{"taxonomy":"category","embeddable":true,"href":"http:\/\/www.apucarana.pr.gov.br\/site\/wp-json\/wp\/v2\/categories?post=115142"},{"taxonomy":"post_tag","embeddable":true,"href":"http:\/\/www.apucarana.pr.gov.br\/site\/wp-json\/wp\/v2\/tags?post=115142"}],"curies":[{"name":"wp","href":"https:\/\/api.w.org\/{rel}","templated":true}]}}