{"id":115131,"date":"2025-07-02T16:13:10","date_gmt":"2025-07-02T19:13:10","guid":{"rendered":"https:\/\/www.apucarana.pr.gov.br\/site\/?p=115131"},"modified":"2025-07-03T17:40:06","modified_gmt":"2025-07-03T20:40:06","slug":"prefeitura-anuncia-prorrogacao-do-refis-por-mais-60-dias-em-apucarana-e-mantem-condicoes-facilitadas-de-pagamento","status":"publish","type":"post","link":"http:\/\/www.apucarana.pr.gov.br\/site\/prefeitura-anuncia-prorrogacao-do-refis-por-mais-60-dias-em-apucarana-e-mantem-condicoes-facilitadas-de-pagamento\/","title":{"rendered":"Prefeitura anuncia prorroga\u00e7\u00e3o do REFIS por mais 60 dias  em Apucarana e mant\u00e9m condi\u00e7\u00f5es facilitadas de pagamento"},"content":{"rendered":"\n\t\t<!-- MasterSlider -->\n\t\t<div id=\"P_MS69f76f661c525\" class=\"master-slider-parent master-slider-gallery   ms-parent-id-0\" style=\"\" >\n\n\t\t\t\n\t\t\t<!-- MasterSlider Main -->\n\t\t\t<div id=\"MS69f76f661c525\" class=\"master-slider ms-skin-default\" >\n\t\t\t\t \t\t\t\t \n\t\t\t<div  class=\"ms-slide\" data-delay=\"3\"    >\n\t\t\t\t\t<img decoding=\"async\" src=\"http:\/\/www.apucarana.pr.gov.br\/site\/wp-content\/plugins\/masterslider\/public\/assets\/css\/blank.gif\" alt=\"Refis (1)\" title=\"Refis (1)\" data-src=\"http:\/\/www.apucarana.pr.gov.br\/site\/wp-content\/uploads\/2025\/07\/Refis-1-1024x683.jpg\" \/>\n\t<a href=\"http:\/\/www.apucarana.pr.gov.br\/site\/wp-content\/uploads\/2025\/07\/Refis-1-1024x683.jpg\" target=\"_self\"    >Refis (1)<\/a>\n\n\n\t<img decoding=\"async\" class=\"ms-thumb\" src=\"http:\/\/www.apucarana.pr.gov.br\/site\/wp-content\/uploads\/2025\/07\/Refis-1-1024x683-140x80.jpg\" alt=\"Refis (1)\" \/>\n\t\t\t\t<\/div>\n\t\t\t<div  class=\"ms-slide\" data-delay=\"3\"    >\n\t\t\t\t\t<img decoding=\"async\" src=\"http:\/\/www.apucarana.pr.gov.br\/site\/wp-content\/plugins\/masterslider\/public\/assets\/css\/blank.gif\" alt=\"Refis (6)\" title=\"Refis (6)\" data-src=\"http:\/\/www.apucarana.pr.gov.br\/site\/wp-content\/uploads\/2025\/07\/Refis-6-1024x683.jpg\" \/>\n\t<a href=\"http:\/\/www.apucarana.pr.gov.br\/site\/wp-content\/uploads\/2025\/07\/Refis-6-1024x683.jpg\" target=\"_self\"    >Refis (6)<\/a>\n\n\n\t<img decoding=\"async\" class=\"ms-thumb\" src=\"http:\/\/www.apucarana.pr.gov.br\/site\/wp-content\/uploads\/2025\/07\/Refis-6-1024x683-140x80.jpg\" alt=\"Refis (6)\" \/>\n\t\t\t\t<\/div>\n\t\t\t<div  class=\"ms-slide\" data-delay=\"3\"    >\n\t\t\t\t\t<img decoding=\"async\" src=\"http:\/\/www.apucarana.pr.gov.br\/site\/wp-content\/plugins\/masterslider\/public\/assets\/css\/blank.gif\" alt=\"Refis (7)\" title=\"Refis (7)\" data-src=\"http:\/\/www.apucarana.pr.gov.br\/site\/wp-content\/uploads\/2025\/07\/Refis-7-1024x683.jpg\" \/>\n\t<a href=\"http:\/\/www.apucarana.pr.gov.br\/site\/wp-content\/uploads\/2025\/07\/Refis-7-1024x683.jpg\" target=\"_self\"    >Refis (7)<\/a>\n\n\n\t<img decoding=\"async\" class=\"ms-thumb\" src=\"http:\/\/www.apucarana.pr.gov.br\/site\/wp-content\/uploads\/2025\/07\/Refis-7-1024x683-140x80.jpg\" alt=\"Refis (7)\" \/>\n\t\t\t\t<\/div>\n\t\t\t<div  class=\"ms-slide\" data-delay=\"3\"    >\n\t\t\t\t\t<img decoding=\"async\" src=\"http:\/\/www.apucarana.pr.gov.br\/site\/wp-content\/plugins\/masterslider\/public\/assets\/css\/blank.gif\" alt=\"Refis (10)\" title=\"Refis (10)\" data-src=\"http:\/\/www.apucarana.pr.gov.br\/site\/wp-content\/uploads\/2025\/07\/Refis-10-1024x674.jpg\" \/>\n\t<a href=\"http:\/\/www.apucarana.pr.gov.br\/site\/wp-content\/uploads\/2025\/07\/Refis-10-1024x674.jpg\" target=\"_self\"    >Refis (10)<\/a>\n\n\n\t<img decoding=\"async\" class=\"ms-thumb\" src=\"http:\/\/www.apucarana.pr.gov.br\/site\/wp-content\/uploads\/2025\/07\/Refis-10-1024x674-140x80.jpg\" alt=\"Refis (10)\" \/>\n\t\t\t\t<\/div>\n\t\t\t<div  class=\"ms-slide\" data-delay=\"3\"    >\n\t\t\t\t\t<img decoding=\"async\" src=\"http:\/\/www.apucarana.pr.gov.br\/site\/wp-content\/plugins\/masterslider\/public\/assets\/css\/blank.gif\" alt=\"Refis (19)\" title=\"Refis (19)\" data-src=\"http:\/\/www.apucarana.pr.gov.br\/site\/wp-content\/uploads\/2025\/07\/Refis-19-1024x683.jpg\" \/>\n\t<a href=\"http:\/\/www.apucarana.pr.gov.br\/site\/wp-content\/uploads\/2025\/07\/Refis-19-1024x683.jpg\" target=\"_self\"    >Refis (19)<\/a>\n\n\n\t<img decoding=\"async\" class=\"ms-thumb\" src=\"http:\/\/www.apucarana.pr.gov.br\/site\/wp-content\/uploads\/2025\/07\/Refis-19-1024x683-140x80.jpg\" alt=\"Refis (19)\" \/>\n\t\t\t\t<\/div>\n\t\t\t<div  class=\"ms-slide\" data-delay=\"3\"    >\n\t\t\t\t\t<img decoding=\"async\" src=\"http:\/\/www.apucarana.pr.gov.br\/site\/wp-content\/plugins\/masterslider\/public\/assets\/css\/blank.gif\" alt=\"Refis (20)\" title=\"Refis (20)\" data-src=\"http:\/\/www.apucarana.pr.gov.br\/site\/wp-content\/uploads\/2025\/07\/Refis-20-1024x621.jpg\" \/>\n\t<a href=\"http:\/\/www.apucarana.pr.gov.br\/site\/wp-content\/uploads\/2025\/07\/Refis-20-1024x621.jpg\" target=\"_self\"    >Refis (20)<\/a>\n\n\n\t<img decoding=\"async\" class=\"ms-thumb\" src=\"http:\/\/www.apucarana.pr.gov.br\/site\/wp-content\/uploads\/2025\/07\/Refis-20-1024x621-140x80.jpg\" alt=\"Refis (20)\" \/>\n\t\t\t\t<\/div>\n\n\t\t\t<\/div>\n\t\t\t<!-- END MasterSlider Main -->\n\n\t\t\t \n\t\t<\/div>\n\t\t<!-- END MasterSlider -->\n\n\t\t<script>\n\t\t( window.MSReady = window.MSReady || [] ).push( function( $ ) {\n\n\t\t\t\"use strict\";\n\t\t\tvar masterslider_c525 = new MasterSlider();\n\n\t\t\t\/\/ slider controls\n\t\t\tmasterslider_c525.control('arrows'     ,{ autohide:true, overVideo:true  });\n\t\t\tmasterslider_c525.control('thumblist'  ,{ autohide:false, overVideo:true, dir:'h', speed:17, inset:false, arrows:false, hover:false, customClass:'', align:'bottom',type:'thumbs', margin:2, width:140, height:80, space:2, fillMode:'fill'  });\n\t\t\t\/\/ slider setup\n\t\t\tmasterslider_c525.setup(\"MS69f76f661c525\", {\n\t\t\t\twidth           : 960,\n\t\t\t\theight          : 540,\n\t\t\t\tminHeight       : 0,\n\t\t\t\tspace           : 0,\n\t\t\t\tstart           : 1,\n\t\t\t\tgrabCursor      : true,\n\t\t\t\tswipe           : true,\n\t\t\t\tmouse           : true,\n\t\t\t\tkeyboard        : false,\n\t\t\t\tlayout          : \"fillwidth\",\n\t\t\t\twheel           : false,\n\t\t\t\tautoplay        : true,\n                instantStartLayers:false,\n\t\t\t\tmobileBGVideo:false,\n\t\t\t\tloop            : true,\n\t\t\t\tshuffle         : false,\n\t\t\t\tpreload         : 3,\n\t\t\t\theightLimit     : false,\n\t\t\t\tautoHeight      : false,\n\t\t\t\tsmoothHeight    : true,\n\t\t\t\tendPause        : false,\n\t\t\t\toverPause       : false,\n\t\t\t\tfillMode        : \"fill\",\n\t\t\t\tcenterControls  : true,\n\t\t\t\tstartOnAppear   : false,\n\t\t\t\tlayersMode      : \"center\",\n\t\t\t\tautofillTarget  : \"\",\n\t\t\t\thideLayers      : false,\n\t\t\t\tfullscreenMargin: 0,\n\t\t\t\tspeed           : 17,\n\t\t\t\tdir             : \"h\",\n\t\t\t\tresponsive      : true,\n\t\t\t\ttabletWidth     : 768,\n\t\t\t\ttabletHeight    : null,\n\t\t\t\tphoneWidth      : 480,\n\t\t\t\tphoneHeight    : null,\n\t\t\t\tsizingReference : window,\n\t\t\t\tparallaxMode    : 'swipe',\n\t\t\t\tview            : \"basic\"\n\t\t\t});\n\n\t\t\t\n\t\t\twindow.masterslider_instances = window.masterslider_instances || [];\n\t\t\twindow.masterslider_instances.push( masterslider_c525 );\n\t\t});\n\t\t<\/script>\n\n\n<p>O Programa Especial de Recupera\u00e7\u00e3o Fiscal (Refis 2025), direcionado a atender contribuintes interessados em regularizar d\u00e9bitos com a Prefeitura de Apucarana, ser\u00e1 prorrogado por mais 60 dias. A informa\u00e7\u00e3o foi confirmada pelo prefeito Rodolfo Mota nesta quarta-feira (02\/07). Segundo prev\u00ea a Lei Municipal n\u00ba 056\/2025, o prazo para ades\u00e3o ao programa se encerraria nesta sexta-feira (04\/07), abrangendo renegocia\u00e7\u00e3o de diversas taxas e impostos, como IPTU, ISS, taxa de coleta de lixo, Alvar\u00e1 de Licen\u00e7a, taxa de ilumina\u00e7\u00e3o p\u00fablica, entre outros, vencidas at\u00e9 31 de dezembro de 2024.<\/p>\n<p>Mota salienta que a medida visa proporcionar mais tempo para quem deseja estar em dia com a prefeitura e obter descontos de at\u00e9 100% em multas e juros. \u201cO Refis est\u00e1 em vig\u00eancia desde o dia 5 de maio. Neste per\u00edodo, muitos contribuintes j\u00e1 renegociaram suas pend\u00eancias. Sabemos do atual cen\u00e1rio econ\u00f4mico de grande parte das fam\u00edlias, sobretudo em um per\u00edodo p\u00f3s-pandemia. Por isso, institu\u00edmos um REFIS com condi\u00e7\u00f5es in\u00e9ditas, que agora est\u00e1 tendo seu prazo de ades\u00e3o estendido para que mais cidad\u00e3os possam aproveitar\u201d, disse o prefeito Rodolfo Mota, frisando que a programa tem aval dos vereadores.<br \/>\nO prefeito refor\u00e7a ainda que dentro do atual mandato n\u00e3o ser\u00e1 poss\u00edvel nova edi\u00e7\u00e3o do REFIS e a chance \u00e9 agora. \u201cN\u00e3o queremos que os d\u00e9bitos sejam ajuizados. N\u00e3o \u00e9 positivo para o contribuinte e nem mesmo para a prefeitura, por isso pedimos que a pessoa busque informa\u00e7\u00f5es sobre o programa. Fa\u00e7a uma simula\u00e7\u00e3o sobre as condi\u00e7\u00f5es de pagamento, que com certeza ter\u00e3o op\u00e7\u00f5es que v\u00e3o caber no bolso\u201d, refor\u00e7ou Mota.<\/p>\n<p>Para o pagamento do d\u00e9bito em at\u00e9 quatro parcelas, o contribuinte pode obter 100% de descontos em multas e juros. \u201cTamb\u00e9m \u00e9 poss\u00edvel renegociar d\u00edvidas para quita\u00e7\u00e3o de 5 a 36 vezes, tendo descontos gradativos de juros e multa entre 40% e 70%\u201d, relata Rog\u00e9rio Ribeiro, secret\u00e1rio Municipal da Fazenda.<\/p>\n<p>De acordo com ele, al\u00e9m de negocia\u00e7\u00e3o de d\u00edvidas n\u00e3o ajuizadas, o REFIS possibilita negociar d\u00e9bitos que j\u00e1 est\u00e3o ajuizados, que s\u00e3o aqueles que est\u00e3o no f\u00f3rum. \u201cOs recursos recuperados est\u00e3o sendo investidos em obras e pol\u00edticas p\u00fablicas para a pr\u00f3pria popula\u00e7\u00e3o nas \u00e1reas da Educa\u00e7\u00e3o, Sa\u00fade, Esporte, Assist\u00eancia Social, Seguran\u00e7a P\u00fablica, Ind\u00fastria, Com\u00e9rcio, Emprego, entre outras\u201d, conclui o secret\u00e1rio.<\/p>\n<p><strong>Servi\u00e7o<\/strong> &#8211; O atendimento presencial do contribuinte interessado no REFIS acontece no t\u00e9rreo da Prefeitura. \u201cO contribuinte poder\u00e1 retirar a senha de acordo com a ordem de chegada ou programar o atendimento para a data que for mais conveniente atrav\u00e9s de agendamento pelo site da prefeitura\u201d, esclarece Rog\u00e9rio Ribeiro, secret\u00e1rio municipal da Fazenda. \u201c\u00c9 imprescind\u00edvel, no caso da pessoa f\u00edsica, apresentar o comprovante de endere\u00e7o e o CPF. O atendente identifica a d\u00edvida no sistema e a pessoa ent\u00e3o escolhe qual \u00e9 a condi\u00e7\u00e3o mais vantajosa: se \u00e9 pagar \u00e0 vista, parcelar em 4 vezes, 12, 18, 24 ou at\u00e9 em 36 vezes\u201d, afirma Ribeiro, observando que o contribuinte poder\u00e1 tamb\u00e9m consultar \u2013 antes do atendimento presencial \u2013 o montante da d\u00edvida pelo site da Prefeitura, por meio do servi\u00e7o atende.net.<\/p>\n<p><strong>ESCALA DE DESCONTOS (das multas e juros)<\/strong><\/p>\n<p>* 1 a 4 parcelas: 100 % de desconto<br \/>\n* 5 a 12 parcelas: 70% de desconto<br \/>\n* 13 a 18 parcelas: 60% de desconto<br \/>\n* 19 a 24 parcelas: 50% de desconto<br \/>\n* 25 a 36 parcelas: 40% de desconto<\/p>\n","protected":false},"excerpt":{"rendered":"<p>O Programa Especial de Recupera&ccedil;&atilde;o Fiscal (Refis 2025), direcionado a atender contribuintes interessados em regularizar d&eacute;bitos com a Prefeitura de Apucarana, ser&aacute; prorrogado por mais 60 dias. A informa&ccedil;&atilde;o foi confirmada pelo prefeito Rodolfo Mota nesta quarta-feira (02\/07). Segundo prev&ecirc; a Lei Municipal n&ordm; 056\/2025, o prazo para ades&atilde;o ao programa se encerraria nesta sexta-feira [&hellip;]<\/p>\n","protected":false},"author":7,"featured_media":115135,"comment_status":"closed","ping_status":"closed","sticky":false,"template":"","format":"standard","meta":{"footnotes":""},"categories":[24],"tags":[],"class_list":["post-115131","post","type-post","status-publish","format-standard","has-post-thumbnail","hentry","category-noticias"],"acf":[],"_links":{"self":[{"href":"http:\/\/www.apucarana.pr.gov.br\/site\/wp-json\/wp\/v2\/posts\/115131","targetHints":{"allow":["GET"]}}],"collection":[{"href":"http:\/\/www.apucarana.pr.gov.br\/site\/wp-json\/wp\/v2\/posts"}],"about":[{"href":"http:\/\/www.apucarana.pr.gov.br\/site\/wp-json\/wp\/v2\/types\/post"}],"author":[{"embeddable":true,"href":"http:\/\/www.apucarana.pr.gov.br\/site\/wp-json\/wp\/v2\/users\/7"}],"replies":[{"embeddable":true,"href":"http:\/\/www.apucarana.pr.gov.br\/site\/wp-json\/wp\/v2\/comments?post=115131"}],"version-history":[{"count":2,"href":"http:\/\/www.apucarana.pr.gov.br\/site\/wp-json\/wp\/v2\/posts\/115131\/revisions"}],"predecessor-version":[{"id":115184,"href":"http:\/\/www.apucarana.pr.gov.br\/site\/wp-json\/wp\/v2\/posts\/115131\/revisions\/115184"}],"wp:featuredmedia":[{"embeddable":true,"href":"http:\/\/www.apucarana.pr.gov.br\/site\/wp-json\/wp\/v2\/media\/115135"}],"wp:attachment":[{"href":"http:\/\/www.apucarana.pr.gov.br\/site\/wp-json\/wp\/v2\/media?parent=115131"}],"wp:term":[{"taxonomy":"category","embeddable":true,"href":"http:\/\/www.apucarana.pr.gov.br\/site\/wp-json\/wp\/v2\/categories?post=115131"},{"taxonomy":"post_tag","embeddable":true,"href":"http:\/\/www.apucarana.pr.gov.br\/site\/wp-json\/wp\/v2\/tags?post=115131"}],"curies":[{"name":"wp","href":"https:\/\/api.w.org\/{rel}","templated":true}]}}