{"id":113523,"date":"2025-05-20T13:37:34","date_gmt":"2025-05-20T16:37:34","guid":{"rendered":"https:\/\/www.apucarana.pr.gov.br\/site\/?p=113523"},"modified":"2025-05-20T13:39:25","modified_gmt":"2025-05-20T16:39:25","slug":"conferencia-municipal-de-promocao-da-igualdade-racial-sera-realizada-na-proxima-semana-em-apucarana","status":"publish","type":"post","link":"http:\/\/www.apucarana.pr.gov.br\/site\/conferencia-municipal-de-promocao-da-igualdade-racial-sera-realizada-na-proxima-semana-em-apucarana\/","title":{"rendered":"Confer\u00eancia Municipal de Promo\u00e7\u00e3o da Igualdade Racial ser\u00e1 realizada na pr\u00f3xima semana em Apucarana"},"content":{"rendered":"<p>A Prefeitura de Apucarana, por meio do Conselho Municipal de Promo\u00e7\u00e3o da Igualdade Racial, promover\u00e1 nos dias 27 e 28 de maio a 3\u00aa Confer\u00eancia Municipal de Promo\u00e7\u00e3o da Igualdade Racial. O evento ser\u00e1 realizado no audit\u00f3rio Gralha Azul, da Universidade Estadual do Paran\u00e1 (Unespar).<\/p>\n<p>Com o tema \u201cIgualdade e Democracia: Repara\u00e7\u00e3o e Justi\u00e7a Racial\u201d, a confer\u00eancia tem como prop\u00f3sito fomentar o di\u00e1logo, refletir sobre as pol\u00edticas p\u00fablicas j\u00e1 implementadas e elaborar propostas voltadas \u00e0 supera\u00e7\u00e3o do racismo e das desigualdades \u00e9tnico-raciais no munic\u00edpio.<\/p>\n<p>A abertura oficial ocorrer\u00e1 na ter\u00e7a-feira (27), \u00e0s 19 horas, com a palestra magna do Professor Dr. Jos\u00e9 Francisco dos Santos. Na quarta-feira (28), a programa\u00e7\u00e3o tem in\u00edcio \u00e0s 8 horas e se estende at\u00e9 as 17 horas, no mesmo local. As atividades incluem a discuss\u00e3o do documento base da confer\u00eancia, a realiza\u00e7\u00e3o de plen\u00e1ria para formula\u00e7\u00e3o das propostas e a escolha dos delegados que representar\u00e3o Apucarana na etapa estadual.<\/p>\n<p>As inscri\u00e7\u00f5es para participar do evento podem ser feitas por meio do seguinte formul\u00e1rio online: <a href=\"https:\/\/docs.google.com\/forms\/u\/0\/d\/e\/1FAIpQLSfEe8DGRLG_sNFQjeRmQP-q5IcL1BtP_R45pPSgIOX3_KqJjg\/formResponse\">https:\/\/docs.google.com\/forms\/u\/0\/d\/e\/1FAIpQLSfEe8DGRLG_sNFQjeRmQP-q5IcL1BtP_R45pPSgIOX3_KqJjg\/formResponse<\/a><\/p>\n<p>A presidente do Conselho Municipal de Promo\u00e7\u00e3o da Igualdade Racial, Cleonice Gabriel, refor\u00e7a a import\u00e2ncia do engajamento da comunidade. \u201cA participa\u00e7\u00e3o da popula\u00e7\u00e3o de Apucarana \u00e9 fundamental para o fortalecimento da cidadania e a constru\u00e7\u00e3o de uma sociedade mais justa e igualit\u00e1ria,\u201d conclama.<\/p>\n","protected":false},"excerpt":{"rendered":"<p>A Prefeitura de Apucarana, por meio do Conselho Municipal de Promo&ccedil;&atilde;o da Igualdade Racial, promover&aacute; nos dias 27 e 28 de maio a 3&ordf; Confer&ecirc;ncia Municipal de Promo&ccedil;&atilde;o da Igualdade Racial. O evento ser&aacute; realizado no audit&oacute;rio Gralha Azul, da Universidade Estadual do Paran&aacute; (Unespar). Com o tema &ldquo;Igualdade e Democracia: Repara&ccedil;&atilde;o e Justi&ccedil;a Racial&rdquo;, [&hellip;]<\/p>\n","protected":false},"author":8,"featured_media":113526,"comment_status":"closed","ping_status":"closed","sticky":false,"template":"","format":"standard","meta":{"footnotes":""},"categories":[24],"tags":[],"class_list":["post-113523","post","type-post","status-publish","format-standard","has-post-thumbnail","hentry","category-noticias"],"acf":[],"_links":{"self":[{"href":"http:\/\/www.apucarana.pr.gov.br\/site\/wp-json\/wp\/v2\/posts\/113523","targetHints":{"allow":["GET"]}}],"collection":[{"href":"http:\/\/www.apucarana.pr.gov.br\/site\/wp-json\/wp\/v2\/posts"}],"about":[{"href":"http:\/\/www.apucarana.pr.gov.br\/site\/wp-json\/wp\/v2\/types\/post"}],"author":[{"embeddable":true,"href":"http:\/\/www.apucarana.pr.gov.br\/site\/wp-json\/wp\/v2\/users\/8"}],"replies":[{"embeddable":true,"href":"http:\/\/www.apucarana.pr.gov.br\/site\/wp-json\/wp\/v2\/comments?post=113523"}],"version-history":[{"count":1,"href":"http:\/\/www.apucarana.pr.gov.br\/site\/wp-json\/wp\/v2\/posts\/113523\/revisions"}],"predecessor-version":[{"id":113525,"href":"http:\/\/www.apucarana.pr.gov.br\/site\/wp-json\/wp\/v2\/posts\/113523\/revisions\/113525"}],"wp:featuredmedia":[{"embeddable":true,"href":"http:\/\/www.apucarana.pr.gov.br\/site\/wp-json\/wp\/v2\/media\/113526"}],"wp:attachment":[{"href":"http:\/\/www.apucarana.pr.gov.br\/site\/wp-json\/wp\/v2\/media?parent=113523"}],"wp:term":[{"taxonomy":"category","embeddable":true,"href":"http:\/\/www.apucarana.pr.gov.br\/site\/wp-json\/wp\/v2\/categories?post=113523"},{"taxonomy":"post_tag","embeddable":true,"href":"http:\/\/www.apucarana.pr.gov.br\/site\/wp-json\/wp\/v2\/tags?post=113523"}],"curies":[{"name":"wp","href":"https:\/\/api.w.org\/{rel}","templated":true}]}}