{"id":112155,"date":"2025-04-10T18:09:34","date_gmt":"2025-04-10T21:09:34","guid":{"rendered":"https:\/\/www.apucarana.pr.gov.br\/site\/?p=112155"},"modified":"2025-04-10T18:09:34","modified_gmt":"2025-04-10T21:09:34","slug":"prefeitura-e-val-anunciam-investimentos-para-o-terminal-urbano-de-apucarana","status":"publish","type":"post","link":"http:\/\/www.apucarana.pr.gov.br\/site\/prefeitura-e-val-anunciam-investimentos-para-o-terminal-urbano-de-apucarana\/","title":{"rendered":"Prefeitura e VAL anunciam investimentos para o Terminal Urbano de Apucarana"},"content":{"rendered":"\n\t\t<!-- MasterSlider -->\n\t\t<div id=\"P_MS69f5f4d320899\" class=\"master-slider-parent master-slider-gallery   ms-parent-id-0\" style=\"\" >\n\n\t\t\t\n\t\t\t<!-- MasterSlider Main -->\n\t\t\t<div id=\"MS69f5f4d320899\" class=\"master-slider ms-skin-default\" >\n\t\t\t\t \t\t\t\t \n\t\t\t<div  class=\"ms-slide\" data-delay=\"3\"    >\n\t\t\t\t\t<img decoding=\"async\" src=\"http:\/\/www.apucarana.pr.gov.br\/site\/wp-content\/plugins\/masterslider\/public\/assets\/css\/blank.gif\" alt=\"Reforma terminal (1)\" title=\"Reforma terminal (1)\" data-src=\"http:\/\/www.apucarana.pr.gov.br\/site\/wp-content\/uploads\/2025\/04\/Reforma-terminal-1-1024x683.jpg\" \/>\n\t<a href=\"http:\/\/www.apucarana.pr.gov.br\/site\/wp-content\/uploads\/2025\/04\/Reforma-terminal-1-1024x683.jpg\" target=\"_self\"    >Reforma terminal (1)<\/a>\n\n\n\t<img decoding=\"async\" class=\"ms-thumb\" src=\"http:\/\/www.apucarana.pr.gov.br\/site\/wp-content\/uploads\/2025\/04\/Reforma-terminal-1-1024x683-140x80.jpg\" alt=\"Reforma terminal (1)\" \/>\n\t\t\t\t<\/div>\n\t\t\t<div  class=\"ms-slide\" data-delay=\"3\"    >\n\t\t\t\t\t<img decoding=\"async\" src=\"http:\/\/www.apucarana.pr.gov.br\/site\/wp-content\/plugins\/masterslider\/public\/assets\/css\/blank.gif\" alt=\"Reforma terminal (4)\" title=\"Reforma terminal (4)\" data-src=\"http:\/\/www.apucarana.pr.gov.br\/site\/wp-content\/uploads\/2025\/04\/Reforma-terminal-4-1024x683.jpg\" \/>\n\t<a href=\"http:\/\/www.apucarana.pr.gov.br\/site\/wp-content\/uploads\/2025\/04\/Reforma-terminal-4-1024x683.jpg\" target=\"_self\"    >Reforma terminal (4)<\/a>\n\n\n\t<img decoding=\"async\" class=\"ms-thumb\" src=\"http:\/\/www.apucarana.pr.gov.br\/site\/wp-content\/uploads\/2025\/04\/Reforma-terminal-4-1024x683-140x80.jpg\" alt=\"Reforma terminal (4)\" \/>\n\t\t\t\t<\/div>\n\t\t\t<div  class=\"ms-slide\" data-delay=\"3\"    >\n\t\t\t\t\t<img decoding=\"async\" src=\"http:\/\/www.apucarana.pr.gov.br\/site\/wp-content\/plugins\/masterslider\/public\/assets\/css\/blank.gif\" alt=\"Reforma terminal (6)\" title=\"Reforma terminal (6)\" data-src=\"http:\/\/www.apucarana.pr.gov.br\/site\/wp-content\/uploads\/2025\/04\/Reforma-terminal-6-1024x683.jpg\" \/>\n\t<a href=\"http:\/\/www.apucarana.pr.gov.br\/site\/wp-content\/uploads\/2025\/04\/Reforma-terminal-6-1024x683.jpg\" target=\"_self\"    >Reforma terminal (6)<\/a>\n\n\n\t<img decoding=\"async\" class=\"ms-thumb\" src=\"http:\/\/www.apucarana.pr.gov.br\/site\/wp-content\/uploads\/2025\/04\/Reforma-terminal-6-1024x683-140x80.jpg\" alt=\"Reforma terminal (6)\" \/>\n\t\t\t\t<\/div>\n\t\t\t<div  class=\"ms-slide\" data-delay=\"3\"    >\n\t\t\t\t\t<img decoding=\"async\" src=\"http:\/\/www.apucarana.pr.gov.br\/site\/wp-content\/plugins\/masterslider\/public\/assets\/css\/blank.gif\" alt=\"Reforma terminal (8)\" title=\"Reforma terminal (8)\" data-src=\"http:\/\/www.apucarana.pr.gov.br\/site\/wp-content\/uploads\/2025\/04\/Reforma-terminal-8-1024x1024.jpg\" \/>\n\t<a href=\"http:\/\/www.apucarana.pr.gov.br\/site\/wp-content\/uploads\/2025\/04\/Reforma-terminal-8-1024x1024.jpg\" target=\"_self\"    >Reforma terminal (8)<\/a>\n\n\n\t<img decoding=\"async\" class=\"ms-thumb\" src=\"http:\/\/www.apucarana.pr.gov.br\/site\/wp-content\/uploads\/2025\/04\/Reforma-terminal-8-1024x1024-140x80.jpg\" alt=\"Reforma terminal (8)\" \/>\n\t\t\t\t<\/div>\n\t\t\t<div  class=\"ms-slide\" data-delay=\"3\"    >\n\t\t\t\t\t<img decoding=\"async\" src=\"http:\/\/www.apucarana.pr.gov.br\/site\/wp-content\/plugins\/masterslider\/public\/assets\/css\/blank.gif\" alt=\"Reforma terminal (9)\" title=\"Reforma terminal (9)\" data-src=\"http:\/\/www.apucarana.pr.gov.br\/site\/wp-content\/uploads\/2025\/04\/Reforma-terminal-9-1024x706.jpg\" \/>\n\t<a href=\"http:\/\/www.apucarana.pr.gov.br\/site\/wp-content\/uploads\/2025\/04\/Reforma-terminal-9-1024x706.jpg\" target=\"_self\"    >Reforma terminal (9)<\/a>\n\n\n\t<img decoding=\"async\" class=\"ms-thumb\" src=\"http:\/\/www.apucarana.pr.gov.br\/site\/wp-content\/uploads\/2025\/04\/Reforma-terminal-9-1024x706-140x80.jpg\" alt=\"Reforma terminal (9)\" \/>\n\t\t\t\t<\/div>\n\t\t\t<div  class=\"ms-slide\" data-delay=\"3\"    >\n\t\t\t\t\t<img decoding=\"async\" src=\"http:\/\/www.apucarana.pr.gov.br\/site\/wp-content\/plugins\/masterslider\/public\/assets\/css\/blank.gif\" alt=\"Reforma terminal (12)\" title=\"Reforma terminal (12)\" data-src=\"http:\/\/www.apucarana.pr.gov.br\/site\/wp-content\/uploads\/2025\/04\/Reforma-terminal-12-1024x683.jpg\" \/>\n\t<a href=\"http:\/\/www.apucarana.pr.gov.br\/site\/wp-content\/uploads\/2025\/04\/Reforma-terminal-12-1024x683.jpg\" target=\"_self\"    >Reforma terminal (12)<\/a>\n\n\n\t<img decoding=\"async\" class=\"ms-thumb\" src=\"http:\/\/www.apucarana.pr.gov.br\/site\/wp-content\/uploads\/2025\/04\/Reforma-terminal-12-1024x683-140x80.jpg\" alt=\"Reforma terminal (12)\" \/>\n\t\t\t\t<\/div>\n\t\t\t<div  class=\"ms-slide\" data-delay=\"3\"    >\n\t\t\t\t\t<img decoding=\"async\" src=\"http:\/\/www.apucarana.pr.gov.br\/site\/wp-content\/plugins\/masterslider\/public\/assets\/css\/blank.gif\" alt=\"Reforma terminal (13)\" title=\"Reforma terminal (13)\" data-src=\"http:\/\/www.apucarana.pr.gov.br\/site\/wp-content\/uploads\/2025\/04\/Reforma-terminal-13-1024x683.jpg\" \/>\n\t<a href=\"http:\/\/www.apucarana.pr.gov.br\/site\/wp-content\/uploads\/2025\/04\/Reforma-terminal-13-1024x683.jpg\" target=\"_self\"    >Reforma terminal (13)<\/a>\n\n\n\t<img decoding=\"async\" class=\"ms-thumb\" src=\"http:\/\/www.apucarana.pr.gov.br\/site\/wp-content\/uploads\/2025\/04\/Reforma-terminal-13-1024x683-140x80.jpg\" alt=\"Reforma terminal (13)\" \/>\n\t\t\t\t<\/div>\n\t\t\t<div  class=\"ms-slide\" data-delay=\"3\"    >\n\t\t\t\t\t<img decoding=\"async\" src=\"http:\/\/www.apucarana.pr.gov.br\/site\/wp-content\/plugins\/masterslider\/public\/assets\/css\/blank.gif\" alt=\"Reforma terminal (16)\" title=\"Reforma terminal (16)\" data-src=\"http:\/\/www.apucarana.pr.gov.br\/site\/wp-content\/uploads\/2025\/04\/Reforma-terminal-16-1024x683.jpg\" \/>\n\t<a href=\"http:\/\/www.apucarana.pr.gov.br\/site\/wp-content\/uploads\/2025\/04\/Reforma-terminal-16-1024x683.jpg\" target=\"_self\"    >Reforma terminal (16)<\/a>\n\n\n\t<img decoding=\"async\" class=\"ms-thumb\" src=\"http:\/\/www.apucarana.pr.gov.br\/site\/wp-content\/uploads\/2025\/04\/Reforma-terminal-16-1024x683-140x80.jpg\" alt=\"Reforma terminal (16)\" \/>\n\t\t\t\t<\/div>\n\t\t\t<div  class=\"ms-slide\" data-delay=\"3\"    >\n\t\t\t\t\t<img decoding=\"async\" src=\"http:\/\/www.apucarana.pr.gov.br\/site\/wp-content\/plugins\/masterslider\/public\/assets\/css\/blank.gif\" alt=\"Reforma terminal (20)\" title=\"Reforma terminal (20)\" data-src=\"http:\/\/www.apucarana.pr.gov.br\/site\/wp-content\/uploads\/2025\/04\/Reforma-terminal-20-1024x683.jpg\" \/>\n\t<a href=\"http:\/\/www.apucarana.pr.gov.br\/site\/wp-content\/uploads\/2025\/04\/Reforma-terminal-20-1024x683.jpg\" target=\"_self\"    >Reforma terminal (20)<\/a>\n\n\n\t<img decoding=\"async\" class=\"ms-thumb\" src=\"http:\/\/www.apucarana.pr.gov.br\/site\/wp-content\/uploads\/2025\/04\/Reforma-terminal-20-1024x683-140x80.jpg\" alt=\"Reforma terminal (20)\" \/>\n\t\t\t\t<\/div>\n\n\t\t\t<\/div>\n\t\t\t<!-- END MasterSlider Main -->\n\n\t\t\t \n\t\t<\/div>\n\t\t<!-- END MasterSlider -->\n\n\t\t<script>\n\t\t( window.MSReady = window.MSReady || [] ).push( function( $ ) {\n\n\t\t\t\"use strict\";\n\t\t\tvar masterslider_0899 = new MasterSlider();\n\n\t\t\t\/\/ slider controls\n\t\t\tmasterslider_0899.control('arrows'     ,{ autohide:true, overVideo:true  });\n\t\t\tmasterslider_0899.control('thumblist'  ,{ autohide:false, overVideo:true, dir:'h', speed:17, inset:false, arrows:false, hover:false, customClass:'', align:'bottom',type:'thumbs', margin:2, width:140, height:80, space:2, fillMode:'fill'  });\n\t\t\t\/\/ slider setup\n\t\t\tmasterslider_0899.setup(\"MS69f5f4d320899\", {\n\t\t\t\twidth           : 960,\n\t\t\t\theight          : 540,\n\t\t\t\tminHeight       : 0,\n\t\t\t\tspace           : 0,\n\t\t\t\tstart           : 1,\n\t\t\t\tgrabCursor      : true,\n\t\t\t\tswipe           : true,\n\t\t\t\tmouse           : true,\n\t\t\t\tkeyboard        : false,\n\t\t\t\tlayout          : \"fillwidth\",\n\t\t\t\twheel           : false,\n\t\t\t\tautoplay        : true,\n                instantStartLayers:false,\n\t\t\t\tmobileBGVideo:false,\n\t\t\t\tloop            : true,\n\t\t\t\tshuffle         : false,\n\t\t\t\tpreload         : 3,\n\t\t\t\theightLimit     : false,\n\t\t\t\tautoHeight      : false,\n\t\t\t\tsmoothHeight    : true,\n\t\t\t\tendPause        : false,\n\t\t\t\toverPause       : false,\n\t\t\t\tfillMode        : \"fill\",\n\t\t\t\tcenterControls  : true,\n\t\t\t\tstartOnAppear   : false,\n\t\t\t\tlayersMode      : \"center\",\n\t\t\t\tautofillTarget  : \"\",\n\t\t\t\thideLayers      : false,\n\t\t\t\tfullscreenMargin: 0,\n\t\t\t\tspeed           : 17,\n\t\t\t\tdir             : \"h\",\n\t\t\t\tresponsive      : true,\n\t\t\t\ttabletWidth     : 768,\n\t\t\t\ttabletHeight    : null,\n\t\t\t\tphoneWidth      : 480,\n\t\t\t\tphoneHeight    : null,\n\t\t\t\tsizingReference : window,\n\t\t\t\tparallaxMode    : 'swipe',\n\t\t\t\tview            : \"basic\"\n\t\t\t});\n\n\t\t\t\n\t\t\twindow.masterslider_instances = window.masterslider_instances || [];\n\t\t\twindow.masterslider_instances.push( masterslider_0899 );\n\t\t});\n\t\t<\/script>\n\n\n<p>O Terminal Urbano de Transporte Integrado de Passageiros de Apucarana receber\u00e1 uma s\u00e9rie de melhorias estruturais. O investimento, que poder\u00e1 chegar a R$250 mil, foi anunciado nesta quinta-feira (10\/04) pelo prefeito Rodolfo Mota e por Roberto Jacomelli, gerente-executivo da Via\u00e7\u00e3o Apucarana Ltda (VAL), concession\u00e1ria respons\u00e1vel pelo servi\u00e7o no munic\u00edpio.<\/p>\n<p>Maior parte dos recursos ser\u00e1 aplicada pela prefeitura e envolve a reconstru\u00e7\u00e3o dos banheiros p\u00fablicos com acessibilidade. A licita\u00e7\u00e3o prev\u00ea investimento m\u00e1ximo de R$136.813,94. Em contrapartida, a empresa tamb\u00e9m anunciou que vai investir cerca de R$100 mil em melhorias que envolvem a ilumina\u00e7\u00e3o interna do terminal (j\u00e1 executada), manuten\u00e7\u00e3o do piso, nova pintura e bancos, sinaliza\u00e7\u00e3o, informa\u00e7\u00f5es visuais, seguran\u00e7a, entre outras a\u00e7\u00f5es em benef\u00edcio do usu\u00e1rio.<\/p>\n<p>\u201cRecebemos o terminal urbano totalmente sucateado. Est\u00e1 sujo, sem conserva\u00e7\u00e3o, com o entorno perigoso, ent\u00e3o estamos anunciando agora a\u00e7\u00f5es de resgate deste lugar importante, que faz parte da hist\u00f3ria da nossa cidade. Neste primeiro momento vamos reconstruir os banheiros e, em um combinado, a VAL vai realizar outras melhorias, como a troca de toda ilumina\u00e7\u00e3o, j\u00e1 realizada, e outras interven\u00e7\u00f5es para garantir maior conforto e seguran\u00e7a aos usu\u00e1rios\u201d, disse o prefeito Rodolfo Mota, afirmando que tamb\u00e9m j\u00e1 solicitou \u00e0 Superintend\u00eancia de Ilumina\u00e7\u00e3o P\u00fablica projeto para melhoria na ilumina\u00e7\u00e3o no entorno do terminal. \u201cGarantindo mais seguran\u00e7a aos estudantes, trabalhadores e demais usu\u00e1rios do per\u00edodo noturno\u201d, pontuou o prefeito.<\/p>\n<p>A licita\u00e7\u00e3o para reconstru\u00e7\u00e3o dos banheiros ser\u00e1 por meio de preg\u00e3o eletr\u00f4nico, com sess\u00e3o prevista para o dia 20 de maio e prev\u00ea investimento m\u00e1ximo de R$136.813,94. \u201cUma obra para garantir mais conforto, acessibilidade, higiene e seguran\u00e7a aos usu\u00e1rios do terminal\u201d, diz o engenheiro civil Mateus Franciscon Fernandes, secret\u00e1rio municipal de Obras. Ele explica que durante a execu\u00e7\u00e3o dos servi\u00e7os, ser\u00e3o instalados banheiros qu\u00edmicos.<\/p>\n<p>O gerente-executivo da VAL, Roberto Jacomelli, confirmou os investimentos por parte da empresa e anunciou novidades para o sistema a partir de maio. \u201cVamos sim promover melhorias no aspecto geral do terminal urbano. Aprimorar o sinal gratuito de wi-fi e tamb\u00e9m, a partir do pr\u00f3ximo m\u00eas, oferecer a possibilidade do usu\u00e1rio pagar a tarifa atrav\u00e9s de cart\u00e3o de cr\u00e9dito ou d\u00e9bito\u201d, revelou Jacomelli.<\/p>\n<p>O ato de an\u00fancio de melhorias contou com a presen\u00e7a do vice-prefeito Marcos da Vila Reis, da primeira-dama e secret\u00e1ria da Mulher e Assuntos da Fam\u00edlia, Karine Mota, do secret\u00e1rio de Seguran\u00e7a P\u00fablica, Transporte, Tr\u00e2nsito, Mobilidade Urbana Municipal e Defesa Civil (Segtran), major Vilson Laurentino da Silva, e dos vereadores Mois\u00e9s Tavares, Sidnei da Levelimpi, Wellington Gentil e Luciano Facchiano.<\/p>\n<p><strong>D\u00edvida <\/strong>\u2013 Deixada pela gest\u00e3o anterior, o prefeito Rodolfo Mota tamb\u00e9m lembrou que existe uma d\u00edvida de R$15 milh\u00f5es da prefeitura com a VAL. \u201cMensalmente, a prefeitura precisa fazer um pagamento \u00e0 concession\u00e1ria que se refere ao subs\u00eddio da tarifa. Aquele valor que o passageiro paga na roleta n\u00e3o \u00e9 o que custa de verdade. O que custa de verdade \u00e9 chamado tarifa t\u00e9cnica. Ent\u00e3o entre o que se paga na roleta e o que custa o servi\u00e7o, a prefeitura tem que pagar essa diferen\u00e7a, o chamado subs\u00eddio. Nos anos anteriores, por muito tempo, parte destes valores devidos n\u00e3o foi repassado, o que gerou uma d\u00edvida na ordem de R$15 milh\u00f5es, que estamos agora dialogando com a empresa para encontrar uma forma de acerto\u201d, disse o prefeito Rodolfo Mota, agradecendo a boa rela\u00e7\u00e3o da empresa com a atual gest\u00e3o. \u201cCombinamos de passar uma r\u00e9gua nessa hist\u00f3ria, com isso temos mantido (prefeitura e VAL) uma rela\u00e7\u00e3o mais harmoniosa e equilibrada, visando discutir esse passivo. Tenho certeza de que vamos encontrar uma maneira de equalizar esse processo\u201d, concluiu Mota.<\/p>\n","protected":false},"excerpt":{"rendered":"<p>O Terminal Urbano de Transporte Integrado de Passageiros de Apucarana receber&aacute; uma s&eacute;rie de melhorias estruturais. O investimento, que poder&aacute; chegar a R$250 mil, foi anunciado nesta quinta-feira (10\/04) pelo prefeito Rodolfo Mota e por Roberto Jacomelli, gerente-executivo da Via&ccedil;&atilde;o Apucarana Ltda (VAL), concession&aacute;ria respons&aacute;vel pelo servi&ccedil;o no munic&iacute;pio. Maior parte dos recursos ser&aacute; aplicada [&hellip;]<\/p>\n","protected":false},"author":7,"featured_media":112159,"comment_status":"closed","ping_status":"closed","sticky":false,"template":"","format":"standard","meta":{"footnotes":""},"categories":[24],"tags":[],"class_list":["post-112155","post","type-post","status-publish","format-standard","has-post-thumbnail","hentry","category-noticias"],"acf":[],"_links":{"self":[{"href":"http:\/\/www.apucarana.pr.gov.br\/site\/wp-json\/wp\/v2\/posts\/112155","targetHints":{"allow":["GET"]}}],"collection":[{"href":"http:\/\/www.apucarana.pr.gov.br\/site\/wp-json\/wp\/v2\/posts"}],"about":[{"href":"http:\/\/www.apucarana.pr.gov.br\/site\/wp-json\/wp\/v2\/types\/post"}],"author":[{"embeddable":true,"href":"http:\/\/www.apucarana.pr.gov.br\/site\/wp-json\/wp\/v2\/users\/7"}],"replies":[{"embeddable":true,"href":"http:\/\/www.apucarana.pr.gov.br\/site\/wp-json\/wp\/v2\/comments?post=112155"}],"version-history":[{"count":1,"href":"http:\/\/www.apucarana.pr.gov.br\/site\/wp-json\/wp\/v2\/posts\/112155\/revisions"}],"predecessor-version":[{"id":112165,"href":"http:\/\/www.apucarana.pr.gov.br\/site\/wp-json\/wp\/v2\/posts\/112155\/revisions\/112165"}],"wp:featuredmedia":[{"embeddable":true,"href":"http:\/\/www.apucarana.pr.gov.br\/site\/wp-json\/wp\/v2\/media\/112159"}],"wp:attachment":[{"href":"http:\/\/www.apucarana.pr.gov.br\/site\/wp-json\/wp\/v2\/media?parent=112155"}],"wp:term":[{"taxonomy":"category","embeddable":true,"href":"http:\/\/www.apucarana.pr.gov.br\/site\/wp-json\/wp\/v2\/categories?post=112155"},{"taxonomy":"post_tag","embeddable":true,"href":"http:\/\/www.apucarana.pr.gov.br\/site\/wp-json\/wp\/v2\/tags?post=112155"}],"curies":[{"name":"wp","href":"https:\/\/api.w.org\/{rel}","templated":true}]}}