{"id":112151,"date":"2025-04-10T18:03:35","date_gmt":"2025-04-10T21:03:35","guid":{"rendered":"https:\/\/www.apucarana.pr.gov.br\/site\/?p=112151"},"modified":"2025-04-10T18:03:35","modified_gmt":"2025-04-10T21:03:35","slug":"prefeitura-realiza-reparo-em-cratera-na-rua-clotario-portugal","status":"publish","type":"post","link":"http:\/\/www.apucarana.pr.gov.br\/site\/prefeitura-realiza-reparo-em-cratera-na-rua-clotario-portugal\/","title":{"rendered":"Prefeitura realiza reparo em cratera na Rua Clot\u00e1rio Portugal"},"content":{"rendered":"\n\t\t<!-- MasterSlider -->\n\t\t<div id=\"P_MS69f5e7573a655\" class=\"master-slider-parent master-slider-gallery   ms-parent-id-0\" style=\"\" >\n\n\t\t\t\n\t\t\t<!-- MasterSlider Main -->\n\t\t\t<div id=\"MS69f5e7573a655\" class=\"master-slider ms-skin-default\" >\n\t\t\t\t \t\t\t\t \n\t\t\t<div  class=\"ms-slide\" data-delay=\"3\"    >\n\t\t\t\t\t<img decoding=\"async\" src=\"http:\/\/www.apucarana.pr.gov.br\/site\/wp-content\/plugins\/masterslider\/public\/assets\/css\/blank.gif\" alt=\"WhatsApp Image 2025-04-10 at 17.37.32\" title=\"WhatsApp Image 2025-04-10 at 17.37.32\" data-src=\"http:\/\/www.apucarana.pr.gov.br\/site\/wp-content\/uploads\/2025\/04\/WhatsApp-Image-2025-04-10-at-17.37.32.jpeg\" \/>\n\t<a href=\"http:\/\/www.apucarana.pr.gov.br\/site\/wp-content\/uploads\/2025\/04\/WhatsApp-Image-2025-04-10-at-17.37.32.jpeg\" target=\"_self\"    >WhatsApp Image 2025-04-10 at 17.37.32<\/a>\n\n\n\t<img decoding=\"async\" class=\"ms-thumb\" src=\"http:\/\/www.apucarana.pr.gov.br\/site\/wp-content\/uploads\/2025\/04\/WhatsApp-Image-2025-04-10-at-17.37.32-140x80.jpeg\" alt=\"WhatsApp Image 2025-04-10 at 17.37.32\" \/>\n\t\t\t\t<\/div>\n\t\t\t<div  class=\"ms-slide\" data-delay=\"3\"    >\n\t\t\t\t\t<img decoding=\"async\" src=\"http:\/\/www.apucarana.pr.gov.br\/site\/wp-content\/plugins\/masterslider\/public\/assets\/css\/blank.gif\" alt=\"WhatsApp Image 2025-04-10 at 17.37.33\" title=\"WhatsApp Image 2025-04-10 at 17.37.33\" data-src=\"http:\/\/www.apucarana.pr.gov.br\/site\/wp-content\/uploads\/2025\/04\/WhatsApp-Image-2025-04-10-at-17.37.33.jpeg\" \/>\n\t<a href=\"http:\/\/www.apucarana.pr.gov.br\/site\/wp-content\/uploads\/2025\/04\/WhatsApp-Image-2025-04-10-at-17.37.33.jpeg\" target=\"_self\"    >WhatsApp Image 2025-04-10 at 17.37.33<\/a>\n\n\n\t<img decoding=\"async\" class=\"ms-thumb\" src=\"http:\/\/www.apucarana.pr.gov.br\/site\/wp-content\/uploads\/2025\/04\/WhatsApp-Image-2025-04-10-at-17.37.33-140x80.jpeg\" alt=\"WhatsApp Image 2025-04-10 at 17.37.33\" \/>\n\t\t\t\t<\/div>\n\n\t\t\t<\/div>\n\t\t\t<!-- END MasterSlider Main -->\n\n\t\t\t \n\t\t<\/div>\n\t\t<!-- END MasterSlider -->\n\n\t\t<script>\n\t\t( window.MSReady = window.MSReady || [] ).push( function( $ ) {\n\n\t\t\t\"use strict\";\n\t\t\tvar masterslider_a655 = new MasterSlider();\n\n\t\t\t\/\/ slider controls\n\t\t\tmasterslider_a655.control('arrows'     ,{ autohide:true, overVideo:true  });\n\t\t\tmasterslider_a655.control('thumblist'  ,{ autohide:false, overVideo:true, dir:'h', speed:17, inset:false, arrows:false, hover:false, customClass:'', align:'bottom',type:'thumbs', margin:2, width:140, height:80, space:2, fillMode:'fill'  });\n\t\t\t\/\/ slider setup\n\t\t\tmasterslider_a655.setup(\"MS69f5e7573a655\", {\n\t\t\t\twidth           : 960,\n\t\t\t\theight          : 540,\n\t\t\t\tminHeight       : 0,\n\t\t\t\tspace           : 0,\n\t\t\t\tstart           : 1,\n\t\t\t\tgrabCursor      : true,\n\t\t\t\tswipe           : true,\n\t\t\t\tmouse           : true,\n\t\t\t\tkeyboard        : false,\n\t\t\t\tlayout          : \"fillwidth\",\n\t\t\t\twheel           : false,\n\t\t\t\tautoplay        : true,\n                instantStartLayers:false,\n\t\t\t\tmobileBGVideo:false,\n\t\t\t\tloop            : true,\n\t\t\t\tshuffle         : false,\n\t\t\t\tpreload         : 3,\n\t\t\t\theightLimit     : false,\n\t\t\t\tautoHeight      : false,\n\t\t\t\tsmoothHeight    : true,\n\t\t\t\tendPause        : false,\n\t\t\t\toverPause       : false,\n\t\t\t\tfillMode        : \"fill\",\n\t\t\t\tcenterControls  : true,\n\t\t\t\tstartOnAppear   : false,\n\t\t\t\tlayersMode      : \"center\",\n\t\t\t\tautofillTarget  : \"\",\n\t\t\t\thideLayers      : false,\n\t\t\t\tfullscreenMargin: 0,\n\t\t\t\tspeed           : 17,\n\t\t\t\tdir             : \"h\",\n\t\t\t\tresponsive      : true,\n\t\t\t\ttabletWidth     : 768,\n\t\t\t\ttabletHeight    : null,\n\t\t\t\tphoneWidth      : 480,\n\t\t\t\tphoneHeight    : null,\n\t\t\t\tsizingReference : window,\n\t\t\t\tparallaxMode    : 'swipe',\n\t\t\t\tview            : \"basic\"\n\t\t\t});\n\n\t\t\t\n\t\t\twindow.masterslider_instances = window.masterslider_instances || [];\n\t\t\twindow.masterslider_instances.push( masterslider_a655 );\n\t\t});\n\t\t<\/script>\n\n\n<p>A Prefeitura de Apucarana, por meio da Secretaria Municipal de Obras, iniciou os trabalhos para reparar uma cratera na Rua Clot\u00e1rio Portugal, pr\u00f3xima \u00e0 esquina com a Rua S\u00e3o Jer\u00f4nimo. O buraco surgiu no dia 4 de abril e \u00e9 resultado do desgaste das manilhas e da eros\u00e3o do subsolo.<\/p>\n<p>De acordo com o secret\u00e1rio municipal de Obras, Mateus Franciscon, a falha na execu\u00e7\u00e3o da galeria pluvial contribuiu para o problema. &#8220;A galeria n\u00e3o foi constru\u00edda adequadamente. Em alguns trechos, verificamos a aus\u00eancia de massa de cimento para o assentamento correto das manilhas. A inclina\u00e7\u00e3o da rua acelera o fluxo de \u00e1gua dentro da tubula\u00e7\u00e3o, e com o tempo, a infiltra\u00e7\u00e3o compromete as manilhas e provoca a eros\u00e3o do solo&#8221;, explicou.<\/p>\n<p>No in\u00edcio deste ano, durante a segunda quinzena de janeiro, outro buraco havia se formado cerca de cinco a seis metros acima do atual, em frente ao estabelecimento Massas Ravazzi. Na ocasi\u00e3o, foi necess\u00e1rio escavar 17 metros lineares e uma profundidade de dois metros para resolver o problema.<\/p>\n<p>Para sanar a nova cratera, a Prefeitura j\u00e1 iniciou a escava\u00e7\u00e3o e o mapeamento da \u00e1rea afetada. &#8220;Agora, vamos proceder com a remo\u00e7\u00e3o e substitui\u00e7\u00e3o das manilhas, o aterramento e, por fim, o recapeamento asf\u00e1ltico&#8221;, informou o secret\u00e1rio.<\/p>\n","protected":false},"excerpt":{"rendered":"<p>A Prefeitura de Apucarana, por meio da Secretaria Municipal de Obras, iniciou os trabalhos para reparar uma cratera na Rua Clot&aacute;rio Portugal, pr&oacute;xima &agrave; esquina com a Rua S&atilde;o Jer&ocirc;nimo. O buraco surgiu no dia 4 de abril e &eacute; resultado do desgaste das manilhas e da eros&atilde;o do subsolo. De acordo com o secret&aacute;rio [&hellip;]<\/p>\n","protected":false},"author":7,"featured_media":112152,"comment_status":"closed","ping_status":"closed","sticky":false,"template":"","format":"standard","meta":{"footnotes":""},"categories":[24],"tags":[],"class_list":["post-112151","post","type-post","status-publish","format-standard","has-post-thumbnail","hentry","category-noticias"],"acf":[],"_links":{"self":[{"href":"http:\/\/www.apucarana.pr.gov.br\/site\/wp-json\/wp\/v2\/posts\/112151","targetHints":{"allow":["GET"]}}],"collection":[{"href":"http:\/\/www.apucarana.pr.gov.br\/site\/wp-json\/wp\/v2\/posts"}],"about":[{"href":"http:\/\/www.apucarana.pr.gov.br\/site\/wp-json\/wp\/v2\/types\/post"}],"author":[{"embeddable":true,"href":"http:\/\/www.apucarana.pr.gov.br\/site\/wp-json\/wp\/v2\/users\/7"}],"replies":[{"embeddable":true,"href":"http:\/\/www.apucarana.pr.gov.br\/site\/wp-json\/wp\/v2\/comments?post=112151"}],"version-history":[{"count":1,"href":"http:\/\/www.apucarana.pr.gov.br\/site\/wp-json\/wp\/v2\/posts\/112151\/revisions"}],"predecessor-version":[{"id":112154,"href":"http:\/\/www.apucarana.pr.gov.br\/site\/wp-json\/wp\/v2\/posts\/112151\/revisions\/112154"}],"wp:featuredmedia":[{"embeddable":true,"href":"http:\/\/www.apucarana.pr.gov.br\/site\/wp-json\/wp\/v2\/media\/112152"}],"wp:attachment":[{"href":"http:\/\/www.apucarana.pr.gov.br\/site\/wp-json\/wp\/v2\/media?parent=112151"}],"wp:term":[{"taxonomy":"category","embeddable":true,"href":"http:\/\/www.apucarana.pr.gov.br\/site\/wp-json\/wp\/v2\/categories?post=112151"},{"taxonomy":"post_tag","embeddable":true,"href":"http:\/\/www.apucarana.pr.gov.br\/site\/wp-json\/wp\/v2\/tags?post=112151"}],"curies":[{"name":"wp","href":"https:\/\/api.w.org\/{rel}","templated":true}]}}