{"id":111544,"date":"2025-03-27T15:03:00","date_gmt":"2025-03-27T18:03:00","guid":{"rendered":"https:\/\/www.apucarana.pr.gov.br\/site\/?p=111544"},"modified":"2025-03-27T16:29:50","modified_gmt":"2025-03-27T19:29:50","slug":"campus-de-apucarana-da-utfpr-inaugura-ginasio-poliesportivo","status":"publish","type":"post","link":"http:\/\/www.apucarana.pr.gov.br\/site\/campus-de-apucarana-da-utfpr-inaugura-ginasio-poliesportivo\/","title":{"rendered":"C\u00e2mpus de Apucarana da UTFPR inaugura gin\u00e1sio poliesportivo"},"content":{"rendered":"\n\t\t<!-- MasterSlider -->\n\t\t<div id=\"P_MS69f52e91320b6\" class=\"master-slider-parent master-slider-gallery   ms-parent-id-0\" style=\"\" >\n\n\t\t\t\n\t\t\t<!-- MasterSlider Main -->\n\t\t\t<div id=\"MS69f52e91320b6\" class=\"master-slider ms-skin-default\" >\n\t\t\t\t \t\t\t\t \n\t\t\t<div  class=\"ms-slide\" data-delay=\"3\"    >\n\t\t\t\t\t<img decoding=\"async\" src=\"http:\/\/www.apucarana.pr.gov.br\/site\/wp-content\/plugins\/masterslider\/public\/assets\/css\/blank.gif\" alt=\"Inaugura\u00e7\u00e3o Gin\u00e1sio UTFPR (1)\" title=\"Inaugura\u00e7\u00e3o Gin\u00e1sio UTFPR (1)\" data-src=\"http:\/\/www.apucarana.pr.gov.br\/site\/wp-content\/uploads\/2025\/03\/Inauguracao-Ginasio-UTFPR-1-1024x683.jpg\" \/>\n\t<a href=\"http:\/\/www.apucarana.pr.gov.br\/site\/wp-content\/uploads\/2025\/03\/Inauguracao-Ginasio-UTFPR-1-1024x683.jpg\" target=\"_self\"    >Inaugura\u00e7\u00e3o Gin\u00e1sio UTFPR (1)<\/a>\n\n\n\t<img decoding=\"async\" class=\"ms-thumb\" src=\"http:\/\/www.apucarana.pr.gov.br\/site\/wp-content\/uploads\/2025\/03\/Inauguracao-Ginasio-UTFPR-1-1024x683-140x80.jpg\" alt=\"Inaugura\u00e7\u00e3o Gin\u00e1sio UTFPR (1)\" \/>\n\t\t\t\t<\/div>\n\t\t\t<div  class=\"ms-slide\" data-delay=\"3\"    >\n\t\t\t\t\t<img decoding=\"async\" src=\"http:\/\/www.apucarana.pr.gov.br\/site\/wp-content\/plugins\/masterslider\/public\/assets\/css\/blank.gif\" alt=\"Inaugura\u00e7\u00e3o Gin\u00e1sio UTFPR (3)\" title=\"Inaugura\u00e7\u00e3o Gin\u00e1sio UTFPR (3)\" data-src=\"http:\/\/www.apucarana.pr.gov.br\/site\/wp-content\/uploads\/2025\/03\/Inauguracao-Ginasio-UTFPR-3-1024x683.jpg\" \/>\n\t<a href=\"http:\/\/www.apucarana.pr.gov.br\/site\/wp-content\/uploads\/2025\/03\/Inauguracao-Ginasio-UTFPR-3-1024x683.jpg\" target=\"_self\"    >Inaugura\u00e7\u00e3o Gin\u00e1sio UTFPR (3)<\/a>\n\n\n\t<img decoding=\"async\" class=\"ms-thumb\" src=\"http:\/\/www.apucarana.pr.gov.br\/site\/wp-content\/uploads\/2025\/03\/Inauguracao-Ginasio-UTFPR-3-1024x683-140x80.jpg\" alt=\"Inaugura\u00e7\u00e3o Gin\u00e1sio UTFPR (3)\" \/>\n\t\t\t\t<\/div>\n\t\t\t<div  class=\"ms-slide\" data-delay=\"3\"    >\n\t\t\t\t\t<img decoding=\"async\" src=\"http:\/\/www.apucarana.pr.gov.br\/site\/wp-content\/plugins\/masterslider\/public\/assets\/css\/blank.gif\" alt=\"Inaugura\u00e7\u00e3o Gin\u00e1sio UTFPR (6)\" title=\"Inaugura\u00e7\u00e3o Gin\u00e1sio UTFPR (6)\" data-src=\"http:\/\/www.apucarana.pr.gov.br\/site\/wp-content\/uploads\/2025\/03\/Inauguracao-Ginasio-UTFPR-6-1024x683.jpg\" \/>\n\t<a href=\"http:\/\/www.apucarana.pr.gov.br\/site\/wp-content\/uploads\/2025\/03\/Inauguracao-Ginasio-UTFPR-6-1024x683.jpg\" target=\"_self\"    >Inaugura\u00e7\u00e3o Gin\u00e1sio UTFPR (6)<\/a>\n\n\n\t<img decoding=\"async\" class=\"ms-thumb\" src=\"http:\/\/www.apucarana.pr.gov.br\/site\/wp-content\/uploads\/2025\/03\/Inauguracao-Ginasio-UTFPR-6-1024x683-140x80.jpg\" alt=\"Inaugura\u00e7\u00e3o Gin\u00e1sio UTFPR (6)\" \/>\n\t\t\t\t<\/div>\n\t\t\t<div  class=\"ms-slide\" data-delay=\"3\"    >\n\t\t\t\t\t<img decoding=\"async\" src=\"http:\/\/www.apucarana.pr.gov.br\/site\/wp-content\/plugins\/masterslider\/public\/assets\/css\/blank.gif\" alt=\"Inaugura\u00e7\u00e3o Gin\u00e1sio UTFPR (7)\" title=\"Inaugura\u00e7\u00e3o Gin\u00e1sio UTFPR (7)\" data-src=\"http:\/\/www.apucarana.pr.gov.br\/site\/wp-content\/uploads\/2025\/03\/Inauguracao-Ginasio-UTFPR-7-1024x683.jpg\" \/>\n\t<a href=\"http:\/\/www.apucarana.pr.gov.br\/site\/wp-content\/uploads\/2025\/03\/Inauguracao-Ginasio-UTFPR-7-1024x683.jpg\" target=\"_self\"    >Inaugura\u00e7\u00e3o Gin\u00e1sio UTFPR (7)<\/a>\n\n\n\t<img decoding=\"async\" class=\"ms-thumb\" src=\"http:\/\/www.apucarana.pr.gov.br\/site\/wp-content\/uploads\/2025\/03\/Inauguracao-Ginasio-UTFPR-7-1024x683-140x80.jpg\" alt=\"Inaugura\u00e7\u00e3o Gin\u00e1sio UTFPR (7)\" \/>\n\t\t\t\t<\/div>\n\t\t\t<div  class=\"ms-slide\" data-delay=\"3\"    >\n\t\t\t\t\t<img decoding=\"async\" src=\"http:\/\/www.apucarana.pr.gov.br\/site\/wp-content\/plugins\/masterslider\/public\/assets\/css\/blank.gif\" alt=\"Inaugura\u00e7\u00e3o Gin\u00e1sio UTFPR (9)\" title=\"Inaugura\u00e7\u00e3o Gin\u00e1sio UTFPR (9)\" data-src=\"http:\/\/www.apucarana.pr.gov.br\/site\/wp-content\/uploads\/2025\/03\/Inauguracao-Ginasio-UTFPR-9-1024x683.jpg\" \/>\n\t<a href=\"http:\/\/www.apucarana.pr.gov.br\/site\/wp-content\/uploads\/2025\/03\/Inauguracao-Ginasio-UTFPR-9-1024x683.jpg\" target=\"_self\"    >Inaugura\u00e7\u00e3o Gin\u00e1sio UTFPR (9)<\/a>\n\n\n\t<img decoding=\"async\" class=\"ms-thumb\" src=\"http:\/\/www.apucarana.pr.gov.br\/site\/wp-content\/uploads\/2025\/03\/Inauguracao-Ginasio-UTFPR-9-1024x683-140x80.jpg\" alt=\"Inaugura\u00e7\u00e3o Gin\u00e1sio UTFPR (9)\" \/>\n\t\t\t\t<\/div>\n\t\t\t<div  class=\"ms-slide\" data-delay=\"3\"    >\n\t\t\t\t\t<img decoding=\"async\" src=\"http:\/\/www.apucarana.pr.gov.br\/site\/wp-content\/plugins\/masterslider\/public\/assets\/css\/blank.gif\" alt=\"Inaugura\u00e7\u00e3o Gin\u00e1sio UTFPR (10)\" title=\"Inaugura\u00e7\u00e3o Gin\u00e1sio UTFPR (10)\" data-src=\"http:\/\/www.apucarana.pr.gov.br\/site\/wp-content\/uploads\/2025\/03\/Inauguracao-Ginasio-UTFPR-10-1024x683.jpg\" \/>\n\t<a href=\"http:\/\/www.apucarana.pr.gov.br\/site\/wp-content\/uploads\/2025\/03\/Inauguracao-Ginasio-UTFPR-10-1024x683.jpg\" target=\"_self\"    >Inaugura\u00e7\u00e3o Gin\u00e1sio UTFPR (10)<\/a>\n\n\n\t<img decoding=\"async\" class=\"ms-thumb\" src=\"http:\/\/www.apucarana.pr.gov.br\/site\/wp-content\/uploads\/2025\/03\/Inauguracao-Ginasio-UTFPR-10-1024x683-140x80.jpg\" alt=\"Inaugura\u00e7\u00e3o Gin\u00e1sio UTFPR (10)\" \/>\n\t\t\t\t<\/div>\n\t\t\t<div  class=\"ms-slide\" data-delay=\"3\"    >\n\t\t\t\t\t<img decoding=\"async\" src=\"http:\/\/www.apucarana.pr.gov.br\/site\/wp-content\/plugins\/masterslider\/public\/assets\/css\/blank.gif\" alt=\"Inaugura\u00e7\u00e3o Gin\u00e1sio UTFPR (14)\" title=\"Inaugura\u00e7\u00e3o Gin\u00e1sio UTFPR (14)\" data-src=\"http:\/\/www.apucarana.pr.gov.br\/site\/wp-content\/uploads\/2025\/03\/Inauguracao-Ginasio-UTFPR-14-1024x683.jpg\" \/>\n\t<a href=\"http:\/\/www.apucarana.pr.gov.br\/site\/wp-content\/uploads\/2025\/03\/Inauguracao-Ginasio-UTFPR-14-1024x683.jpg\" target=\"_self\"    >Inaugura\u00e7\u00e3o Gin\u00e1sio UTFPR (14)<\/a>\n\n\n\t<img decoding=\"async\" class=\"ms-thumb\" src=\"http:\/\/www.apucarana.pr.gov.br\/site\/wp-content\/uploads\/2025\/03\/Inauguracao-Ginasio-UTFPR-14-1024x683-140x80.jpg\" alt=\"Inaugura\u00e7\u00e3o Gin\u00e1sio UTFPR (14)\" \/>\n\t\t\t\t<\/div>\n\t\t\t<div  class=\"ms-slide\" data-delay=\"3\"    >\n\t\t\t\t\t<img decoding=\"async\" src=\"http:\/\/www.apucarana.pr.gov.br\/site\/wp-content\/plugins\/masterslider\/public\/assets\/css\/blank.gif\" alt=\"Inaugura\u00e7\u00e3o Gin\u00e1sio UTFPR (15)\" title=\"Inaugura\u00e7\u00e3o Gin\u00e1sio UTFPR (15)\" data-src=\"http:\/\/www.apucarana.pr.gov.br\/site\/wp-content\/uploads\/2025\/03\/Inauguracao-Ginasio-UTFPR-15-1024x683.jpg\" \/>\n\t<a href=\"http:\/\/www.apucarana.pr.gov.br\/site\/wp-content\/uploads\/2025\/03\/Inauguracao-Ginasio-UTFPR-15-1024x683.jpg\" target=\"_self\"    >Inaugura\u00e7\u00e3o Gin\u00e1sio UTFPR (15)<\/a>\n\n\n\t<img decoding=\"async\" class=\"ms-thumb\" src=\"http:\/\/www.apucarana.pr.gov.br\/site\/wp-content\/uploads\/2025\/03\/Inauguracao-Ginasio-UTFPR-15-1024x683-140x80.jpg\" alt=\"Inaugura\u00e7\u00e3o Gin\u00e1sio UTFPR (15)\" \/>\n\t\t\t\t<\/div>\n\t\t\t<div  class=\"ms-slide\" data-delay=\"3\"    >\n\t\t\t\t\t<img decoding=\"async\" src=\"http:\/\/www.apucarana.pr.gov.br\/site\/wp-content\/plugins\/masterslider\/public\/assets\/css\/blank.gif\" alt=\"Inaugura\u00e7\u00e3o Gin\u00e1sio UTFPR (16)\" title=\"Inaugura\u00e7\u00e3o Gin\u00e1sio UTFPR (16)\" data-src=\"http:\/\/www.apucarana.pr.gov.br\/site\/wp-content\/uploads\/2025\/03\/Inauguracao-Ginasio-UTFPR-16-1024x683.jpg\" \/>\n\t<a href=\"http:\/\/www.apucarana.pr.gov.br\/site\/wp-content\/uploads\/2025\/03\/Inauguracao-Ginasio-UTFPR-16-1024x683.jpg\" target=\"_self\"    >Inaugura\u00e7\u00e3o Gin\u00e1sio UTFPR (16)<\/a>\n\n\n\t<img decoding=\"async\" class=\"ms-thumb\" src=\"http:\/\/www.apucarana.pr.gov.br\/site\/wp-content\/uploads\/2025\/03\/Inauguracao-Ginasio-UTFPR-16-1024x683-140x80.jpg\" alt=\"Inaugura\u00e7\u00e3o Gin\u00e1sio UTFPR (16)\" \/>\n\t\t\t\t<\/div>\n\t\t\t<div  class=\"ms-slide\" data-delay=\"3\"    >\n\t\t\t\t\t<img decoding=\"async\" src=\"http:\/\/www.apucarana.pr.gov.br\/site\/wp-content\/plugins\/masterslider\/public\/assets\/css\/blank.gif\" alt=\"Inaugura\u00e7\u00e3o Gin\u00e1sio UTFPR (19)\" title=\"Inaugura\u00e7\u00e3o Gin\u00e1sio UTFPR (19)\" data-src=\"http:\/\/www.apucarana.pr.gov.br\/site\/wp-content\/uploads\/2025\/03\/Inauguracao-Ginasio-UTFPR-19-1024x683.jpg\" \/>\n\t<a href=\"http:\/\/www.apucarana.pr.gov.br\/site\/wp-content\/uploads\/2025\/03\/Inauguracao-Ginasio-UTFPR-19-1024x683.jpg\" target=\"_self\"    >Inaugura\u00e7\u00e3o Gin\u00e1sio UTFPR (19)<\/a>\n\n\n\t<img decoding=\"async\" class=\"ms-thumb\" src=\"http:\/\/www.apucarana.pr.gov.br\/site\/wp-content\/uploads\/2025\/03\/Inauguracao-Ginasio-UTFPR-19-1024x683-140x80.jpg\" alt=\"Inaugura\u00e7\u00e3o Gin\u00e1sio UTFPR (19)\" \/>\n\t\t\t\t<\/div>\n\t\t\t<div  class=\"ms-slide\" data-delay=\"3\"    >\n\t\t\t\t\t<img decoding=\"async\" src=\"http:\/\/www.apucarana.pr.gov.br\/site\/wp-content\/plugins\/masterslider\/public\/assets\/css\/blank.gif\" alt=\"Inaugura\u00e7\u00e3o Gin\u00e1sio UTFPR (25)\" title=\"Inaugura\u00e7\u00e3o Gin\u00e1sio UTFPR (25)\" data-src=\"http:\/\/www.apucarana.pr.gov.br\/site\/wp-content\/uploads\/2025\/03\/Inauguracao-Ginasio-UTFPR-25-1024x683.jpg\" \/>\n\t<a href=\"http:\/\/www.apucarana.pr.gov.br\/site\/wp-content\/uploads\/2025\/03\/Inauguracao-Ginasio-UTFPR-25-1024x683.jpg\" target=\"_self\"    >Inaugura\u00e7\u00e3o Gin\u00e1sio UTFPR (25)<\/a>\n\n\n\t<img decoding=\"async\" class=\"ms-thumb\" src=\"http:\/\/www.apucarana.pr.gov.br\/site\/wp-content\/uploads\/2025\/03\/Inauguracao-Ginasio-UTFPR-25-1024x683-140x80.jpg\" alt=\"Inaugura\u00e7\u00e3o Gin\u00e1sio UTFPR (25)\" \/>\n\t\t\t\t<\/div>\n\t\t\t<div  class=\"ms-slide\" data-delay=\"3\"    >\n\t\t\t\t\t<img decoding=\"async\" src=\"http:\/\/www.apucarana.pr.gov.br\/site\/wp-content\/plugins\/masterslider\/public\/assets\/css\/blank.gif\" alt=\"Inaugura\u00e7\u00e3o Gin\u00e1sio UTFPR (27)\" title=\"Inaugura\u00e7\u00e3o Gin\u00e1sio UTFPR (27)\" data-src=\"http:\/\/www.apucarana.pr.gov.br\/site\/wp-content\/uploads\/2025\/03\/Inauguracao-Ginasio-UTFPR-27-1024x683.jpg\" \/>\n\t<a href=\"http:\/\/www.apucarana.pr.gov.br\/site\/wp-content\/uploads\/2025\/03\/Inauguracao-Ginasio-UTFPR-27-1024x683.jpg\" target=\"_self\"    >Inaugura\u00e7\u00e3o Gin\u00e1sio UTFPR (27)<\/a>\n\n\n\t<img decoding=\"async\" class=\"ms-thumb\" src=\"http:\/\/www.apucarana.pr.gov.br\/site\/wp-content\/uploads\/2025\/03\/Inauguracao-Ginasio-UTFPR-27-1024x683-140x80.jpg\" alt=\"Inaugura\u00e7\u00e3o Gin\u00e1sio UTFPR (27)\" \/>\n\t\t\t\t<\/div>\n\t\t\t<div  class=\"ms-slide\" data-delay=\"3\"    >\n\t\t\t\t\t<img decoding=\"async\" src=\"http:\/\/www.apucarana.pr.gov.br\/site\/wp-content\/plugins\/masterslider\/public\/assets\/css\/blank.gif\" alt=\"Inaugura\u00e7\u00e3o Gin\u00e1sio UTFPR (29)\" title=\"Inaugura\u00e7\u00e3o Gin\u00e1sio UTFPR (29)\" data-src=\"http:\/\/www.apucarana.pr.gov.br\/site\/wp-content\/uploads\/2025\/03\/Inauguracao-Ginasio-UTFPR-29-1024x683.jpg\" \/>\n\t<a href=\"http:\/\/www.apucarana.pr.gov.br\/site\/wp-content\/uploads\/2025\/03\/Inauguracao-Ginasio-UTFPR-29-1024x683.jpg\" target=\"_self\"    >Inaugura\u00e7\u00e3o Gin\u00e1sio UTFPR (29)<\/a>\n\n\n\t<img decoding=\"async\" class=\"ms-thumb\" src=\"http:\/\/www.apucarana.pr.gov.br\/site\/wp-content\/uploads\/2025\/03\/Inauguracao-Ginasio-UTFPR-29-1024x683-140x80.jpg\" alt=\"Inaugura\u00e7\u00e3o Gin\u00e1sio UTFPR (29)\" \/>\n\t\t\t\t<\/div>\n\t\t\t<div  class=\"ms-slide\" data-delay=\"3\"    >\n\t\t\t\t\t<img decoding=\"async\" src=\"http:\/\/www.apucarana.pr.gov.br\/site\/wp-content\/plugins\/masterslider\/public\/assets\/css\/blank.gif\" alt=\"Inaugura\u00e7\u00e3o Gin\u00e1sio UTFPR (30)\" title=\"Inaugura\u00e7\u00e3o Gin\u00e1sio UTFPR (30)\" data-src=\"http:\/\/www.apucarana.pr.gov.br\/site\/wp-content\/uploads\/2025\/03\/Inauguracao-Ginasio-UTFPR-30-1024x683.jpg\" \/>\n\t<a href=\"http:\/\/www.apucarana.pr.gov.br\/site\/wp-content\/uploads\/2025\/03\/Inauguracao-Ginasio-UTFPR-30-1024x683.jpg\" target=\"_self\"    >Inaugura\u00e7\u00e3o Gin\u00e1sio UTFPR (30)<\/a>\n\n\n\t<img decoding=\"async\" class=\"ms-thumb\" src=\"http:\/\/www.apucarana.pr.gov.br\/site\/wp-content\/uploads\/2025\/03\/Inauguracao-Ginasio-UTFPR-30-1024x683-140x80.jpg\" alt=\"Inaugura\u00e7\u00e3o Gin\u00e1sio UTFPR (30)\" \/>\n\t\t\t\t<\/div>\n\t\t\t<div  class=\"ms-slide\" data-delay=\"3\"    >\n\t\t\t\t\t<img decoding=\"async\" src=\"http:\/\/www.apucarana.pr.gov.br\/site\/wp-content\/plugins\/masterslider\/public\/assets\/css\/blank.gif\" alt=\"Inaugura\u00e7\u00e3o Gin\u00e1sio UTFPR (32)\" title=\"Inaugura\u00e7\u00e3o Gin\u00e1sio UTFPR (32)\" data-src=\"http:\/\/www.apucarana.pr.gov.br\/site\/wp-content\/uploads\/2025\/03\/Inauguracao-Ginasio-UTFPR-32-1024x683.jpg\" \/>\n\t<a href=\"http:\/\/www.apucarana.pr.gov.br\/site\/wp-content\/uploads\/2025\/03\/Inauguracao-Ginasio-UTFPR-32-1024x683.jpg\" target=\"_self\"    >Inaugura\u00e7\u00e3o Gin\u00e1sio UTFPR (32)<\/a>\n\n\n\t<img decoding=\"async\" class=\"ms-thumb\" src=\"http:\/\/www.apucarana.pr.gov.br\/site\/wp-content\/uploads\/2025\/03\/Inauguracao-Ginasio-UTFPR-32-1024x683-140x80.jpg\" alt=\"Inaugura\u00e7\u00e3o Gin\u00e1sio UTFPR (32)\" \/>\n\t\t\t\t<\/div>\n\t\t\t<div  class=\"ms-slide\" data-delay=\"3\"    >\n\t\t\t\t\t<img decoding=\"async\" src=\"http:\/\/www.apucarana.pr.gov.br\/site\/wp-content\/plugins\/masterslider\/public\/assets\/css\/blank.gif\" alt=\"Inaugura\u00e7\u00e3o Gin\u00e1sio UTFPR (33)\" title=\"Inaugura\u00e7\u00e3o Gin\u00e1sio UTFPR (33)\" data-src=\"http:\/\/www.apucarana.pr.gov.br\/site\/wp-content\/uploads\/2025\/03\/Inauguracao-Ginasio-UTFPR-33-1024x683.jpg\" \/>\n\t<a href=\"http:\/\/www.apucarana.pr.gov.br\/site\/wp-content\/uploads\/2025\/03\/Inauguracao-Ginasio-UTFPR-33-1024x683.jpg\" target=\"_self\"    >Inaugura\u00e7\u00e3o Gin\u00e1sio UTFPR (33)<\/a>\n\n\n\t<img decoding=\"async\" class=\"ms-thumb\" src=\"http:\/\/www.apucarana.pr.gov.br\/site\/wp-content\/uploads\/2025\/03\/Inauguracao-Ginasio-UTFPR-33-1024x683-140x80.jpg\" alt=\"Inaugura\u00e7\u00e3o Gin\u00e1sio UTFPR (33)\" \/>\n\t\t\t\t<\/div>\n\t\t\t<div  class=\"ms-slide\" data-delay=\"3\"    >\n\t\t\t\t\t<img decoding=\"async\" src=\"http:\/\/www.apucarana.pr.gov.br\/site\/wp-content\/plugins\/masterslider\/public\/assets\/css\/blank.gif\" alt=\"Inaugura\u00e7\u00e3o Gin\u00e1sio UTFPR (38)\" title=\"Inaugura\u00e7\u00e3o Gin\u00e1sio UTFPR (38)\" data-src=\"http:\/\/www.apucarana.pr.gov.br\/site\/wp-content\/uploads\/2025\/03\/Inauguracao-Ginasio-UTFPR-38-1024x683.jpg\" \/>\n\t<a href=\"http:\/\/www.apucarana.pr.gov.br\/site\/wp-content\/uploads\/2025\/03\/Inauguracao-Ginasio-UTFPR-38-1024x683.jpg\" target=\"_self\"    >Inaugura\u00e7\u00e3o Gin\u00e1sio UTFPR (38)<\/a>\n\n\n\t<img decoding=\"async\" class=\"ms-thumb\" src=\"http:\/\/www.apucarana.pr.gov.br\/site\/wp-content\/uploads\/2025\/03\/Inauguracao-Ginasio-UTFPR-38-1024x683-140x80.jpg\" alt=\"Inaugura\u00e7\u00e3o Gin\u00e1sio UTFPR (38)\" \/>\n\t\t\t\t<\/div>\n\t\t\t<div  class=\"ms-slide\" data-delay=\"3\"    >\n\t\t\t\t\t<img decoding=\"async\" src=\"http:\/\/www.apucarana.pr.gov.br\/site\/wp-content\/plugins\/masterslider\/public\/assets\/css\/blank.gif\" alt=\"Inaugura\u00e7\u00e3o Gin\u00e1sio UTFPR (39)\" title=\"Inaugura\u00e7\u00e3o Gin\u00e1sio UTFPR (39)\" data-src=\"http:\/\/www.apucarana.pr.gov.br\/site\/wp-content\/uploads\/2025\/03\/Inauguracao-Ginasio-UTFPR-39-1024x683.jpg\" \/>\n\t<a href=\"http:\/\/www.apucarana.pr.gov.br\/site\/wp-content\/uploads\/2025\/03\/Inauguracao-Ginasio-UTFPR-39-1024x683.jpg\" target=\"_self\"    >Inaugura\u00e7\u00e3o Gin\u00e1sio UTFPR (39)<\/a>\n\n\n\t<img decoding=\"async\" class=\"ms-thumb\" src=\"http:\/\/www.apucarana.pr.gov.br\/site\/wp-content\/uploads\/2025\/03\/Inauguracao-Ginasio-UTFPR-39-1024x683-140x80.jpg\" alt=\"Inaugura\u00e7\u00e3o Gin\u00e1sio UTFPR (39)\" \/>\n\t\t\t\t<\/div>\n\t\t\t<div  class=\"ms-slide\" data-delay=\"3\"    >\n\t\t\t\t\t<img decoding=\"async\" src=\"http:\/\/www.apucarana.pr.gov.br\/site\/wp-content\/plugins\/masterslider\/public\/assets\/css\/blank.gif\" alt=\"Inaugura\u00e7\u00e3o Gin\u00e1sio UTFPR (41)\" title=\"Inaugura\u00e7\u00e3o Gin\u00e1sio UTFPR (41)\" data-src=\"http:\/\/www.apucarana.pr.gov.br\/site\/wp-content\/uploads\/2025\/03\/Inauguracao-Ginasio-UTFPR-41-1024x683.jpg\" \/>\n\t<a href=\"http:\/\/www.apucarana.pr.gov.br\/site\/wp-content\/uploads\/2025\/03\/Inauguracao-Ginasio-UTFPR-41-1024x683.jpg\" target=\"_self\"    >Inaugura\u00e7\u00e3o Gin\u00e1sio UTFPR (41)<\/a>\n\n\n\t<img decoding=\"async\" class=\"ms-thumb\" src=\"http:\/\/www.apucarana.pr.gov.br\/site\/wp-content\/uploads\/2025\/03\/Inauguracao-Ginasio-UTFPR-41-1024x683-140x80.jpg\" alt=\"Inaugura\u00e7\u00e3o Gin\u00e1sio UTFPR (41)\" \/>\n\t\t\t\t<\/div>\n\t\t\t<div  class=\"ms-slide\" data-delay=\"3\"    >\n\t\t\t\t\t<img decoding=\"async\" src=\"http:\/\/www.apucarana.pr.gov.br\/site\/wp-content\/plugins\/masterslider\/public\/assets\/css\/blank.gif\" alt=\"Inaugura\u00e7\u00e3o Gin\u00e1sio UTFPR (44)\" title=\"Inaugura\u00e7\u00e3o Gin\u00e1sio UTFPR (44)\" data-src=\"http:\/\/www.apucarana.pr.gov.br\/site\/wp-content\/uploads\/2025\/03\/Inauguracao-Ginasio-UTFPR-44-1024x683.jpg\" \/>\n\t<a href=\"http:\/\/www.apucarana.pr.gov.br\/site\/wp-content\/uploads\/2025\/03\/Inauguracao-Ginasio-UTFPR-44-1024x683.jpg\" target=\"_self\"    >Inaugura\u00e7\u00e3o Gin\u00e1sio UTFPR (44)<\/a>\n\n\n\t<img decoding=\"async\" class=\"ms-thumb\" src=\"http:\/\/www.apucarana.pr.gov.br\/site\/wp-content\/uploads\/2025\/03\/Inauguracao-Ginasio-UTFPR-44-1024x683-140x80.jpg\" alt=\"Inaugura\u00e7\u00e3o Gin\u00e1sio UTFPR (44)\" \/>\n\t\t\t\t<\/div>\n\t\t\t<div  class=\"ms-slide\" data-delay=\"3\"    >\n\t\t\t\t\t<img decoding=\"async\" src=\"http:\/\/www.apucarana.pr.gov.br\/site\/wp-content\/plugins\/masterslider\/public\/assets\/css\/blank.gif\" alt=\"Inaugura\u00e7\u00e3o Gin\u00e1sio UTFPR (47)\" title=\"Inaugura\u00e7\u00e3o Gin\u00e1sio UTFPR (47)\" data-src=\"http:\/\/www.apucarana.pr.gov.br\/site\/wp-content\/uploads\/2025\/03\/Inauguracao-Ginasio-UTFPR-47-1024x683.jpg\" \/>\n\t<a href=\"http:\/\/www.apucarana.pr.gov.br\/site\/wp-content\/uploads\/2025\/03\/Inauguracao-Ginasio-UTFPR-47-1024x683.jpg\" target=\"_self\"    >Inaugura\u00e7\u00e3o Gin\u00e1sio UTFPR (47)<\/a>\n\n\n\t<img decoding=\"async\" class=\"ms-thumb\" src=\"http:\/\/www.apucarana.pr.gov.br\/site\/wp-content\/uploads\/2025\/03\/Inauguracao-Ginasio-UTFPR-47-1024x683-140x80.jpg\" alt=\"Inaugura\u00e7\u00e3o Gin\u00e1sio UTFPR (47)\" \/>\n\t\t\t\t<\/div>\n\t\t\t<div  class=\"ms-slide\" data-delay=\"3\"    >\n\t\t\t\t\t<img decoding=\"async\" src=\"http:\/\/www.apucarana.pr.gov.br\/site\/wp-content\/plugins\/masterslider\/public\/assets\/css\/blank.gif\" alt=\"Inaugura\u00e7\u00e3o Gin\u00e1sio UTFPR (48)\" title=\"Inaugura\u00e7\u00e3o Gin\u00e1sio UTFPR (48)\" data-src=\"http:\/\/www.apucarana.pr.gov.br\/site\/wp-content\/uploads\/2025\/03\/Inauguracao-Ginasio-UTFPR-48-1024x683.jpg\" \/>\n\t<a href=\"http:\/\/www.apucarana.pr.gov.br\/site\/wp-content\/uploads\/2025\/03\/Inauguracao-Ginasio-UTFPR-48-1024x683.jpg\" target=\"_self\"    >Inaugura\u00e7\u00e3o Gin\u00e1sio UTFPR (48)<\/a>\n\n\n\t<img decoding=\"async\" class=\"ms-thumb\" src=\"http:\/\/www.apucarana.pr.gov.br\/site\/wp-content\/uploads\/2025\/03\/Inauguracao-Ginasio-UTFPR-48-1024x683-140x80.jpg\" alt=\"Inaugura\u00e7\u00e3o Gin\u00e1sio UTFPR (48)\" \/>\n\t\t\t\t<\/div>\n\t\t\t<div  class=\"ms-slide\" data-delay=\"3\"    >\n\t\t\t\t\t<img decoding=\"async\" src=\"http:\/\/www.apucarana.pr.gov.br\/site\/wp-content\/plugins\/masterslider\/public\/assets\/css\/blank.gif\" alt=\"Inaugura\u00e7\u00e3o Gin\u00e1sio UTFPR (50)\" title=\"Inaugura\u00e7\u00e3o Gin\u00e1sio UTFPR (50)\" data-src=\"http:\/\/www.apucarana.pr.gov.br\/site\/wp-content\/uploads\/2025\/03\/Inauguracao-Ginasio-UTFPR-50-1024x683.jpg\" \/>\n\t<a href=\"http:\/\/www.apucarana.pr.gov.br\/site\/wp-content\/uploads\/2025\/03\/Inauguracao-Ginasio-UTFPR-50-1024x683.jpg\" target=\"_self\"    >Inaugura\u00e7\u00e3o Gin\u00e1sio UTFPR (50)<\/a>\n\n\n\t<img decoding=\"async\" class=\"ms-thumb\" src=\"http:\/\/www.apucarana.pr.gov.br\/site\/wp-content\/uploads\/2025\/03\/Inauguracao-Ginasio-UTFPR-50-1024x683-140x80.jpg\" alt=\"Inaugura\u00e7\u00e3o Gin\u00e1sio UTFPR (50)\" \/>\n\t\t\t\t<\/div>\n\t\t\t<div  class=\"ms-slide\" data-delay=\"3\"    >\n\t\t\t\t\t<img decoding=\"async\" src=\"http:\/\/www.apucarana.pr.gov.br\/site\/wp-content\/plugins\/masterslider\/public\/assets\/css\/blank.gif\" alt=\"Inaugura\u00e7\u00e3o Gin\u00e1sio UTFPR (53)\" title=\"Inaugura\u00e7\u00e3o Gin\u00e1sio UTFPR (53)\" data-src=\"http:\/\/www.apucarana.pr.gov.br\/site\/wp-content\/uploads\/2025\/03\/Inauguracao-Ginasio-UTFPR-53-1024x683.jpg\" \/>\n\t<a href=\"http:\/\/www.apucarana.pr.gov.br\/site\/wp-content\/uploads\/2025\/03\/Inauguracao-Ginasio-UTFPR-53-1024x683.jpg\" target=\"_self\"    >Inaugura\u00e7\u00e3o Gin\u00e1sio UTFPR (53)<\/a>\n\n\n\t<img decoding=\"async\" class=\"ms-thumb\" src=\"http:\/\/www.apucarana.pr.gov.br\/site\/wp-content\/uploads\/2025\/03\/Inauguracao-Ginasio-UTFPR-53-1024x683-140x80.jpg\" alt=\"Inaugura\u00e7\u00e3o Gin\u00e1sio UTFPR (53)\" \/>\n\t\t\t\t<\/div>\n\t\t\t<div  class=\"ms-slide\" data-delay=\"3\"    >\n\t\t\t\t\t<img decoding=\"async\" src=\"http:\/\/www.apucarana.pr.gov.br\/site\/wp-content\/plugins\/masterslider\/public\/assets\/css\/blank.gif\" alt=\"Inaugura\u00e7\u00e3o Gin\u00e1sio UTFPR (54)\" title=\"Inaugura\u00e7\u00e3o Gin\u00e1sio UTFPR (54)\" data-src=\"http:\/\/www.apucarana.pr.gov.br\/site\/wp-content\/uploads\/2025\/03\/Inauguracao-Ginasio-UTFPR-54-1024x683.jpg\" \/>\n\t<a href=\"http:\/\/www.apucarana.pr.gov.br\/site\/wp-content\/uploads\/2025\/03\/Inauguracao-Ginasio-UTFPR-54-1024x683.jpg\" target=\"_self\"    >Inaugura\u00e7\u00e3o Gin\u00e1sio UTFPR (54)<\/a>\n\n\n\t<img decoding=\"async\" class=\"ms-thumb\" src=\"http:\/\/www.apucarana.pr.gov.br\/site\/wp-content\/uploads\/2025\/03\/Inauguracao-Ginasio-UTFPR-54-1024x683-140x80.jpg\" alt=\"Inaugura\u00e7\u00e3o Gin\u00e1sio UTFPR (54)\" \/>\n\t\t\t\t<\/div>\n\n\t\t\t<\/div>\n\t\t\t<!-- END MasterSlider Main -->\n\n\t\t\t \n\t\t<\/div>\n\t\t<!-- END MasterSlider -->\n\n\t\t<script>\n\t\t( window.MSReady = window.MSReady || [] ).push( function( $ ) {\n\n\t\t\t\"use strict\";\n\t\t\tvar masterslider_20b6 = new MasterSlider();\n\n\t\t\t\/\/ slider controls\n\t\t\tmasterslider_20b6.control('arrows'     ,{ autohide:true, overVideo:true  });\n\t\t\tmasterslider_20b6.control('thumblist'  ,{ autohide:false, overVideo:true, dir:'h', speed:17, inset:false, arrows:false, hover:false, customClass:'', align:'bottom',type:'thumbs', margin:2, width:140, height:80, space:2, fillMode:'fill'  });\n\t\t\t\/\/ slider setup\n\t\t\tmasterslider_20b6.setup(\"MS69f52e91320b6\", {\n\t\t\t\twidth           : 960,\n\t\t\t\theight          : 540,\n\t\t\t\tminHeight       : 0,\n\t\t\t\tspace           : 0,\n\t\t\t\tstart           : 1,\n\t\t\t\tgrabCursor      : true,\n\t\t\t\tswipe           : true,\n\t\t\t\tmouse           : true,\n\t\t\t\tkeyboard        : false,\n\t\t\t\tlayout          : \"fillwidth\",\n\t\t\t\twheel           : false,\n\t\t\t\tautoplay        : true,\n                instantStartLayers:false,\n\t\t\t\tmobileBGVideo:false,\n\t\t\t\tloop            : true,\n\t\t\t\tshuffle         : false,\n\t\t\t\tpreload         : 3,\n\t\t\t\theightLimit     : false,\n\t\t\t\tautoHeight      : false,\n\t\t\t\tsmoothHeight    : true,\n\t\t\t\tendPause        : false,\n\t\t\t\toverPause       : false,\n\t\t\t\tfillMode        : \"fill\",\n\t\t\t\tcenterControls  : true,\n\t\t\t\tstartOnAppear   : false,\n\t\t\t\tlayersMode      : \"center\",\n\t\t\t\tautofillTarget  : \"\",\n\t\t\t\thideLayers      : false,\n\t\t\t\tfullscreenMargin: 0,\n\t\t\t\tspeed           : 17,\n\t\t\t\tdir             : \"h\",\n\t\t\t\tresponsive      : true,\n\t\t\t\ttabletWidth     : 768,\n\t\t\t\ttabletHeight    : null,\n\t\t\t\tphoneWidth      : 480,\n\t\t\t\tphoneHeight    : null,\n\t\t\t\tsizingReference : window,\n\t\t\t\tparallaxMode    : 'swipe',\n\t\t\t\tview            : \"basic\"\n\t\t\t});\n\n\t\t\t\n\t\t\twindow.masterslider_instances = window.masterslider_instances || [];\n\t\t\twindow.masterslider_instances.push( masterslider_20b6 );\n\t\t});\n\t\t<\/script>\n\n\n<p>Ap\u00f3s sete anos de luta para viabilizar recursos e para liberar a execu\u00e7\u00e3o da obra, o gin\u00e1sio poliesportivo do c\u00e2mpus de Apucarana da Universidade Tecnol\u00f3gica Federal do Paran\u00e1 (UTFPR) foi inaugurado nesta quinta-feira (27\/03). A cerim\u00f4nia contou com a presen\u00e7a do secret\u00e1rio estadual da Inova\u00e7\u00e3o, Moderniza\u00e7\u00e3o e Transforma\u00e7\u00e3o Digital do Paran\u00e1 (SEI), Alex Canziani, do reitor da UTFPR, Everton Lozano da Silva, e do prefeito de Apucarana, Rodolfo Mota.<\/p>\n<p>O evento, que tamb\u00e9m contou com a presen\u00e7a de estudantes e de torcidas organizadas da institui\u00e7\u00e3o, foi finalizado com a disputa de p\u00eanaltis entre as autoridades e por uma partida de futsal entre estudantes, professores e convidados. Aproveitando o momento, o prefeito Rodolfo Mota sugeriu que Apucarana seja a sede de uma competi\u00e7\u00e3o reunindo todos os c\u00e2mpus da UTFPR no Paran\u00e1. A ideia foi prontamente acatada pelo reitor da institui\u00e7\u00e3o, que anunciou a realiza\u00e7\u00e3o em Apucarana da 1\u00aa Copa da UTFPR.<\/p>\n<p>O professor Marcelo Ferreira da Silva, diretor-geral da UTFPR, afirma que a jornada para constru\u00e7\u00e3o do gin\u00e1sio iniciou em 2018, quando na \u00e9poca o ent\u00e3o deputado federal Alex Canziani liberou uma emenda de R$ 900 mil para constru\u00e7\u00e3o do gin\u00e1sio. \u201cHouve um aporte do Minist\u00e9rio da Educa\u00e7\u00e3o de R$ 500 mil, somando um montante de R$ 1,4 milh\u00e3o, que \u00e0 \u00e9poca era suficiente para a constru\u00e7\u00e3o completa da obra\u201d, afirma Silva.<\/p>\n<p>No entanto, conforme relato do diretor-geral da UTFPR, houve uma den\u00fancia an\u00f4nima junto ao Tribunal de Contas da Uni\u00e3o contra a aplica\u00e7\u00e3o do recurso da emenda parlamentar. A situa\u00e7\u00e3o foi somente resolvida no final de 2021, quando o TCU julgou a a\u00e7\u00e3o improcedente.\u00a0 Como havia passado muito tempo, foi necess\u00e1rio fazer uma revis\u00e3o da planilha pois a pandemia da Covid havia encarecido os materiais de constru\u00e7\u00e3o. \u201cCom isso, o valor da obra que era de R$ 1,4 milh\u00e3o subiu para mais de R$ 2,2 milh\u00f5es\u201d, disse\u00a0 o professor, que se emocionou por v\u00e1rias vezes durante o relato. Depois disso, a nova luta foi para conseguir viabilizar os recursos que faltavam. \u201cEsta obra \u00e9 mais do que concreto e tijolos. Ela \u00e9 um s\u00edmbolo de resist\u00eancia, de compromisso, de f\u00e9 inabal\u00e1vel na educa\u00e7\u00e3o\u201d, assinala o diretor-geral da UTFPR.<\/p>\n<p>O reitor da UTFPR, Everton Lozano da Silva, afirma que uma das miss\u00f5es da institui\u00e7\u00e3o \u00e9 desenvolver as localidades onde existem os c\u00e2mpus. \u201cA educa\u00e7\u00e3o transforma, uma institui\u00e7\u00e3o transforma. Uma obra como essa, que foge dos padr\u00f5es de blocos de sala de aula e laborat\u00f3rios, tem a mesma import\u00e2ncia, porque parte da forma\u00e7\u00e3o passa pelo desenvolvimento de atividades esportivas e culturais. Com a abertura das portas \u00e0 comunidade, queremos inserir as pessoas neste patrim\u00f4nio que \u00e9 do povo de Apucarana\u201d, frisa o reitor, citando tamb\u00e9m outra obra que est\u00e1 em andamento no c\u00e2mpus, que \u00e9 o Centro de Inova\u00e7\u00e3o T\u00eaxtil, no valor de R$ 4,5 milh\u00f5es.<\/p>\n<p>O secret\u00e1rio Alex Canziani lembrou a hist\u00f3ria do c\u00e2mpus de Apucarana da UTFPR. \u201cNo in\u00edcio dos anos 2000, o governo federal tinha um programa chamado PROEP, que era o Programa de Expans\u00e3o de Educa\u00e7\u00e3o Profissional. Era a oportunidade para que entidades pudessem ter a condi\u00e7\u00e3o de formar m\u00e3o de obra para as suas atividades. Conseguimos ent\u00e3o os recursos para construir o que foi l\u00e1 no in\u00edcio o Centro Moda, uma escola voltada para a forma\u00e7\u00e3o de pessoas na \u00e1rea de confec\u00e7\u00f5es\u201d, recorda Canziani.<\/p>\n<p>Canziani afirma que posteriormente o Centro Moda foi inclu\u00eddo na lista de escolas t\u00e9cnicas que foram federalizadas pelo Minist\u00e9rio da Educa\u00e7\u00e3o, sendo transformada no atual c\u00e2mpus da UTFPR. \u201cE vejam no que se transformou. Olha a quantidade de pr\u00e9dios, a quantidade de laborat\u00f3rios, a quantidade de talentos que saem daqui para trabalhar nas melhores empresas de Apucarana e do Paran\u00e1\u201d, enfatiza Canziani.<\/p>\n<p>O prefeito Rodolfo Mota tamb\u00e9m lembrou do grande n\u00famero de estudantes de fora que v\u00eam a Apucarana, atra\u00eddos pelos cursos mantidos pela UTFPR. \u201cSejam bem-vindos e, junto com os nossos amigos de Apucarana, voc\u00eas ajudam a construir nossa cidade. A gente quer criar oportunidades para que voc\u00eas possam, depois de formados, ficar aqui e contribuir ainda mais com o desenvolvimento da nossa cidade\u201d, frisa Rodolfo Mota.<\/p>\n<p>O secret\u00e1rio municipal de Esportes, Bruno Marchi, afirma que a Prefeitura de Apucarana est\u00e1 cedendo duas tabelas de basquete, que ser\u00e3o utilizadas no gin\u00e1sio da UTFPR. \u201cQuando a gente assumiu havia oito tabelas paradas e estamos fornecendo para que elas d\u00eaem retorno e sejam utilizadas. Estamos destinando elas para o caminho certo, o caminho da educa\u00e7\u00e3o e do esporte\u201d, disse Marchi.<\/p>\n<p>A inaugura\u00e7\u00e3o tamb\u00e9m contou com a presen\u00e7a de empres\u00e1rios e de lideran\u00e7as da Acia e do F\u00f3rum Desenvolve Apucarana. O vereador Mois\u00e9s Tavares falou em nome dos demais vereadores presentes (Guilherme Livoti, Gabriel Caldeira e Sidnei da Levelimp).<\/p>\n","protected":false},"excerpt":{"rendered":"<p>Ap&oacute;s sete anos de luta para viabilizar recursos e para liberar a execu&ccedil;&atilde;o da obra, o gin&aacute;sio poliesportivo do c&acirc;mpus de Apucarana da Universidade Tecnol&oacute;gica Federal do Paran&aacute; (UTFPR) foi inaugurado nesta quinta-feira (27\/03). A cerim&ocirc;nia contou com a presen&ccedil;a do secret&aacute;rio estadual da Inova&ccedil;&atilde;o, Moderniza&ccedil;&atilde;o e Transforma&ccedil;&atilde;o Digital do Paran&aacute; (SEI), Alex Canziani, do [&hellip;]<\/p>\n","protected":false},"author":7,"featured_media":111556,"comment_status":"closed","ping_status":"closed","sticky":false,"template":"","format":"standard","meta":{"footnotes":""},"categories":[24],"tags":[],"class_list":["post-111544","post","type-post","status-publish","format-standard","has-post-thumbnail","hentry","category-noticias"],"acf":[],"_links":{"self":[{"href":"http:\/\/www.apucarana.pr.gov.br\/site\/wp-json\/wp\/v2\/posts\/111544","targetHints":{"allow":["GET"]}}],"collection":[{"href":"http:\/\/www.apucarana.pr.gov.br\/site\/wp-json\/wp\/v2\/posts"}],"about":[{"href":"http:\/\/www.apucarana.pr.gov.br\/site\/wp-json\/wp\/v2\/types\/post"}],"author":[{"embeddable":true,"href":"http:\/\/www.apucarana.pr.gov.br\/site\/wp-json\/wp\/v2\/users\/7"}],"replies":[{"embeddable":true,"href":"http:\/\/www.apucarana.pr.gov.br\/site\/wp-json\/wp\/v2\/comments?post=111544"}],"version-history":[{"count":2,"href":"http:\/\/www.apucarana.pr.gov.br\/site\/wp-json\/wp\/v2\/posts\/111544\/revisions"}],"predecessor-version":[{"id":111577,"href":"http:\/\/www.apucarana.pr.gov.br\/site\/wp-json\/wp\/v2\/posts\/111544\/revisions\/111577"}],"wp:featuredmedia":[{"embeddable":true,"href":"http:\/\/www.apucarana.pr.gov.br\/site\/wp-json\/wp\/v2\/media\/111556"}],"wp:attachment":[{"href":"http:\/\/www.apucarana.pr.gov.br\/site\/wp-json\/wp\/v2\/media?parent=111544"}],"wp:term":[{"taxonomy":"category","embeddable":true,"href":"http:\/\/www.apucarana.pr.gov.br\/site\/wp-json\/wp\/v2\/categories?post=111544"},{"taxonomy":"post_tag","embeddable":true,"href":"http:\/\/www.apucarana.pr.gov.br\/site\/wp-json\/wp\/v2\/tags?post=111544"}],"curies":[{"name":"wp","href":"https:\/\/api.w.org\/{rel}","templated":true}]}}