{"id":109425,"date":"2025-01-20T11:57:42","date_gmt":"2025-01-20T14:57:42","guid":{"rendered":"https:\/\/www.apucarana.pr.gov.br\/site\/?p=109425"},"modified":"2025-01-20T11:57:42","modified_gmt":"2025-01-20T14:57:42","slug":"sivale-e-apl-apresentam-demandas-do-setor-ao-prefeito-rodolfo-mota","status":"publish","type":"post","link":"http:\/\/www.apucarana.pr.gov.br\/site\/sivale-e-apl-apresentam-demandas-do-setor-ao-prefeito-rodolfo-mota\/","title":{"rendered":"Sivale e APL apresentam demandas do setor ao prefeito Rodolfo Mota"},"content":{"rendered":"\n\t\t<!-- MasterSlider -->\n\t\t<div id=\"P_MS69f4a264d9143\" class=\"master-slider-parent master-slider-gallery   ms-parent-id-0\" style=\"\" >\n\n\t\t\t\n\t\t\t<!-- MasterSlider Main -->\n\t\t\t<div id=\"MS69f4a264d9143\" class=\"master-slider ms-skin-default\" >\n\t\t\t\t \t\t\t\t \n\t\t\t<div  class=\"ms-slide\" data-delay=\"3\"    >\n\t\t\t\t\t<img decoding=\"async\" src=\"http:\/\/www.apucarana.pr.gov.br\/site\/wp-content\/plugins\/masterslider\/public\/assets\/css\/blank.gif\" alt=\"WhatsApp Image 2025-01-20 at 11.19.00\" title=\"WhatsApp Image 2025-01-20 at 11.19.00\" data-src=\"http:\/\/www.apucarana.pr.gov.br\/site\/wp-content\/uploads\/2025\/01\/WhatsApp-Image-2025-01-20-at-11.19.00-1024x768.jpeg\" \/>\n\t<a href=\"http:\/\/www.apucarana.pr.gov.br\/site\/wp-content\/uploads\/2025\/01\/WhatsApp-Image-2025-01-20-at-11.19.00-1024x768.jpeg\" target=\"_self\"    >WhatsApp Image 2025-01-20 at 11.19.00<\/a>\n\n\n\t<img decoding=\"async\" class=\"ms-thumb\" src=\"http:\/\/www.apucarana.pr.gov.br\/site\/wp-content\/uploads\/2025\/01\/WhatsApp-Image-2025-01-20-at-11.19.00-1024x768-140x80.jpeg\" alt=\"WhatsApp Image 2025-01-20 at 11.19.00\" \/>\n\t\t\t\t<\/div>\n\t\t\t<div  class=\"ms-slide\" data-delay=\"3\"    >\n\t\t\t\t\t<img decoding=\"async\" src=\"http:\/\/www.apucarana.pr.gov.br\/site\/wp-content\/plugins\/masterslider\/public\/assets\/css\/blank.gif\" alt=\"WhatsApp Image 2025-01-20 at 11.18.59\" title=\"WhatsApp Image 2025-01-20 at 11.18.59\" data-src=\"http:\/\/www.apucarana.pr.gov.br\/site\/wp-content\/uploads\/2025\/01\/WhatsApp-Image-2025-01-20-at-11.18.59-1024x768.jpeg\" \/>\n\t<a href=\"http:\/\/www.apucarana.pr.gov.br\/site\/wp-content\/uploads\/2025\/01\/WhatsApp-Image-2025-01-20-at-11.18.59-1024x768.jpeg\" target=\"_self\"    >WhatsApp Image 2025-01-20 at 11.18.59<\/a>\n\n\n\t<img decoding=\"async\" class=\"ms-thumb\" src=\"http:\/\/www.apucarana.pr.gov.br\/site\/wp-content\/uploads\/2025\/01\/WhatsApp-Image-2025-01-20-at-11.18.59-1024x768-140x80.jpeg\" alt=\"WhatsApp Image 2025-01-20 at 11.18.59\" \/>\n\t\t\t\t<\/div>\n\n\t\t\t<\/div>\n\t\t\t<!-- END MasterSlider Main -->\n\n\t\t\t \n\t\t<\/div>\n\t\t<!-- END MasterSlider -->\n\n\t\t<script>\n\t\t( window.MSReady = window.MSReady || [] ).push( function( $ ) {\n\n\t\t\t\"use strict\";\n\t\t\tvar masterslider_9143 = new MasterSlider();\n\n\t\t\t\/\/ slider controls\n\t\t\tmasterslider_9143.control('arrows'     ,{ autohide:true, overVideo:true  });\n\t\t\tmasterslider_9143.control('thumblist'  ,{ autohide:false, overVideo:true, dir:'h', speed:17, inset:false, arrows:false, hover:false, customClass:'', align:'bottom',type:'thumbs', margin:2, width:140, height:80, space:2, fillMode:'fill'  });\n\t\t\t\/\/ slider setup\n\t\t\tmasterslider_9143.setup(\"MS69f4a264d9143\", {\n\t\t\t\twidth           : 960,\n\t\t\t\theight          : 540,\n\t\t\t\tminHeight       : 0,\n\t\t\t\tspace           : 0,\n\t\t\t\tstart           : 1,\n\t\t\t\tgrabCursor      : true,\n\t\t\t\tswipe           : true,\n\t\t\t\tmouse           : true,\n\t\t\t\tkeyboard        : false,\n\t\t\t\tlayout          : \"fillwidth\",\n\t\t\t\twheel           : false,\n\t\t\t\tautoplay        : true,\n                instantStartLayers:false,\n\t\t\t\tmobileBGVideo:false,\n\t\t\t\tloop            : true,\n\t\t\t\tshuffle         : false,\n\t\t\t\tpreload         : 3,\n\t\t\t\theightLimit     : false,\n\t\t\t\tautoHeight      : false,\n\t\t\t\tsmoothHeight    : true,\n\t\t\t\tendPause        : false,\n\t\t\t\toverPause       : false,\n\t\t\t\tfillMode        : \"fill\",\n\t\t\t\tcenterControls  : true,\n\t\t\t\tstartOnAppear   : false,\n\t\t\t\tlayersMode      : \"center\",\n\t\t\t\tautofillTarget  : \"\",\n\t\t\t\thideLayers      : false,\n\t\t\t\tfullscreenMargin: 0,\n\t\t\t\tspeed           : 17,\n\t\t\t\tdir             : \"h\",\n\t\t\t\tresponsive      : true,\n\t\t\t\ttabletWidth     : 768,\n\t\t\t\ttabletHeight    : null,\n\t\t\t\tphoneWidth      : 480,\n\t\t\t\tphoneHeight    : null,\n\t\t\t\tsizingReference : window,\n\t\t\t\tparallaxMode    : 'swipe',\n\t\t\t\tview            : \"basic\"\n\t\t\t});\n\n\t\t\t\n\t\t\twindow.masterslider_instances = window.masterslider_instances || [];\n\t\t\twindow.masterslider_instances.push( masterslider_9143 );\n\t\t});\n\t\t<\/script>\n\n\n<p>O prefeito Rodolfo Mota se reuniu nesta segunda-feira (20\/01) com Elizabete Ardigo, presidente do Sindicato das Ind\u00fastrias do Vestu\u00e1rio de\u00a0Apucarana (Sivale) e com Jayme Leonel, presidente do Arranjo Produtivo Local (APL) de Bon\u00e9s e Vestu\u00e1rio.<\/p>\n<p>O prefeito &#8211; que esteve acompanhado na reuni\u00e3o por Marcos Dias, secret\u00e1rio municipal de Ind\u00fastria, Com\u00e9rcio e Emprego &#8211; destacou a import\u00e2ncia do setor de confec\u00e7\u00f5es para a economia da cidade. \u201c\u00c9 uma honra poder falar sobre essa matriz econ\u00f4mica que coloca comida na mesa de tantos apucaranenses. S\u00e3o cerca de 20 mil pessoas no setor de confec\u00e7\u00f5es e a gente precisa ter pol\u00edticas p\u00fablicas que incentivem as pessoas a trabalharem e a cuidarem das suas fam\u00edlias\u201d, pontua Rodolto Mota.<\/p>\n<p>O prop\u00f3sito das a\u00e7\u00f5es, conforme o prefeito, \u00e9 fazer com que as empresas do setor sejam cada vez mais pr\u00f3speras. \u201cO objetivo \u00e9\u00a0 fazer com que tudo o que \u00e9 produzido em Apucarana, que chega para o Brasil e tamb\u00e9m a outros pa\u00edses, tenha cada vez mais qualidade\u201d,\u00a0 refor\u00e7a o prefeito de Apucarana.<\/p>\n<p>Elizabete Ardigo afirma que essa foi a primeira reuni\u00e3o do ano com o chefe do Executivo. \u00a0\u201cViemos trazer as demandas do Sivale e do APL e vamos trabalhar juntos para fortalecer a cidade e o setor do vestu\u00e1rio\u201d, assinala a presidente do Sivale, que estava acompanhada de Patr\u00edcia Macedo Papa e Gilberto Cavallini, diretores da entidade.<\/p>\n","protected":false},"excerpt":{"rendered":"<p>O prefeito Rodolfo Mota se reuniu nesta segunda-feira (20\/01) com Elizabete Ardigo, presidente do Sindicato das Ind&uacute;strias do Vestu&aacute;rio de&nbsp;Apucarana (Sivale) e com Jayme Leonel, presidente do Arranjo Produtivo Local (APL) de Bon&eacute;s e Vestu&aacute;rio. O prefeito &ndash; que esteve acompanhado na reuni&atilde;o por Marcos Dias, secret&aacute;rio municipal de Ind&uacute;stria, Com&eacute;rcio e Emprego &ndash; destacou [&hellip;]<\/p>\n","protected":false},"author":6,"featured_media":109427,"comment_status":"closed","ping_status":"closed","sticky":false,"template":"","format":"standard","meta":{"footnotes":""},"categories":[24],"tags":[],"class_list":["post-109425","post","type-post","status-publish","format-standard","has-post-thumbnail","hentry","category-noticias"],"acf":[],"_links":{"self":[{"href":"http:\/\/www.apucarana.pr.gov.br\/site\/wp-json\/wp\/v2\/posts\/109425","targetHints":{"allow":["GET"]}}],"collection":[{"href":"http:\/\/www.apucarana.pr.gov.br\/site\/wp-json\/wp\/v2\/posts"}],"about":[{"href":"http:\/\/www.apucarana.pr.gov.br\/site\/wp-json\/wp\/v2\/types\/post"}],"author":[{"embeddable":true,"href":"http:\/\/www.apucarana.pr.gov.br\/site\/wp-json\/wp\/v2\/users\/6"}],"replies":[{"embeddable":true,"href":"http:\/\/www.apucarana.pr.gov.br\/site\/wp-json\/wp\/v2\/comments?post=109425"}],"version-history":[{"count":1,"href":"http:\/\/www.apucarana.pr.gov.br\/site\/wp-json\/wp\/v2\/posts\/109425\/revisions"}],"predecessor-version":[{"id":109428,"href":"http:\/\/www.apucarana.pr.gov.br\/site\/wp-json\/wp\/v2\/posts\/109425\/revisions\/109428"}],"wp:featuredmedia":[{"embeddable":true,"href":"http:\/\/www.apucarana.pr.gov.br\/site\/wp-json\/wp\/v2\/media\/109427"}],"wp:attachment":[{"href":"http:\/\/www.apucarana.pr.gov.br\/site\/wp-json\/wp\/v2\/media?parent=109425"}],"wp:term":[{"taxonomy":"category","embeddable":true,"href":"http:\/\/www.apucarana.pr.gov.br\/site\/wp-json\/wp\/v2\/categories?post=109425"},{"taxonomy":"post_tag","embeddable":true,"href":"http:\/\/www.apucarana.pr.gov.br\/site\/wp-json\/wp\/v2\/tags?post=109425"}],"curies":[{"name":"wp","href":"https:\/\/api.w.org\/{rel}","templated":true}]}}