{"id":108073,"date":"2024-11-26T12:50:50","date_gmt":"2024-11-26T15:50:50","guid":{"rendered":"https:\/\/www.apucarana.pr.gov.br\/site\/?p=108073"},"modified":"2024-11-26T12:50:50","modified_gmt":"2024-11-26T15:50:50","slug":"apucarana-capacita-servidores-sobre-a-lei-geral-de-protecao-de-dados","status":"publish","type":"post","link":"http:\/\/www.apucarana.pr.gov.br\/site\/apucarana-capacita-servidores-sobre-a-lei-geral-de-protecao-de-dados\/","title":{"rendered":"Apucarana capacita servidores sobre  a Lei Geral de Prote\u00e7\u00e3o de Dados"},"content":{"rendered":"\n\t\t<!-- MasterSlider -->\n\t\t<div id=\"P_MS69f376575578f\" class=\"master-slider-parent master-slider-gallery   ms-parent-id-0\" style=\"\" >\n\n\t\t\t\n\t\t\t<!-- MasterSlider Main -->\n\t\t\t<div id=\"MS69f376575578f\" class=\"master-slider ms-skin-default\" >\n\t\t\t\t \t\t\t\t \n\t\t\t<div  class=\"ms-slide\" data-delay=\"3\"    >\n\t\t\t\t\t<img decoding=\"async\" src=\"http:\/\/www.apucarana.pr.gov.br\/site\/wp-content\/plugins\/masterslider\/public\/assets\/css\/blank.gif\" alt=\"Palestra Prote\u00e7\u00e3o de dados 003\" title=\"Palestra Prote\u00e7\u00e3o de dados 003\" data-src=\"http:\/\/www.apucarana.pr.gov.br\/site\/wp-content\/uploads\/2024\/11\/Palestra-Protecao-de-dados-003-1024x683.jpg\" \/>\n\t<a href=\"http:\/\/www.apucarana.pr.gov.br\/site\/wp-content\/uploads\/2024\/11\/Palestra-Protecao-de-dados-003-1024x683.jpg\" target=\"_self\"    >Palestra Prote\u00e7\u00e3o de dados 003<\/a>\n\n\n\t<img decoding=\"async\" class=\"ms-thumb\" src=\"http:\/\/www.apucarana.pr.gov.br\/site\/wp-content\/uploads\/2024\/11\/Palestra-Protecao-de-dados-003-1024x683-140x80.jpg\" alt=\"Palestra Prote\u00e7\u00e3o de dados 003\" \/>\n\t\t\t\t<\/div>\n\t\t\t<div  class=\"ms-slide\" data-delay=\"3\"    >\n\t\t\t\t\t<img decoding=\"async\" src=\"http:\/\/www.apucarana.pr.gov.br\/site\/wp-content\/plugins\/masterslider\/public\/assets\/css\/blank.gif\" alt=\"Palestra Prote\u00e7\u00e3o de dados 004\" title=\"Palestra Prote\u00e7\u00e3o de dados 004\" data-src=\"http:\/\/www.apucarana.pr.gov.br\/site\/wp-content\/uploads\/2024\/11\/Palestra-Protecao-de-dados-004-1024x683.jpg\" \/>\n\t<a href=\"http:\/\/www.apucarana.pr.gov.br\/site\/wp-content\/uploads\/2024\/11\/Palestra-Protecao-de-dados-004-1024x683.jpg\" target=\"_self\"    >Palestra Prote\u00e7\u00e3o de dados 004<\/a>\n\n\n\t<img decoding=\"async\" class=\"ms-thumb\" src=\"http:\/\/www.apucarana.pr.gov.br\/site\/wp-content\/uploads\/2024\/11\/Palestra-Protecao-de-dados-004-1024x683-140x80.jpg\" alt=\"Palestra Prote\u00e7\u00e3o de dados 004\" \/>\n\t\t\t\t<\/div>\n\t\t\t<div  class=\"ms-slide\" data-delay=\"3\"    >\n\t\t\t\t\t<img decoding=\"async\" src=\"http:\/\/www.apucarana.pr.gov.br\/site\/wp-content\/plugins\/masterslider\/public\/assets\/css\/blank.gif\" alt=\"Palestra Prote\u00e7\u00e3o de dados 006\" title=\"Palestra Prote\u00e7\u00e3o de dados 006\" data-src=\"http:\/\/www.apucarana.pr.gov.br\/site\/wp-content\/uploads\/2024\/11\/Palestra-Protecao-de-dados-006-1024x683.jpg\" \/>\n\t<a href=\"http:\/\/www.apucarana.pr.gov.br\/site\/wp-content\/uploads\/2024\/11\/Palestra-Protecao-de-dados-006-1024x683.jpg\" target=\"_self\"    >Palestra Prote\u00e7\u00e3o de dados 006<\/a>\n\n\n\t<img decoding=\"async\" class=\"ms-thumb\" src=\"http:\/\/www.apucarana.pr.gov.br\/site\/wp-content\/uploads\/2024\/11\/Palestra-Protecao-de-dados-006-1024x683-140x80.jpg\" alt=\"Palestra Prote\u00e7\u00e3o de dados 006\" \/>\n\t\t\t\t<\/div>\n\t\t\t<div  class=\"ms-slide\" data-delay=\"3\"    >\n\t\t\t\t\t<img decoding=\"async\" src=\"http:\/\/www.apucarana.pr.gov.br\/site\/wp-content\/plugins\/masterslider\/public\/assets\/css\/blank.gif\" alt=\"Palestra Prote\u00e7\u00e3o de dados 007\" title=\"Palestra Prote\u00e7\u00e3o de dados 007\" data-src=\"http:\/\/www.apucarana.pr.gov.br\/site\/wp-content\/uploads\/2024\/11\/Palestra-Protecao-de-dados-007-1024x683.jpg\" \/>\n\t<a href=\"http:\/\/www.apucarana.pr.gov.br\/site\/wp-content\/uploads\/2024\/11\/Palestra-Protecao-de-dados-007-1024x683.jpg\" target=\"_self\"    >Palestra Prote\u00e7\u00e3o de dados 007<\/a>\n\n\n\t<img decoding=\"async\" class=\"ms-thumb\" src=\"http:\/\/www.apucarana.pr.gov.br\/site\/wp-content\/uploads\/2024\/11\/Palestra-Protecao-de-dados-007-1024x683-140x80.jpg\" alt=\"Palestra Prote\u00e7\u00e3o de dados 007\" \/>\n\t\t\t\t<\/div>\n\t\t\t<div  class=\"ms-slide\" data-delay=\"3\"    >\n\t\t\t\t\t<img decoding=\"async\" src=\"http:\/\/www.apucarana.pr.gov.br\/site\/wp-content\/plugins\/masterslider\/public\/assets\/css\/blank.gif\" alt=\"Palestra Prote\u00e7\u00e3o de dados 008\" title=\"Palestra Prote\u00e7\u00e3o de dados 008\" data-src=\"http:\/\/www.apucarana.pr.gov.br\/site\/wp-content\/uploads\/2024\/11\/Palestra-Protecao-de-dados-008-1024x683.jpg\" \/>\n\t<a href=\"http:\/\/www.apucarana.pr.gov.br\/site\/wp-content\/uploads\/2024\/11\/Palestra-Protecao-de-dados-008-1024x683.jpg\" target=\"_self\"    >Palestra Prote\u00e7\u00e3o de dados 008<\/a>\n\n\n\t<img decoding=\"async\" class=\"ms-thumb\" src=\"http:\/\/www.apucarana.pr.gov.br\/site\/wp-content\/uploads\/2024\/11\/Palestra-Protecao-de-dados-008-1024x683-140x80.jpg\" alt=\"Palestra Prote\u00e7\u00e3o de dados 008\" \/>\n\t\t\t\t<\/div>\n\n\t\t\t<\/div>\n\t\t\t<!-- END MasterSlider Main -->\n\n\t\t\t \n\t\t<\/div>\n\t\t<!-- END MasterSlider -->\n\n\t\t<script>\n\t\t( window.MSReady = window.MSReady || [] ).push( function( $ ) {\n\n\t\t\t\"use strict\";\n\t\t\tvar masterslider_578f = new MasterSlider();\n\n\t\t\t\/\/ slider controls\n\t\t\tmasterslider_578f.control('arrows'     ,{ autohide:true, overVideo:true  });\n\t\t\tmasterslider_578f.control('thumblist'  ,{ autohide:false, overVideo:true, dir:'h', speed:17, inset:false, arrows:false, hover:false, customClass:'', align:'bottom',type:'thumbs', margin:2, width:140, height:80, space:2, fillMode:'fill'  });\n\t\t\t\/\/ slider setup\n\t\t\tmasterslider_578f.setup(\"MS69f376575578f\", {\n\t\t\t\twidth           : 960,\n\t\t\t\theight          : 540,\n\t\t\t\tminHeight       : 0,\n\t\t\t\tspace           : 0,\n\t\t\t\tstart           : 1,\n\t\t\t\tgrabCursor      : true,\n\t\t\t\tswipe           : true,\n\t\t\t\tmouse           : true,\n\t\t\t\tkeyboard        : false,\n\t\t\t\tlayout          : \"fillwidth\",\n\t\t\t\twheel           : false,\n\t\t\t\tautoplay        : true,\n                instantStartLayers:false,\n\t\t\t\tmobileBGVideo:false,\n\t\t\t\tloop            : true,\n\t\t\t\tshuffle         : false,\n\t\t\t\tpreload         : 3,\n\t\t\t\theightLimit     : false,\n\t\t\t\tautoHeight      : false,\n\t\t\t\tsmoothHeight    : true,\n\t\t\t\tendPause        : false,\n\t\t\t\toverPause       : false,\n\t\t\t\tfillMode        : \"fill\",\n\t\t\t\tcenterControls  : true,\n\t\t\t\tstartOnAppear   : false,\n\t\t\t\tlayersMode      : \"center\",\n\t\t\t\tautofillTarget  : \"\",\n\t\t\t\thideLayers      : false,\n\t\t\t\tfullscreenMargin: 0,\n\t\t\t\tspeed           : 17,\n\t\t\t\tdir             : \"h\",\n\t\t\t\tresponsive      : true,\n\t\t\t\ttabletWidth     : 768,\n\t\t\t\ttabletHeight    : null,\n\t\t\t\tphoneWidth      : 480,\n\t\t\t\tphoneHeight    : null,\n\t\t\t\tsizingReference : window,\n\t\t\t\tparallaxMode    : 'swipe',\n\t\t\t\tview            : \"basic\"\n\t\t\t});\n\n\t\t\t\n\t\t\twindow.masterslider_instances = window.masterslider_instances || [];\n\t\t\twindow.masterslider_instances.push( masterslider_578f );\n\t\t});\n\t\t<\/script>\n\n\n<p>A Prefeitura de Apucarana, por meio do Departamento de Tecnologia da Informa\u00e7\u00e3o (DTI), est\u00e1 promovendo a capacita\u00e7\u00e3o de servidores municipais sobre a Lei Geral de Prote\u00e7\u00e3o de Dados Pessoais. O primeiro grupo de funcion\u00e1rios participou do treinamento nesta ter\u00e7a-feira (26\/11) e outras capacita\u00e7\u00f5es est\u00e3o agendadas para o dias 3 e 12 de dezembro.<\/p>\n<p>O prefeito Junior da Femac afirma que a iniciativa visa adequar os processos internos \u00e0 Lei n\u00ba 13.709, promulgada pelo governo federal em 2018. \u201cO Munic\u00edpio recepcionou a lei e est\u00e1 montando todos os processos para fazer a ades\u00e3o integral. \u00c9 uma a\u00e7\u00e3o complexa e burocr\u00e1tica, mas extremamente necess\u00e1ria&#8221;, avalia Junior da Femac.<\/p>\n<p>De acordo com Andr\u00e9 Gustavo Burin, superintendente municipal de TI, a capacita\u00e7\u00e3o \u00e9 uma das a\u00e7\u00f5es previstas no Plano Diretor de Tecnologia da Informa\u00e7\u00e3o. \u201cO estudo deste plano foi realizado no ano passado e agora iniciamos a execu\u00e7\u00e3o. Essa capacita\u00e7\u00e3o introduz a Lei Geral de Prote\u00e7\u00e3o de Dados Pessoais, conscientizando os servidores sobre a responsabilidade que o \u00f3rg\u00e3o p\u00fablico tem no sentido de assegurar o direito \u00e0 privacidade e \u00e0 prote\u00e7\u00e3o de dados pessoais dos usu\u00e1rios\u201d, pontua Burin.<\/p>\n<p>Burin explica que a legisla\u00e7\u00e3o j\u00e1 est\u00e1 em vigor e que os munic\u00edpios est\u00e3o sujeitos \u00e0 fiscaliza\u00e7\u00e3o da Autoridade Nacional de Prote\u00e7\u00e3o de Dados Pessoais (ANPD). \u201cQuando falamos em dados, n\u00e3o s\u00e3o apenas aqueles do sistema, mas tamb\u00e9m aqueles que s\u00e3o fornecidos pelos cidad\u00e3os nos atendimentos di\u00e1rios. Toda intera\u00e7\u00e3o envolve dados e fornecimento de informa\u00e7\u00f5es. Quando a pessoa faz um protocolo ela se identifica, fornecendo o CPF e endere\u00e7o, entre outras informa\u00e7\u00f5es. Esses dados ficam armanezados no sistema e s\u00e3o de responsabilidade do \u00f3rg\u00e3o p\u00fablico\u201d, frisa.<\/p>\n<p>Burin afirma que o treinamento \u00e9 aberto a todos os servidores e est\u00e1 sendo ministrado pelos professores doutores, Rodolfo Barros e Vanessa Barros, ligados \u00e0 Funda\u00e7\u00e3o de Apoio ao Desenvolvimento da UEL (FAUEL). \u201cAl\u00e9m da capacita\u00e7\u00e3o de hoje, est\u00e3o agendadas mais duas direcionadas para outros grupos de servidores nos dias 3 e 12 de dezembro, ou seja, os servidores ter\u00e3o tr\u00eas oportunidades de se capacitarem\u201d, completa Burin.<\/p>\n","protected":false},"excerpt":{"rendered":"<p>A Prefeitura de Apucarana, por meio do Departamento de Tecnologia da Informa&ccedil;&atilde;o (DTI), est&aacute; promovendo a capacita&ccedil;&atilde;o de servidores municipais sobre a Lei Geral de Prote&ccedil;&atilde;o de Dados Pessoais. O primeiro grupo de funcion&aacute;rios participou do treinamento nesta ter&ccedil;a-feira (26\/11) e outras capacita&ccedil;&otilde;es est&atilde;o agendadas para o dias 3 e 12 de dezembro. O prefeito [&hellip;]<\/p>\n","protected":false},"author":6,"featured_media":108078,"comment_status":"closed","ping_status":"closed","sticky":false,"template":"","format":"standard","meta":{"footnotes":""},"categories":[24],"tags":[],"class_list":["post-108073","post","type-post","status-publish","format-standard","has-post-thumbnail","hentry","category-noticias"],"acf":[],"_links":{"self":[{"href":"http:\/\/www.apucarana.pr.gov.br\/site\/wp-json\/wp\/v2\/posts\/108073","targetHints":{"allow":["GET"]}}],"collection":[{"href":"http:\/\/www.apucarana.pr.gov.br\/site\/wp-json\/wp\/v2\/posts"}],"about":[{"href":"http:\/\/www.apucarana.pr.gov.br\/site\/wp-json\/wp\/v2\/types\/post"}],"author":[{"embeddable":true,"href":"http:\/\/www.apucarana.pr.gov.br\/site\/wp-json\/wp\/v2\/users\/6"}],"replies":[{"embeddable":true,"href":"http:\/\/www.apucarana.pr.gov.br\/site\/wp-json\/wp\/v2\/comments?post=108073"}],"version-history":[{"count":1,"href":"http:\/\/www.apucarana.pr.gov.br\/site\/wp-json\/wp\/v2\/posts\/108073\/revisions"}],"predecessor-version":[{"id":108079,"href":"http:\/\/www.apucarana.pr.gov.br\/site\/wp-json\/wp\/v2\/posts\/108073\/revisions\/108079"}],"wp:featuredmedia":[{"embeddable":true,"href":"http:\/\/www.apucarana.pr.gov.br\/site\/wp-json\/wp\/v2\/media\/108078"}],"wp:attachment":[{"href":"http:\/\/www.apucarana.pr.gov.br\/site\/wp-json\/wp\/v2\/media?parent=108073"}],"wp:term":[{"taxonomy":"category","embeddable":true,"href":"http:\/\/www.apucarana.pr.gov.br\/site\/wp-json\/wp\/v2\/categories?post=108073"},{"taxonomy":"post_tag","embeddable":true,"href":"http:\/\/www.apucarana.pr.gov.br\/site\/wp-json\/wp\/v2\/tags?post=108073"}],"curies":[{"name":"wp","href":"https:\/\/api.w.org\/{rel}","templated":true}]}}