{"id":107431,"date":"2024-10-30T17:41:33","date_gmt":"2024-10-30T20:41:33","guid":{"rendered":"https:\/\/www.apucarana.pr.gov.br\/site\/?p=107431"},"modified":"2024-10-30T17:41:33","modified_gmt":"2024-10-30T20:41:33","slug":"apucarana-sediara-a-1a-conferencia-municipal-climatica","status":"publish","type":"post","link":"http:\/\/www.apucarana.pr.gov.br\/site\/apucarana-sediara-a-1a-conferencia-municipal-climatica\/","title":{"rendered":"Apucarana sediar\u00e1 a 1a\u00a0Confer\u00eancia Municipal Clim\u00e1tica"},"content":{"rendered":"\n\t\t<!-- MasterSlider -->\n\t\t<div id=\"P_MS69f3fdaf55f9e\" class=\"master-slider-parent master-slider-gallery   ms-parent-id-0\" style=\"\" >\n\n\t\t\t\n\t\t\t<!-- MasterSlider Main -->\n\t\t\t<div id=\"MS69f3fdaf55f9e\" class=\"master-slider ms-skin-default\" >\n\t\t\t\t \t\t\t\t \n\t\t\t<div  class=\"ms-slide\" data-delay=\"3\"    >\n\t\t\t\t\t<img decoding=\"async\" src=\"http:\/\/www.apucarana.pr.gov.br\/site\/wp-content\/plugins\/masterslider\/public\/assets\/css\/blank.gif\" alt=\"JABOTI (13)\" title=\"JABOTI (13)\" data-src=\"http:\/\/www.apucarana.pr.gov.br\/site\/wp-content\/uploads\/2024\/10\/JABOTI-13.jpg\" \/>\n\t<a href=\"http:\/\/www.apucarana.pr.gov.br\/site\/wp-content\/uploads\/2024\/10\/JABOTI-13.jpg\" target=\"_self\"    >JABOTI (13)<\/a>\n\n\n\t<img decoding=\"async\" class=\"ms-thumb\" src=\"http:\/\/www.apucarana.pr.gov.br\/site\/wp-content\/uploads\/2024\/10\/JABOTI-13-140x80.jpg\" alt=\"JABOTI (13)\" \/>\n\t\t\t\t<\/div>\n\t\t\t<div  class=\"ms-slide\" data-delay=\"3\"    >\n\t\t\t\t\t<img decoding=\"async\" src=\"http:\/\/www.apucarana.pr.gov.br\/site\/wp-content\/plugins\/masterslider\/public\/assets\/css\/blank.gif\" alt=\"Jair_Ferreira_capivaras_lago_jaboti\" title=\"Jair_Ferreira_capivaras_lago_jaboti\" data-src=\"http:\/\/www.apucarana.pr.gov.br\/site\/wp-content\/uploads\/2024\/10\/Jair_Ferreira_capivaras_lago_jaboti-1024x683.jpg\" \/>\n\t<a href=\"http:\/\/www.apucarana.pr.gov.br\/site\/wp-content\/uploads\/2024\/10\/Jair_Ferreira_capivaras_lago_jaboti-1024x683.jpg\" target=\"_self\"    >Jair_Ferreira_capivaras_lago_jaboti<\/a>\n\n\n\t<img decoding=\"async\" class=\"ms-thumb\" src=\"http:\/\/www.apucarana.pr.gov.br\/site\/wp-content\/uploads\/2024\/10\/Jair_Ferreira_capivaras_lago_jaboti-1024x683-140x80.jpg\" alt=\"Jair_Ferreira_capivaras_lago_jaboti\" \/>\n\t\t\t\t<\/div>\n\t\t\t<div  class=\"ms-slide\" data-delay=\"3\"    >\n\t\t\t\t\t<img decoding=\"async\" src=\"http:\/\/www.apucarana.pr.gov.br\/site\/wp-content\/plugins\/masterslider\/public\/assets\/css\/blank.gif\" alt=\"Jair_Ferreira_lago_jaboti1\" title=\"Jair_Ferreira_lago_jaboti1\" data-src=\"http:\/\/www.apucarana.pr.gov.br\/site\/wp-content\/uploads\/2024\/10\/Jair_Ferreira_lago_jaboti1-1024x576.jpg\" \/>\n\t<a href=\"http:\/\/www.apucarana.pr.gov.br\/site\/wp-content\/uploads\/2024\/10\/Jair_Ferreira_lago_jaboti1-1024x576.jpg\" target=\"_self\"    >Jair_Ferreira_lago_jaboti1<\/a>\n\n\n\t<img decoding=\"async\" class=\"ms-thumb\" src=\"http:\/\/www.apucarana.pr.gov.br\/site\/wp-content\/uploads\/2024\/10\/Jair_Ferreira_lago_jaboti1-1024x576-140x80.jpg\" alt=\"Jair_Ferreira_lago_jaboti1\" \/>\n\t\t\t\t<\/div>\n\t\t\t<div  class=\"ms-slide\" data-delay=\"3\"    >\n\t\t\t\t\t<img decoding=\"async\" src=\"http:\/\/www.apucarana.pr.gov.br\/site\/wp-content\/plugins\/masterslider\/public\/assets\/css\/blank.gif\" alt=\"Lago Jaboti 004\" title=\"Lago Jaboti 004\" data-src=\"http:\/\/www.apucarana.pr.gov.br\/site\/wp-content\/uploads\/2024\/10\/Lago-Jaboti-004-1024x576.jpg\" \/>\n\t<a href=\"http:\/\/www.apucarana.pr.gov.br\/site\/wp-content\/uploads\/2024\/10\/Lago-Jaboti-004-1024x576.jpg\" target=\"_self\"    >Lago Jaboti 004<\/a>\n\n\n\t<img decoding=\"async\" class=\"ms-thumb\" src=\"http:\/\/www.apucarana.pr.gov.br\/site\/wp-content\/uploads\/2024\/10\/Lago-Jaboti-004-1024x576-140x80.jpg\" alt=\"Lago Jaboti 004\" \/>\n\t\t\t\t<\/div>\n\t\t\t<div  class=\"ms-slide\" data-delay=\"3\"    >\n\t\t\t\t\t<img decoding=\"async\" src=\"http:\/\/www.apucarana.pr.gov.br\/site\/wp-content\/plugins\/masterslider\/public\/assets\/css\/blank.gif\" alt=\"Lago Jaboti 017\" title=\"Lago Jaboti 017\" data-src=\"http:\/\/www.apucarana.pr.gov.br\/site\/wp-content\/uploads\/2024\/10\/Lago-Jaboti-017-1024x576.jpg\" \/>\n\t<a href=\"http:\/\/www.apucarana.pr.gov.br\/site\/wp-content\/uploads\/2024\/10\/Lago-Jaboti-017-1024x576.jpg\" target=\"_self\"    >Lago Jaboti 017<\/a>\n\n\n\t<img decoding=\"async\" class=\"ms-thumb\" src=\"http:\/\/www.apucarana.pr.gov.br\/site\/wp-content\/uploads\/2024\/10\/Lago-Jaboti-017-1024x576-140x80.jpg\" alt=\"Lago Jaboti 017\" \/>\n\t\t\t\t<\/div>\n\t\t\t<div  class=\"ms-slide\" data-delay=\"3\"    >\n\t\t\t\t\t<img decoding=\"async\" src=\"http:\/\/www.apucarana.pr.gov.br\/site\/wp-content\/plugins\/masterslider\/public\/assets\/css\/blank.gif\" alt=\"Plantio Arvores raposa 073\" title=\"Plantio Arvores raposa 073\" data-src=\"http:\/\/www.apucarana.pr.gov.br\/site\/wp-content\/uploads\/2024\/10\/Plantio-Arvores-raposa-073-1024x683.jpg\" \/>\n\t<a href=\"http:\/\/www.apucarana.pr.gov.br\/site\/wp-content\/uploads\/2024\/10\/Plantio-Arvores-raposa-073-1024x683.jpg\" target=\"_self\"    >Plantio Arvores raposa 073<\/a>\n\n\n\t<img decoding=\"async\" class=\"ms-thumb\" src=\"http:\/\/www.apucarana.pr.gov.br\/site\/wp-content\/uploads\/2024\/10\/Plantio-Arvores-raposa-073-1024x683-140x80.jpg\" alt=\"Plantio Arvores raposa 073\" \/>\n\t\t\t\t<\/div>\n\n\t\t\t<\/div>\n\t\t\t<!-- END MasterSlider Main -->\n\n\t\t\t \n\t\t<\/div>\n\t\t<!-- END MasterSlider -->\n\n\t\t<script>\n\t\t( window.MSReady = window.MSReady || [] ).push( function( $ ) {\n\n\t\t\t\"use strict\";\n\t\t\tvar masterslider_5f9e = new MasterSlider();\n\n\t\t\t\/\/ slider controls\n\t\t\tmasterslider_5f9e.control('arrows'     ,{ autohide:true, overVideo:true  });\n\t\t\tmasterslider_5f9e.control('thumblist'  ,{ autohide:false, overVideo:true, dir:'h', speed:17, inset:false, arrows:false, hover:false, customClass:'', align:'bottom',type:'thumbs', margin:2, width:140, height:80, space:2, fillMode:'fill'  });\n\t\t\t\/\/ slider setup\n\t\t\tmasterslider_5f9e.setup(\"MS69f3fdaf55f9e\", {\n\t\t\t\twidth           : 960,\n\t\t\t\theight          : 540,\n\t\t\t\tminHeight       : 0,\n\t\t\t\tspace           : 0,\n\t\t\t\tstart           : 1,\n\t\t\t\tgrabCursor      : true,\n\t\t\t\tswipe           : true,\n\t\t\t\tmouse           : true,\n\t\t\t\tkeyboard        : false,\n\t\t\t\tlayout          : \"fillwidth\",\n\t\t\t\twheel           : false,\n\t\t\t\tautoplay        : true,\n                instantStartLayers:false,\n\t\t\t\tmobileBGVideo:false,\n\t\t\t\tloop            : true,\n\t\t\t\tshuffle         : false,\n\t\t\t\tpreload         : 3,\n\t\t\t\theightLimit     : false,\n\t\t\t\tautoHeight      : false,\n\t\t\t\tsmoothHeight    : true,\n\t\t\t\tendPause        : false,\n\t\t\t\toverPause       : false,\n\t\t\t\tfillMode        : \"fill\",\n\t\t\t\tcenterControls  : true,\n\t\t\t\tstartOnAppear   : false,\n\t\t\t\tlayersMode      : \"center\",\n\t\t\t\tautofillTarget  : \"\",\n\t\t\t\thideLayers      : false,\n\t\t\t\tfullscreenMargin: 0,\n\t\t\t\tspeed           : 17,\n\t\t\t\tdir             : \"h\",\n\t\t\t\tresponsive      : true,\n\t\t\t\ttabletWidth     : 768,\n\t\t\t\ttabletHeight    : null,\n\t\t\t\tphoneWidth      : 480,\n\t\t\t\tphoneHeight    : null,\n\t\t\t\tsizingReference : window,\n\t\t\t\tparallaxMode    : 'swipe',\n\t\t\t\tview            : \"basic\"\n\t\t\t});\n\n\t\t\t\n\t\t\twindow.masterslider_instances = window.masterslider_instances || [];\n\t\t\twindow.masterslider_instances.push( masterslider_5f9e );\n\t\t});\n\t\t<\/script>\n\n\n<p>Apucarana ir\u00e1 sediar no dia 27 de novembro, no Anfiteatro da Universidade Tecnol\u00f3gica Federal do Paran\u00e1 (UTFPR), a 1\u00aa Confer\u00eancia Municipal do Meio Ambiente de Apucarana. O evento \u00e9 uma das etapas mais importantes da 5\u00aa Confer\u00eancia Nacional do Meio Ambiente (CNMA) e tem como objetivo incentivar a ampla participa\u00e7\u00e3o da popula\u00e7\u00e3o na constru\u00e7\u00e3o de propostas para enfrentar os desafios clim\u00e1ticos, al\u00e9m de eleger delegados que representar\u00e3o o munic\u00edpio na etapa estadual.<\/p>\n<p>Para o prefeito de Apucarana, Junior da Femac, este ser\u00e1 um momento de grande import\u00e2ncia para o Munic\u00edpio e toda a regi\u00e3o, que tamb\u00e9m deve se engajar na luta pela preserva\u00e7\u00e3o do meio ambiente e as mudan\u00e7as clim\u00e1ticas. \u201cEstamos preparando a confer\u00eancia e esperamos contar com a participa\u00e7\u00e3o de todos segmentos organizados da nossa sociedade\u201d, assinala ele.<\/p>\n<p>A mobiliza\u00e7\u00e3o para as confer\u00eancias municipais tamb\u00e9m \u00e9 refor\u00e7ada pelo governo federal e por organiza\u00e7\u00f5es de representa\u00e7\u00e3o dos munic\u00edpios que integram a Comiss\u00e3o Organizadora da 5\u00aa CNMA, como a Associa\u00e7\u00e3o Nacional de \u00d3rg\u00e3os Municipais de Meio Ambiente (Anamma), a Confedera\u00e7\u00e3o Nacional de Munic\u00edpios (CNM) e a Frente Nacional dos Prefeitos (FNP).<\/p>\n<p>\u201cA participa\u00e7\u00e3o dos munic\u00edpios nas confer\u00eancias do meio ambiente \u00e9 de extrema import\u00e2ncia por diversas raz\u00f5es. Primeiramente, os munic\u00edpios est\u00e3o mais pr\u00f3ximos da popula\u00e7\u00e3o e, portanto, t\u00eam uma compreens\u00e3o mais aprofundada das realidades locais e das necessidades espec\u00edficas de suas comunidades. Essa proximidade permite que as a\u00e7\u00f5es e pol\u00edticas ambientais sejam implementadas de forma mais eficaz\u201d, explica Marina Silva, Ministra do Meio Ambiente e Mudan\u00e7a do Clima.<\/p>\n<p><strong>Sobre a Confer\u00eancia<\/strong><\/p>\n<p>O secret\u00e1rio de meio ambiente Gentil Pereira, e o superintendente da Sema, S\u00e9rgio Bobig, informam que na confer\u00eancia municipal, os participantes poder\u00e3o apresentar propostas contra os efeitos causadores da emerg\u00eancia clim\u00e1tica para os cinco eixos definidos pela 5\u00aa Confer\u00eancia Nacional do Meio Ambiente: mitiga\u00e7\u00e3o; adapta\u00e7\u00e3o e prepara\u00e7\u00e3o para desastres; justi\u00e7a clim\u00e1tica; transforma\u00e7\u00e3o ecol\u00f3gica; e governan\u00e7a e educa\u00e7\u00e3o ambiental.<\/p>\n<p>Qualquer brasileiro ou brasileira maior de 16 anos pode participar da confer\u00eancia e votar nos delegados. Poder\u00e3o ser levantadas, por munic\u00edpio, at\u00e9 dez propostas, sendo duas para cada um dos eixos tem\u00e1ticos. As propostas priorizadas ser\u00e3o encaminhadas para a Comiss\u00e3o Organizadora Estadual e ser\u00e3o inclu\u00eddas no Caderno de Propostas que ser\u00e1 debatido nas Confer\u00eancias Estaduais.<\/p>\n","protected":false},"excerpt":{"rendered":"<p>Apucarana ir&aacute; sediar no dia 27 de novembro, no Anfiteatro da Universidade Tecnol&oacute;gica Federal do Paran&aacute; (UTFPR), a 1&ordf; Confer&ecirc;ncia Municipal do Meio Ambiente de Apucarana. O evento &eacute; uma das etapas mais importantes da 5&ordf; Confer&ecirc;ncia Nacional do Meio Ambiente (CNMA) e tem como objetivo incentivar a ampla participa&ccedil;&atilde;o da popula&ccedil;&atilde;o na constru&ccedil;&atilde;o de [&hellip;]<\/p>\n","protected":false},"author":7,"featured_media":107432,"comment_status":"closed","ping_status":"closed","sticky":false,"template":"","format":"standard","meta":{"footnotes":""},"categories":[24],"tags":[],"class_list":["post-107431","post","type-post","status-publish","format-standard","has-post-thumbnail","hentry","category-noticias"],"acf":[],"_links":{"self":[{"href":"http:\/\/www.apucarana.pr.gov.br\/site\/wp-json\/wp\/v2\/posts\/107431","targetHints":{"allow":["GET"]}}],"collection":[{"href":"http:\/\/www.apucarana.pr.gov.br\/site\/wp-json\/wp\/v2\/posts"}],"about":[{"href":"http:\/\/www.apucarana.pr.gov.br\/site\/wp-json\/wp\/v2\/types\/post"}],"author":[{"embeddable":true,"href":"http:\/\/www.apucarana.pr.gov.br\/site\/wp-json\/wp\/v2\/users\/7"}],"replies":[{"embeddable":true,"href":"http:\/\/www.apucarana.pr.gov.br\/site\/wp-json\/wp\/v2\/comments?post=107431"}],"version-history":[{"count":1,"href":"http:\/\/www.apucarana.pr.gov.br\/site\/wp-json\/wp\/v2\/posts\/107431\/revisions"}],"predecessor-version":[{"id":107438,"href":"http:\/\/www.apucarana.pr.gov.br\/site\/wp-json\/wp\/v2\/posts\/107431\/revisions\/107438"}],"wp:featuredmedia":[{"embeddable":true,"href":"http:\/\/www.apucarana.pr.gov.br\/site\/wp-json\/wp\/v2\/media\/107432"}],"wp:attachment":[{"href":"http:\/\/www.apucarana.pr.gov.br\/site\/wp-json\/wp\/v2\/media?parent=107431"}],"wp:term":[{"taxonomy":"category","embeddable":true,"href":"http:\/\/www.apucarana.pr.gov.br\/site\/wp-json\/wp\/v2\/categories?post=107431"},{"taxonomy":"post_tag","embeddable":true,"href":"http:\/\/www.apucarana.pr.gov.br\/site\/wp-json\/wp\/v2\/tags?post=107431"}],"curies":[{"name":"wp","href":"https:\/\/api.w.org\/{rel}","templated":true}]}}