{"id":10743,"date":"2017-11-06T16:40:32","date_gmt":"2017-11-06T18:40:32","guid":{"rendered":"http:\/\/172.16.0.7\/site-antigo\/?p=10743"},"modified":"2024-10-08T09:15:34","modified_gmt":"2024-10-08T12:15:34","slug":"alunos-protagonizam-juri-simulado-no-forum-de-apucarana","status":"publish","type":"post","link":"http:\/\/www.apucarana.pr.gov.br\/site\/alunos-protagonizam-juri-simulado-no-forum-de-apucarana\/","title":{"rendered":"Alunos protagonizam j\u00fari simulado no F\u00f3rum de Apucarana"},"content":{"rendered":"<p>Concluindo as atividades do projeto \u201cJusti\u00e7a e cidadania tamb\u00e9m se aprendem na escola\u201d, os alunos do 5\u00ba ano da Escola Municipal Professora Marta Pereira da Silva simularam um j\u00fari, na tarde de hoje (6), nas depend\u00eancias do F\u00f3rum Desembargador Clot\u00e1rio Portugal.<br \/>\nDiante de ju\u00edzes, promotores, advogados e dos pr\u00f3prios pais e professores, a turma trouxe \u00e0 discuss\u00e3o a pr\u00e1tica do bullying e da agress\u00e3o no espa\u00e7o escolar. \u201cEles se empenharam bastante na elabora\u00e7\u00e3o da hist\u00f3ria e das perguntas feitas ao longo da audi\u00eancia. O mais surpreendente foi a senten\u00e7a que as crian\u00e7as escolheram, que condenou tanto o r\u00e9u pela pr\u00e1tica da agress\u00e3o como a v\u00edtima pela pr\u00e1tica do bullying,\u201d elogiou a diretora do Departamento Jur\u00eddico da Autarquia Municipal de Educa\u00e7\u00e3o, Elaine Caliman Soares.<br \/>\nO projeto \u201cJusti\u00e7a e cidadania tamb\u00e9m se aprendem na escola\u201d \u00e9 uma iniciativa do Tribunal de Justi\u00e7a do Paran\u00e1 que tem como objetivo divulgar no\u00e7\u00f5es b\u00e1sicas sobre o funcionamento do Poder Judici\u00e1rio \u00e0 popula\u00e7\u00e3o. Esse ano, cerca de 1.500 alunos, matriculados nas turmas de 5\u00ba ano das 37 escolas municipais participaram das atividades.<br \/>\n\u201cPrimeiramente, as crian\u00e7as refletiram em sala de aula sobre os temas propostos pela cartilha do projeto, como os direitos e deveres de cada pessoa. Na sequ\u00eancia, as crian\u00e7as visitaram o f\u00f3rum, assistiram a palestras com diversos profissionais do judici\u00e1rio e prepararam teatros, j\u00faris simulados e outras apresenta\u00e7\u00f5es culturais. O curr\u00edculo da rede municipal de ensino prev\u00ea que os alunos aprendam no\u00e7\u00f5es de cidadania, por isso, propostas como a do Tribunal de Justi\u00e7a do Paran\u00e1 s\u00e3o sempre bem-vindas,\u201d afirmou a secret\u00e1ria municipal de Educa\u00e7\u00e3o, Marli Fernandes.<br \/>\nA aluna Alice Carolina Maia da Silva atuou como ju\u00edza na simula\u00e7\u00e3o e aprovou a experi\u00eancia. \u201cEu gostei de vir ensaiar aqui no F\u00f3rum. Muitas vezes, as pessoas fazem coisas que nem sabem que \u00e9 crime, como jogar lixo no ch\u00e3o e deixar o mundo polu\u00eddo. Acho que precisamos de mais conscientiza\u00e7\u00e3o,\u201d disse.<br \/>\nAssistiram \u00e0 apresenta\u00e7\u00e3o dos alunos da Escola Municipal Professora Marta Pereira da Silva, os ju\u00edzes Osvaldo Soares Neto, Jos\u00e9 Roberto Silv\u00e9rio e Renata Bolzan Jauris, os promotores Gustavo Fernandes Marcel Marinho e Fabr\u00edcio Drumond Monteiro, a defensora p\u00fablica Renata Miranda Duarte, e o representante da Ordem dos Advogados do Brasil, M\u00e1rcio Rei.<\/p>\n","protected":false},"excerpt":{"rendered":"<p>A atividade \u00e9 o \u00e1pice do projeto \u201cJusti\u00e7a e cidadania tamb\u00e9m se aprendem na escola\u201d, desenvolvido com os alunos do 5\u00ba ano da rede municipal de ensino.  (Fotos: Edson Denobi)<\/p>\n","protected":false},"author":4,"featured_media":10745,"comment_status":"closed","ping_status":"open","sticky":false,"template":"","format":"standard","meta":{"footnotes":""},"categories":[24],"tags":[],"class_list":["post-10743","post","type-post","status-publish","format-standard","has-post-thumbnail","hentry","category-noticias"],"acf":[],"_links":{"self":[{"href":"http:\/\/www.apucarana.pr.gov.br\/site\/wp-json\/wp\/v2\/posts\/10743","targetHints":{"allow":["GET"]}}],"collection":[{"href":"http:\/\/www.apucarana.pr.gov.br\/site\/wp-json\/wp\/v2\/posts"}],"about":[{"href":"http:\/\/www.apucarana.pr.gov.br\/site\/wp-json\/wp\/v2\/types\/post"}],"author":[{"embeddable":true,"href":"http:\/\/www.apucarana.pr.gov.br\/site\/wp-json\/wp\/v2\/users\/4"}],"replies":[{"embeddable":true,"href":"http:\/\/www.apucarana.pr.gov.br\/site\/wp-json\/wp\/v2\/comments?post=10743"}],"version-history":[{"count":1,"href":"http:\/\/www.apucarana.pr.gov.br\/site\/wp-json\/wp\/v2\/posts\/10743\/revisions"}],"predecessor-version":[{"id":101911,"href":"http:\/\/www.apucarana.pr.gov.br\/site\/wp-json\/wp\/v2\/posts\/10743\/revisions\/101911"}],"wp:featuredmedia":[{"embeddable":true,"href":"http:\/\/www.apucarana.pr.gov.br\/site\/wp-json\/"}],"wp:attachment":[{"href":"http:\/\/www.apucarana.pr.gov.br\/site\/wp-json\/wp\/v2\/media?parent=10743"}],"wp:term":[{"taxonomy":"category","embeddable":true,"href":"http:\/\/www.apucarana.pr.gov.br\/site\/wp-json\/wp\/v2\/categories?post=10743"},{"taxonomy":"post_tag","embeddable":true,"href":"http:\/\/www.apucarana.pr.gov.br\/site\/wp-json\/wp\/v2\/tags?post=10743"}],"curies":[{"name":"wp","href":"https:\/\/api.w.org\/{rel}","templated":true}]}}