{"id":10738,"date":"2017-11-06T15:09:45","date_gmt":"2017-11-06T17:09:45","guid":{"rendered":"http:\/\/172.16.0.7\/site-antigo\/?p=10738"},"modified":"2024-10-08T09:15:35","modified_gmt":"2024-10-08T12:15:35","slug":"apucarana-ganha-novo-conjunto-habitacional","status":"publish","type":"post","link":"http:\/\/www.apucarana.pr.gov.br\/site\/apucarana-ganha-novo-conjunto-habitacional\/","title":{"rendered":"Apucarana ganha novo conjunto habitacional"},"content":{"rendered":"<p>Fam\u00edlias com renda mensal de R$1,5 mil e que est\u00e3o em busca da compra de um im\u00f3vel atrav\u00e9s do Programa Minha Casa, Minha Vida, j\u00e1 podem efetuar cadastramento visando uma unidade junto ao Mega Ville Casas Residenciais.<br \/>\nO mais novo conjunto habitacional de Apucarana ser\u00e1 estruturado em frente ao Col\u00e9gio Estadual Ant\u00f4nio dos Tr\u00eas Reis de Oliveira, no N\u00facleo Habitacional Djalma Mendes, prev\u00ea 193 unidades e foi apresentado ao prefeito Beto Preto.<br \/>\n\u201cTrata-se de um empreendimento privado, dentro das regras de um programa de incentivo federal \u00e9 muito bem vindo em Apucarana\u201d, disse o prefeito Beto Preto. De acordo com ele, o programa do Governo Federal tem esta vertente, tamb\u00e9m importante, subsidiando habita\u00e7\u00f5es junto \u00e0 iniciativa privada, complementando as iniciativas estaduais e municipais na \u00e1rea habitacional. \u201cContribuindo para que milhares de fam\u00edlias conquistassem o seu im\u00f3vel pr\u00f3prio\u201d, salientou o prefeito Beto Preto.<br \/>\nAl\u00e9m da redu\u00e7\u00e3o do d\u00e9ficit habitacional, o novo conjunto contribui para a gera\u00e7\u00e3o de empregos e aquecimento da economia. \u201cCentenas de vagas de trabalho ser\u00e3o oferecidas na constru\u00e7\u00e3o civil, bem como o com\u00e9rcio do setor tamb\u00e9m ser\u00e1 beneficiado\u201d, pontuou o prefeito.<br \/>\nO cadastramento de interessados em adquirir uma unidade junto ao Mega Ville Casas Residenciais deve ser feito pessoalmente no plant\u00e3o de vendas instalado no canteiro de obras, na Rua S\u00e3o Leopoldo, 360. As casas ser\u00e3o comercializadas a valores a partir de R$117 mil e parcelas mensais a partir de R$399, com possibilidade de uso de recursos do FGTS. O subs\u00eddio junto ao programa federal Minha Casa, Minha Vida pode chegar a R$26.390,00.<br \/>\nCada casa ter\u00e1 45 metros quadrados de \u00e1rea constru\u00edda (com dois quartos), laje, sendo edificada em terreno individual de 200 metros quadrados, com toda infraestrutura p\u00fablica necess\u00e1ria (asfalto, \u00e1gua e energia el\u00e9trica). O empreendimento \u00e9 de responsabilidade da Construtora Piacentini. Mais informa\u00e7\u00f5es pelo telefone 3122-2100 ou pelo celular 99679-8877.<\/p>\n","protected":false},"excerpt":{"rendered":"<p>Cada casa ter\u00e1 45 m\u00b2 de \u00e1rea constru\u00edda (com dois quartos), laje, sendo edificada em terreno individual de 200 m\u00b2 e financiamento pelo Programa Minha Casa Minha Vida<\/p>\n","protected":false},"author":4,"featured_media":10740,"comment_status":"closed","ping_status":"open","sticky":false,"template":"","format":"standard","meta":{"footnotes":""},"categories":[24],"tags":[],"class_list":["post-10738","post","type-post","status-publish","format-standard","has-post-thumbnail","hentry","category-noticias"],"acf":[],"_links":{"self":[{"href":"http:\/\/www.apucarana.pr.gov.br\/site\/wp-json\/wp\/v2\/posts\/10738","targetHints":{"allow":["GET"]}}],"collection":[{"href":"http:\/\/www.apucarana.pr.gov.br\/site\/wp-json\/wp\/v2\/posts"}],"about":[{"href":"http:\/\/www.apucarana.pr.gov.br\/site\/wp-json\/wp\/v2\/types\/post"}],"author":[{"embeddable":true,"href":"http:\/\/www.apucarana.pr.gov.br\/site\/wp-json\/wp\/v2\/users\/4"}],"replies":[{"embeddable":true,"href":"http:\/\/www.apucarana.pr.gov.br\/site\/wp-json\/wp\/v2\/comments?post=10738"}],"version-history":[{"count":1,"href":"http:\/\/www.apucarana.pr.gov.br\/site\/wp-json\/wp\/v2\/posts\/10738\/revisions"}],"predecessor-version":[{"id":101912,"href":"http:\/\/www.apucarana.pr.gov.br\/site\/wp-json\/wp\/v2\/posts\/10738\/revisions\/101912"}],"wp:featuredmedia":[{"embeddable":true,"href":"http:\/\/www.apucarana.pr.gov.br\/site\/wp-json\/"}],"wp:attachment":[{"href":"http:\/\/www.apucarana.pr.gov.br\/site\/wp-json\/wp\/v2\/media?parent=10738"}],"wp:term":[{"taxonomy":"category","embeddable":true,"href":"http:\/\/www.apucarana.pr.gov.br\/site\/wp-json\/wp\/v2\/categories?post=10738"},{"taxonomy":"post_tag","embeddable":true,"href":"http:\/\/www.apucarana.pr.gov.br\/site\/wp-json\/wp\/v2\/tags?post=10738"}],"curies":[{"name":"wp","href":"https:\/\/api.w.org\/{rel}","templated":true}]}}