{"id":10733,"date":"2017-11-06T14:53:48","date_gmt":"2017-11-06T16:53:48","guid":{"rendered":"http:\/\/172.16.0.7\/site-antigo\/?p=10733"},"modified":"2024-10-08T09:15:35","modified_gmt":"2024-10-08T12:15:35","slug":"implantodontia-e-biblioteca-itinerante-ganham-premio-gestor-publico-pr","status":"publish","type":"post","link":"http:\/\/www.apucarana.pr.gov.br\/site\/implantodontia-e-biblioteca-itinerante-ganham-premio-gestor-publico-pr\/","title":{"rendered":"Implantodontia e Biblioteca Itinerante  ganham \u201cPr\u00eamio Gestor P\u00fablico PR\u201d"},"content":{"rendered":"<p>Mais dois projetos desenvolvidos pela prefeitura de Apucarana acabam de ser premiados em \u00e2mbito estadual. S\u00e3o o \u201cBiblioteca Itinerante: o prazer da leitura mais perto de voc\u00ea\u201d, desenvolvido pela Autarquia Municipal de Educa\u00e7\u00e3o; e o Programa de Implante Dent\u00e1rio \u201cImplantando Sorrisos, Aumentando a Autoestima\u201d, da Autarquia Municipal de Sa\u00fade, est\u00e3o entre os vencedores do V Pr\u00eamio Gestor P\u00fablico Paran\u00e1 (PGP-PR).<br \/>\nDos munic\u00edpios que concorreram, Apucarana, ao lado de Ponta Grossa e Santa Terezinha de Itaipu, ganharam destaque com dois projetos vencedores. Uma iniciativa do Sindicato dos Auditores Fiscais da Receita do Estado do Paran\u00e1 (SINDAFEP), o Pr\u00eamio Gestor P\u00fablico Paran\u00e1 tem como objetivo valorizar os gestores municipais que viabilizam projetos de administra\u00e7\u00e3o p\u00fablica, gerando desenvolvimento e bem estar social para a popula\u00e7\u00e3o.<br \/>\nA cerim\u00f4nia de premia\u00e7\u00e3o ser\u00e1 realizada para o dia 21 de novembro, na Assembleia Legislativa do Paran\u00e1, em Curitiba. Desde o in\u00edcio do PGP-PR, 151 munic\u00edpios inscreveram mais de 500 projetos em diversas \u00e1reas de atua\u00e7\u00e3o, como educa\u00e7\u00e3o, sa\u00fade, meio ambiente, trabalho e saneamento b\u00e1sico, que foi o tema deste ano.<br \/>\nO prefeito Beto Preto recebeu a not\u00edcia da conquista de mais dois pr\u00eamios com muita alegria. \u201cTrata-se de um importante reconhecimento em rela\u00e7\u00e3o a programas que criamos em Apucarana e que est\u00e3o dando \u00f3timos resultados. Na Implantodontia, Apucarana reuniu capacidade t\u00e9cnica, operacional e estrutural para atender pacientes da cidade, do vale do Iva\u00ed e at\u00e9 de outras regi\u00f5es do Paran\u00e1\u201d, comenta Beto Preto.<br \/>\nEle tamb\u00e9m destaca os avan\u00e7os que est\u00e3o sendo registrados com a Biblioteca Itinerante. \u201cAs crian\u00e7as assimilam o gosto pela leitura e isso \u00e9 de imenso valor no encaminhamento de suas vidas\u201d, assinala.<br \/>\nNa solenidade de entrega do Pr\u00eamio Gestor P\u00fablico Paran\u00e1, neste m\u00eas em Curitiba, ser\u00e3o revelados os ganhadores do Trof\u00e9u PGP-PR \u201cMelhor do Ano\u201d, o Trof\u00e9u PGP-PR \u201cSaneamento B\u00e1sico\u201d, o Trof\u00e9u PGP-PR \u201cTecnologia da Informa\u00e7\u00e3o\u201d, e o Trof\u00e9u PGP-PR \u201cAdministra\u00e7\u00e3o Tribut\u00e1ria\u201d.<br \/>\n<strong>Implantes: Apucarana \u00e9 referencia Nacional<\/strong><br \/>\nParalelamente aos atendimentos de v\u00e1rias especialidades odontol\u00f3gicas, como endodontia (tratamento de canal), pr\u00f3teses, periodontia (tratamento da gengiva), cirurgia oral menor (extra\u00e7\u00e3o de dente do siso), o Centro de Especialidades Odontol\u00f3gicas (CEO) na Autarquia de Sa\u00fade se tornou refer\u00eancia nacional em implantes dent\u00e1rios pelo Sistema \u00danico de Sa\u00fade (SUS).<br \/>\nO munic\u00edpio, que come\u00e7ou a ofertar o servi\u00e7o em 2013, j\u00e1 realizou 20 mil implantes em 5,5 mil pacientes. Levantamento feito junto ao portal DataSus aponta Apucarana como o munic\u00edpio com maior n\u00famero de procedimentos realizados em 2017 em todo Brasil. De janeiro a julho deste ano foram 10 mil implantes.<br \/>\nEm fevereiro deste ano, o servi\u00e7o de implantodontia foi ampliado para pacientes da 16\u00aa Regional de Sa\u00fade (RS) de Apucarana e tamb\u00e9m para a 22\u00aa RS de Ivaipor\u00e3. Mais de 1,3 mil pacientes de 28 munic\u00edpios da regi\u00e3o j\u00e1 foram atendidos, com previs\u00e3o de realiza\u00e7\u00e3o de 4 mil implantes.<br \/>\nEm setembro, o setor de odontologia municipal garantiu importantes avan\u00e7os, com a aquisi\u00e7\u00e3o de mais onze consult\u00f3rios odontol\u00f3gicos e a transfer\u00eancia do Centro de Especialidades Odontol\u00f3gicas (CEO) para um pr\u00e9dio 750 metros quadrados, destinado exclusivamente ao atendimento nesta \u00e1rea, localizado em frente \u00e0 AMS.<br \/>\nEm sua nova sede, o Centro Especialidades Odontol\u00f3gicas vai contar com uma estrutura de atendimento formada por 22 consult\u00f3rios odontol\u00f3gicos, sendo 11 novos rec\u00e9m-entregues, 3 que ser\u00e3o adquiridos com parte do recurso da emenda parlamentar e 8 que j\u00e1 existiam. As novas instala\u00e7\u00f5es ainda v\u00e3o abrigar a central de esteriliza\u00e7\u00e3o, bem como a administra\u00e7\u00e3o, o almoxarifado e arquivo da odontologia.<br \/>\nO Centro de Especialidades Odontol\u00f3gicas deve come\u00e7ar a atender no novo endere\u00e7o num prazo de 60 dias. Atualmente o CEO funciona no primeiro andar da Autarquia Municipal de Sa\u00fade.<br \/>\n<strong>Biblioteca Itinerante estimula leitura<\/strong><br \/>\nA Autarquia Municipal de Educa\u00e7\u00e3o (AME) est\u00e1 entre os condecorados na quinta edi\u00e7\u00e3o do Pr\u00eamio Gestor P\u00fablico Paran\u00e1 (PGP-PR). O projeto selecionado para receber o certificado \u00e9 o \u201cBiblioteca Itinerante: o prazer da leitura mais perto de voc\u00ea\u201d, desenvolvido desde 2015 nas 37 escolas e\u00a0 23 CMEIs da rede municipal apucaranense.<br \/>\nPor meio do projeto Biblioteca Itinerante, as 60 unidades de ensino receberam estantes m\u00f3veis repletas de livros para serem utilizados pelos alunos. \u201cN\u00f3s adquirimos uma biblioteca para cada CMEI e uma biblioteca para cada sala de aula das escolas,\u201d detalha a secret\u00e1ria municipal de educa\u00e7\u00e3o, Marli Fernandes.<br \/>\nAs estantes s\u00e3o compostas por mais de cem obras liter\u00e1rias de autores consagrados como Ziraldo, Ruth Rocha, Cec\u00edlia Meireles, Ringo Starr, entre outros.<br \/>\n\u201cA presen\u00e7a da biblioteca dentro da sala de aula estimula o interesse dos alunos pelos livros, na medida em que eles podem manuse\u00e1-los sempre que quiserem. Entre os benef\u00edcios que a leitura di\u00e1ria traz \u00e0s crian\u00e7as, est\u00e3o a potencializa\u00e7\u00e3o da imagina\u00e7\u00e3o e da criatividade e o aprimoramento das habilidades de escrita e de interpreta\u00e7\u00e3o de textos\u201d, justifica a secret\u00e1ria.<br \/>\nOs estudantes tamb\u00e9m levam exemplares para casa aos fins de semana, atrav\u00e9s da \u2018Sacola Leitura em Movimento\u2019, para apreciarem junto com os pais, irm\u00e3os e familiares. Contos, f\u00e1bulas e hist\u00f3rias cl\u00e1ssicas infantis ainda s\u00e3o resgatados durante a Semana Liter\u00e1ria, realizada sempre no in\u00edcio do m\u00eas de setembro.<br \/>\nOs resultados obtidos com o projeto s\u00e3o animadores. As notas dos alunos da rede municipal de ensino t\u00eam aumentado nas avalia\u00e7\u00f5es feitas pelos pr\u00f3prios professores e em testes externos, como a Prova Brasil e a Avalia\u00e7\u00e3o Nacional da Alfabetiza\u00e7\u00e3o.<strong><br \/>\n<\/strong><\/p>\n","protected":false},"excerpt":{"rendered":"<p>De um total de 123 projetos inscritos, Apucarana venceu nas \u00e1reas de educa\u00e7\u00e3o e sa\u00fade  (Profeta e Edson Denobi)<\/p>\n","protected":false},"author":4,"featured_media":10734,"comment_status":"closed","ping_status":"open","sticky":false,"template":"","format":"standard","meta":{"footnotes":""},"categories":[24],"tags":[],"class_list":["post-10733","post","type-post","status-publish","format-standard","has-post-thumbnail","hentry","category-noticias"],"acf":[],"_links":{"self":[{"href":"http:\/\/www.apucarana.pr.gov.br\/site\/wp-json\/wp\/v2\/posts\/10733","targetHints":{"allow":["GET"]}}],"collection":[{"href":"http:\/\/www.apucarana.pr.gov.br\/site\/wp-json\/wp\/v2\/posts"}],"about":[{"href":"http:\/\/www.apucarana.pr.gov.br\/site\/wp-json\/wp\/v2\/types\/post"}],"author":[{"embeddable":true,"href":"http:\/\/www.apucarana.pr.gov.br\/site\/wp-json\/wp\/v2\/users\/4"}],"replies":[{"embeddable":true,"href":"http:\/\/www.apucarana.pr.gov.br\/site\/wp-json\/wp\/v2\/comments?post=10733"}],"version-history":[{"count":1,"href":"http:\/\/www.apucarana.pr.gov.br\/site\/wp-json\/wp\/v2\/posts\/10733\/revisions"}],"predecessor-version":[{"id":101913,"href":"http:\/\/www.apucarana.pr.gov.br\/site\/wp-json\/wp\/v2\/posts\/10733\/revisions\/101913"}],"wp:featuredmedia":[{"embeddable":true,"href":"http:\/\/www.apucarana.pr.gov.br\/site\/wp-json\/"}],"wp:attachment":[{"href":"http:\/\/www.apucarana.pr.gov.br\/site\/wp-json\/wp\/v2\/media?parent=10733"}],"wp:term":[{"taxonomy":"category","embeddable":true,"href":"http:\/\/www.apucarana.pr.gov.br\/site\/wp-json\/wp\/v2\/categories?post=10733"},{"taxonomy":"post_tag","embeddable":true,"href":"http:\/\/www.apucarana.pr.gov.br\/site\/wp-json\/wp\/v2\/tags?post=10733"}],"curies":[{"name":"wp","href":"https:\/\/api.w.org\/{rel}","templated":true}]}}