{"id":10728,"date":"2017-11-06T14:23:29","date_gmt":"2017-11-06T16:23:29","guid":{"rendered":"http:\/\/172.16.0.7\/site-antigo\/?p=10728"},"modified":"2024-10-08T09:15:35","modified_gmt":"2024-10-08T12:15:35","slug":"guto-silva-anuncia-apoio-ao-hospital-da-providencia","status":"publish","type":"post","link":"http:\/\/www.apucarana.pr.gov.br\/site\/guto-silva-anuncia-apoio-ao-hospital-da-providencia\/","title":{"rendered":"Guto Silva anuncia apoio ao Hospital da  Provid\u00eancia"},"content":{"rendered":"<p>O Deputado Estadual Guto Silva (PSD), vice-presidente da Assembleia Legislativa do Paran\u00e1, fez na sexta-feira (3) uma visita ao Hospital da Provid\u00eancia. Ele esteve acompanhado do prefeito de Apucarana, Beto Preto, e dos vereadores Franscislei &#8220;Poim&#8221; (PSB), M\u00e1rcia Souza (PSD) e Marcos da Vila Reis (PSD) e anunciou que ir\u00e1 apoiar a institui\u00e7\u00e3o filantr\u00f3pica junto ao Governo do Estado e na assembleia.<br \/>\nDe imediato o deputado oficializou a doa\u00e7\u00e3o de um ve\u00edculo reivindicado pelo hospital, atrav\u00e9s da Prefeitura de Apucarana. Ele tamb\u00e9m anunciou que ir\u00e1 atuar rapidamente para conseguir a libera\u00e7\u00e3o de novos equipamentos solicitados pela institui\u00e7\u00e3o, incluindo respiradores e microsc\u00f3pio para neurocirurgias.<br \/>\nGuto Silva explicou que tem conhecimento dos projetos e das dificuldades do Hospital da Provid\u00eancia. &#8220;Atualmente, trinta institui\u00e7\u00f5es filantr\u00f3picas no estado, do mesmo perfil do Provid\u00eancia est\u00e3o impossibilitadas de receber repasses do Governo do Paran\u00e1. Por isso, estamos articulando uma nova PEC, que possa permitir a retomada de repasses de custeio e tamb\u00e9m de recursos para novos projetos, como o da nova maternidade e UTI infantil do Provid\u00eancia&#8221;, comentou Guto Silva, ressaltando que o hospital de Apucarana atende mais de 80% via SUS.<br \/>\nO prefeito Beto Preto Guto agradeceu a especial aten\u00e7\u00e3o que est\u00e1 sendo dedicada pelo deputado \u00e0 institui\u00e7\u00e3o de Apucarana. &#8220;O Guto \u00e9 do nosso partido e disposto a nos ajudar nestes projetos do Provid\u00eancia. Ele inclusive j\u00e1 agendou para pr\u00f3xima semana uma audi\u00eancia nossa com o Governador Beto Richa, para discutir esta quest\u00e3o&#8221;, comentou o prefeito. &#8220;O secret\u00e1rio de estado da sa\u00fade, Michele Caputo, j\u00e1 havia anunciado a inclus\u00e3o de R$ 12 milh\u00f5es para a constru\u00e7\u00e3o do terceiro andar do Provid\u00eancia, onde ser\u00e1 implantada o novo Materno Infantil&#8221;, lembrou Beto Preto.<br \/>\nA diretora do Provid\u00eancia se manifestou otimista com a disposi\u00e7\u00e3o do deputado Guto Silva em Apoiar as demandas da institui\u00e7\u00e3o. &#8220;Nosso di\u00e1logo foi muito bom e tamb\u00e9m com a for\u00e7a do prefeito Beto Preto acreditamos que poderemos viabilizar recursos de custeio e tamb\u00e9m verbas extras para o projeto do novo materno infantil&#8221;, avaliou a diretora.<\/p>\n","protected":false},"excerpt":{"rendered":"<p>De imediato o deputado oficializou a doa\u00e7\u00e3o de um ve\u00edculo reivindicado pelo hospital, atrav\u00e9s da Prefeitura de Apucarana (Fotos &#8211; Profeta)<\/p>\n","protected":false},"author":4,"featured_media":10729,"comment_status":"closed","ping_status":"open","sticky":false,"template":"","format":"standard","meta":{"footnotes":""},"categories":[24],"tags":[],"class_list":["post-10728","post","type-post","status-publish","format-standard","has-post-thumbnail","hentry","category-noticias"],"acf":[],"_links":{"self":[{"href":"http:\/\/www.apucarana.pr.gov.br\/site\/wp-json\/wp\/v2\/posts\/10728","targetHints":{"allow":["GET"]}}],"collection":[{"href":"http:\/\/www.apucarana.pr.gov.br\/site\/wp-json\/wp\/v2\/posts"}],"about":[{"href":"http:\/\/www.apucarana.pr.gov.br\/site\/wp-json\/wp\/v2\/types\/post"}],"author":[{"embeddable":true,"href":"http:\/\/www.apucarana.pr.gov.br\/site\/wp-json\/wp\/v2\/users\/4"}],"replies":[{"embeddable":true,"href":"http:\/\/www.apucarana.pr.gov.br\/site\/wp-json\/wp\/v2\/comments?post=10728"}],"version-history":[{"count":1,"href":"http:\/\/www.apucarana.pr.gov.br\/site\/wp-json\/wp\/v2\/posts\/10728\/revisions"}],"predecessor-version":[{"id":101914,"href":"http:\/\/www.apucarana.pr.gov.br\/site\/wp-json\/wp\/v2\/posts\/10728\/revisions\/101914"}],"wp:featuredmedia":[{"embeddable":true,"href":"http:\/\/www.apucarana.pr.gov.br\/site\/wp-json\/"}],"wp:attachment":[{"href":"http:\/\/www.apucarana.pr.gov.br\/site\/wp-json\/wp\/v2\/media?parent=10728"}],"wp:term":[{"taxonomy":"category","embeddable":true,"href":"http:\/\/www.apucarana.pr.gov.br\/site\/wp-json\/wp\/v2\/categories?post=10728"},{"taxonomy":"post_tag","embeddable":true,"href":"http:\/\/www.apucarana.pr.gov.br\/site\/wp-json\/wp\/v2\/tags?post=10728"}],"curies":[{"name":"wp","href":"https:\/\/api.w.org\/{rel}","templated":true}]}}