{"id":10720,"date":"2017-11-06T11:04:18","date_gmt":"2017-11-06T13:04:18","guid":{"rendered":"http:\/\/172.16.0.7\/site-antigo\/?p=10720"},"modified":"2024-10-08T09:15:35","modified_gmt":"2024-10-08T12:15:35","slug":"apucarana-sera-sede-dos-parajaps-2018","status":"publish","type":"post","link":"http:\/\/www.apucarana.pr.gov.br\/site\/apucarana-sera-sede-dos-parajaps-2018\/","title":{"rendered":"Apucarana ser\u00e1 sede dos PARAJAPs 2018"},"content":{"rendered":"<p>Pela primeira vez, Apucarana sediar\u00e1 os Jogos Abertos Paradesportivos do Paran\u00e1 (PARAJAPs). O munic\u00edpio sediar\u00e1 a s\u00e9tima edi\u00e7\u00e3o do evento, que acontecer\u00e1 em novembro de 2018. A escolha aconteceu durante o 6\u00ba PARAJAPS, que foi encerrado neste final de semana em Maring\u00e1.<br \/>\nAl\u00e9m de comemorar a escolha, Apucarana tamb\u00e9m festeja os bons resultados na competi\u00e7\u00e3o disputada em Maring\u00e1. \u201cApucarana participa pela terceira vez dos PARAJAPS e neste ano conseguiu o s\u00e9timo lugar, enquanto em edi\u00e7\u00f5es anteriores ficava entre o 14\u00ba e o 18\u00ba lugar\u201d, compara Jossuela Pinheiro, secret\u00e1ria municipal de Esportes e Lazer.<br \/>\nApucarana esteve representada nas modalidades de golf 7, handebol e atletismo. \u201cO handebol masculino ficou com o t\u00edtulo de campe\u00e3o e outro destaque tamb\u00e9m foi no atletismo, com medalhas de ouro e prata\u201d, frisa Jossuela.<br \/>\nO prefeito de Apucarana, Beto Preto, afirma que a organiza\u00e7\u00e3o do PARAJAPS de 2018 \u00e9 mais um desafio para a atual administra\u00e7\u00e3o. \u201cEstaremos sediando pela primeira vez os jogos paradesportivos, que reunir\u00e3o cerca de 1.500 atletas. As nossas pra\u00e7as esportivas atendem os requisitos para sediar esta competi\u00e7\u00e3o, mas ser\u00e3o necess\u00e1rios alguns ajustes. Ser\u00e1 um grande desafio e tamb\u00e9m mais um grande aprendizado\u201d, pontua Beto Preto.<br \/>\nOrganizado pelo Governo do Paran\u00e1, atrav\u00e9s da Secretaria de Estado do Esporte e do Turismo, e em parceria com o munic\u00edpio-sede, o PARAJAPS \u00e9 disputado nas modalidades de atletismo, basquetebol de cadeira de rodas, bocha adaptada, futsal, goalball, golf 7, handebol DI, handebol de cadeira de rodas, nata\u00e7\u00e3o, parabadminton, paracanoagem, paraciclismo, t\u00eanis de mesa, v\u00f4lei, xadrez.<br \/>\n&nbsp;<\/p>\n","protected":false},"excerpt":{"rendered":"<p>Secret\u00e1rio de Estado do  Esporte e Turismo, Douglas Fabr\u00edcio, acompanhou a vota\u00e7\u00e3o que escolheu Apucarana como sede dos Jogos Paradesportivos<\/p>\n","protected":false},"author":4,"featured_media":10723,"comment_status":"closed","ping_status":"open","sticky":false,"template":"","format":"standard","meta":{"footnotes":""},"categories":[24],"tags":[],"class_list":["post-10720","post","type-post","status-publish","format-standard","has-post-thumbnail","hentry","category-noticias"],"acf":[],"_links":{"self":[{"href":"http:\/\/www.apucarana.pr.gov.br\/site\/wp-json\/wp\/v2\/posts\/10720","targetHints":{"allow":["GET"]}}],"collection":[{"href":"http:\/\/www.apucarana.pr.gov.br\/site\/wp-json\/wp\/v2\/posts"}],"about":[{"href":"http:\/\/www.apucarana.pr.gov.br\/site\/wp-json\/wp\/v2\/types\/post"}],"author":[{"embeddable":true,"href":"http:\/\/www.apucarana.pr.gov.br\/site\/wp-json\/wp\/v2\/users\/4"}],"replies":[{"embeddable":true,"href":"http:\/\/www.apucarana.pr.gov.br\/site\/wp-json\/wp\/v2\/comments?post=10720"}],"version-history":[{"count":1,"href":"http:\/\/www.apucarana.pr.gov.br\/site\/wp-json\/wp\/v2\/posts\/10720\/revisions"}],"predecessor-version":[{"id":101915,"href":"http:\/\/www.apucarana.pr.gov.br\/site\/wp-json\/wp\/v2\/posts\/10720\/revisions\/101915"}],"wp:featuredmedia":[{"embeddable":true,"href":"http:\/\/www.apucarana.pr.gov.br\/site\/wp-json\/"}],"wp:attachment":[{"href":"http:\/\/www.apucarana.pr.gov.br\/site\/wp-json\/wp\/v2\/media?parent=10720"}],"wp:term":[{"taxonomy":"category","embeddable":true,"href":"http:\/\/www.apucarana.pr.gov.br\/site\/wp-json\/wp\/v2\/categories?post=10720"},{"taxonomy":"post_tag","embeddable":true,"href":"http:\/\/www.apucarana.pr.gov.br\/site\/wp-json\/wp\/v2\/tags?post=10720"}],"curies":[{"name":"wp","href":"https:\/\/api.w.org\/{rel}","templated":true}]}}