{"id":106941,"date":"2024-10-07T17:45:19","date_gmt":"2024-10-07T20:45:19","guid":{"rendered":"https:\/\/www.apucarana.pr.gov.br\/site\/?p=106941"},"modified":"2024-10-07T17:56:07","modified_gmt":"2024-10-07T20:56:07","slug":"junior-da-femac-emite-nota-de-pesar-pela-morte-do-esportista-mazola","status":"publish","type":"post","link":"http:\/\/www.apucarana.pr.gov.br\/site\/junior-da-femac-emite-nota-de-pesar-pela-morte-do-esportista-mazola\/","title":{"rendered":"Junior da Femac emite nota de pesar pela morte do esportista \u201cMazola\u201d"},"content":{"rendered":"\n\t\t<!-- MasterSlider -->\n\t\t<div id=\"P_MS69f51039283cc\" class=\"master-slider-parent master-slider-gallery   ms-parent-id-0\" style=\"\" >\n\n\t\t\t\n\t\t\t<!-- MasterSlider Main -->\n\t\t\t<div id=\"MS69f51039283cc\" class=\"master-slider ms-skin-default\" >\n\t\t\t\t \t\t\t\t \n\t\t\t<div  class=\"ms-slide\" data-delay=\"3\"    >\n\t\t\t\t\t<img decoding=\"async\" src=\"http:\/\/www.apucarana.pr.gov.br\/site\/wp-content\/plugins\/masterslider\/public\/assets\/css\/blank.gif\" alt=\"WhatsApp Image 2024-10-07 at 17.24.58 (1)\" title=\"WhatsApp Image 2024-10-07 at 17.24.58 (1)\" data-src=\"http:\/\/www.apucarana.pr.gov.br\/site\/wp-content\/uploads\/2024\/10\/WhatsApp-Image-2024-10-07-at-17.24.58-1.jpeg\" \/>\n\t<a href=\"http:\/\/www.apucarana.pr.gov.br\/site\/junior-da-femac-emite-nota-de-pesar-pela-morte-do-esportista-mazola\/whatsapp-image-2024-10-07-at-17-24-58-1\/\" target=\"_self\"    >WhatsApp Image 2024-10-07 at 17.24.58 (1)<\/a>\n\n\n\t<img decoding=\"async\" class=\"ms-thumb\" src=\"http:\/\/www.apucarana.pr.gov.br\/site\/wp-content\/uploads\/2024\/10\/WhatsApp-Image-2024-10-07-at-17.24.58-1-140x80.jpeg\" alt=\"WhatsApp Image 2024-10-07 at 17.24.58 (1)\" \/>\n\t\t\t\t<\/div>\n\n\t\t\t<\/div>\n\t\t\t<!-- END MasterSlider Main -->\n\n\t\t\t \n\t\t<\/div>\n\t\t<!-- END MasterSlider -->\n\n\t\t<script>\n\t\t( window.MSReady = window.MSReady || [] ).push( function( $ ) {\n\n\t\t\t\"use strict\";\n\t\t\tvar masterslider_83cc = new MasterSlider();\n\n\t\t\t\/\/ slider controls\n\t\t\tmasterslider_83cc.control('arrows'     ,{ autohide:true, overVideo:true  });\n\t\t\tmasterslider_83cc.control('thumblist'  ,{ autohide:false, overVideo:true, dir:'h', speed:17, inset:false, arrows:false, hover:false, customClass:'', align:'bottom',type:'thumbs', margin:2, width:140, height:80, space:2, fillMode:'fill'  });\n\t\t\t\/\/ slider setup\n\t\t\tmasterslider_83cc.setup(\"MS69f51039283cc\", {\n\t\t\t\twidth           : 960,\n\t\t\t\theight          : 540,\n\t\t\t\tminHeight       : 0,\n\t\t\t\tspace           : 0,\n\t\t\t\tstart           : 1,\n\t\t\t\tgrabCursor      : true,\n\t\t\t\tswipe           : true,\n\t\t\t\tmouse           : true,\n\t\t\t\tkeyboard        : false,\n\t\t\t\tlayout          : \"fillwidth\",\n\t\t\t\twheel           : false,\n\t\t\t\tautoplay        : true,\n                instantStartLayers:false,\n\t\t\t\tmobileBGVideo:false,\n\t\t\t\tloop            : true,\n\t\t\t\tshuffle         : false,\n\t\t\t\tpreload         : 3,\n\t\t\t\theightLimit     : false,\n\t\t\t\tautoHeight      : false,\n\t\t\t\tsmoothHeight    : true,\n\t\t\t\tendPause        : false,\n\t\t\t\toverPause       : false,\n\t\t\t\tfillMode        : \"fill\",\n\t\t\t\tcenterControls  : true,\n\t\t\t\tstartOnAppear   : false,\n\t\t\t\tlayersMode      : \"center\",\n\t\t\t\tautofillTarget  : \"\",\n\t\t\t\thideLayers      : false,\n\t\t\t\tfullscreenMargin: 0,\n\t\t\t\tspeed           : 17,\n\t\t\t\tdir             : \"h\",\n\t\t\t\tresponsive      : true,\n\t\t\t\ttabletWidth     : 768,\n\t\t\t\ttabletHeight    : null,\n\t\t\t\tphoneWidth      : 480,\n\t\t\t\tphoneHeight    : null,\n\t\t\t\tsizingReference : window,\n\t\t\t\tparallaxMode    : 'swipe',\n\t\t\t\tview            : \"basic\"\n\t\t\t});\n\n\t\t\t\n\t\t\twindow.masterslider_instances = window.masterslider_instances || [];\n\t\t\twindow.masterslider_instances.push( masterslider_83cc );\n\t\t});\n\t\t<\/script>\n\n\n<p>O prefeito Junior da Femac emite nota de pesar pelo falecimento do esportista Joaquim Pereira de Souza, aos 68 anos, ocorrido ontem (6), em Apucarana. Conhecido como &#8220;Mazola&#8221;, ele era amante do esporte amador e participava de v\u00e1rios torneios na cidade com o time Uni\u00e3o, do N\u00facleo Habitacional Papa Jo\u00e3o Paulo.<\/p>\n<p>\u201cManifesto meu pesar \u00e0 fam\u00edlia e amigos de Mazola. Deus conforte o cora\u00e7\u00e3o de todos\u201d, manifesta Junior da Femac, destacando a import\u00e2ncia de Mazola no esporte amador da cidade. Joaquim deixa esposa, filhos e netos.<\/p>\n<p>De acordo com informa\u00e7\u00f5es de familiares, Joaquim lutava contra problemas renais e insufici\u00eancia card\u00edaca, ap\u00f3s sofrer um infarto no ano de 2016. O sepultamento foi realizado na tarde de segunda-feira, no Cemit\u00e9rio Portal do C\u00e9u.<\/p>\n","protected":false},"excerpt":{"rendered":"<p>O prefeito Junior da Femac emite nota de pesar pelo falecimento do esportista Joaquim Pereira de Souza, aos 68 anos, ocorrido ontem (6), em Apucarana. Conhecido como &ldquo;Mazola&rdquo;, ele era amante do esporte amador e participava de v&aacute;rios torneios na cidade com o time Uni&atilde;o, do N&uacute;cleo Habitacional Papa Jo&atilde;o Paulo. &ldquo;Manifesto meu pesar &agrave; [&hellip;]<\/p>\n","protected":false},"author":10,"featured_media":106944,"comment_status":"closed","ping_status":"closed","sticky":false,"template":"","format":"standard","meta":{"footnotes":""},"categories":[24],"tags":[],"class_list":["post-106941","post","type-post","status-publish","format-standard","has-post-thumbnail","hentry","category-noticias"],"acf":[],"_links":{"self":[{"href":"http:\/\/www.apucarana.pr.gov.br\/site\/wp-json\/wp\/v2\/posts\/106941","targetHints":{"allow":["GET"]}}],"collection":[{"href":"http:\/\/www.apucarana.pr.gov.br\/site\/wp-json\/wp\/v2\/posts"}],"about":[{"href":"http:\/\/www.apucarana.pr.gov.br\/site\/wp-json\/wp\/v2\/types\/post"}],"author":[{"embeddable":true,"href":"http:\/\/www.apucarana.pr.gov.br\/site\/wp-json\/wp\/v2\/users\/10"}],"replies":[{"embeddable":true,"href":"http:\/\/www.apucarana.pr.gov.br\/site\/wp-json\/wp\/v2\/comments?post=106941"}],"version-history":[{"count":1,"href":"http:\/\/www.apucarana.pr.gov.br\/site\/wp-json\/wp\/v2\/posts\/106941\/revisions"}],"predecessor-version":[{"id":106945,"href":"http:\/\/www.apucarana.pr.gov.br\/site\/wp-json\/wp\/v2\/posts\/106941\/revisions\/106945"}],"wp:featuredmedia":[{"embeddable":true,"href":"http:\/\/www.apucarana.pr.gov.br\/site\/wp-json\/wp\/v2\/media\/106944"}],"wp:attachment":[{"href":"http:\/\/www.apucarana.pr.gov.br\/site\/wp-json\/wp\/v2\/media?parent=106941"}],"wp:term":[{"taxonomy":"category","embeddable":true,"href":"http:\/\/www.apucarana.pr.gov.br\/site\/wp-json\/wp\/v2\/categories?post=106941"},{"taxonomy":"post_tag","embeddable":true,"href":"http:\/\/www.apucarana.pr.gov.br\/site\/wp-json\/wp\/v2\/tags?post=106941"}],"curies":[{"name":"wp","href":"https:\/\/api.w.org\/{rel}","templated":true}]}}