{"id":106917,"date":"2024-10-07T16:55:43","date_gmt":"2024-10-07T19:55:43","guid":{"rendered":"http:\/\/www.apucarana.pr.gov.br\/site\/?p=106917"},"modified":"2024-10-08T08:09:47","modified_gmt":"2024-10-08T11:09:47","slug":"feira-verde-atendera-em-nove-regioes-da-cidade-nesta-semana","status":"publish","type":"post","link":"http:\/\/www.apucarana.pr.gov.br\/site\/feira-verde-atendera-em-nove-regioes-da-cidade-nesta-semana\/","title":{"rendered":"Feira Verde atender\u00e1 em nove regi\u00f5es da cidade nesta semana"},"content":{"rendered":"\n\t\t<!-- MasterSlider -->\n\t\t<div id=\"P_MS69f2f5f2cee38\" class=\"master-slider-parent master-slider-gallery   ms-parent-id-0\" style=\"\" >\n\n\t\t\t\n\t\t\t<!-- MasterSlider Main -->\n\t\t\t<div id=\"MS69f2f5f2cee38\" class=\"master-slider ms-skin-default\" >\n\t\t\t\t \t\t\t\t \n\t\t\t<div  class=\"ms-slide\" data-delay=\"3\"    >\n\t\t\t\t\t<img decoding=\"async\" src=\"http:\/\/www.apucarana.pr.gov.br\/site\/wp-content\/plugins\/masterslider\/public\/assets\/css\/blank.gif\" alt=\"Feira verde 003\" title=\"Feira verde 003\" data-src=\"http:\/\/www.apucarana.pr.gov.br\/site\/wp-content\/uploads\/2024\/10\/Feira-verde-003-1024x683.jpg\" \/>\n\t<a href=\"http:\/\/www.apucarana.pr.gov.br\/site\/wp-content\/uploads\/2024\/10\/Feira-verde-003-1024x683.jpg\" target=\"_self\"    >Feira verde 003<\/a>\n\n\n\t<img decoding=\"async\" class=\"ms-thumb\" src=\"http:\/\/www.apucarana.pr.gov.br\/site\/wp-content\/uploads\/2024\/10\/Feira-verde-003-1024x683-140x80.jpg\" alt=\"Feira verde 003\" \/>\n\t\t\t\t<\/div>\n\t\t\t<div  class=\"ms-slide\" data-delay=\"3\"    >\n\t\t\t\t\t<img decoding=\"async\" src=\"http:\/\/www.apucarana.pr.gov.br\/site\/wp-content\/plugins\/masterslider\/public\/assets\/css\/blank.gif\" alt=\"Feira verde 007\" title=\"Feira verde 007\" data-src=\"http:\/\/www.apucarana.pr.gov.br\/site\/wp-content\/uploads\/2024\/10\/Feira-verde-007-1024x683.jpg\" \/>\n\t<a href=\"http:\/\/www.apucarana.pr.gov.br\/site\/wp-content\/uploads\/2024\/10\/Feira-verde-007-1024x683.jpg\" target=\"_self\"    >Feira verde 007<\/a>\n\n\n\t<img decoding=\"async\" class=\"ms-thumb\" src=\"http:\/\/www.apucarana.pr.gov.br\/site\/wp-content\/uploads\/2024\/10\/Feira-verde-007-1024x683-140x80.jpg\" alt=\"Feira verde 007\" \/>\n\t\t\t\t<\/div>\n\t\t\t<div  class=\"ms-slide\" data-delay=\"3\"    >\n\t\t\t\t\t<img decoding=\"async\" src=\"http:\/\/www.apucarana.pr.gov.br\/site\/wp-content\/plugins\/masterslider\/public\/assets\/css\/blank.gif\" alt=\"Feira verde 015\" title=\"Feira verde 015\" data-src=\"http:\/\/www.apucarana.pr.gov.br\/site\/wp-content\/uploads\/2024\/10\/Feira-verde-015-1024x683.jpg\" \/>\n\t<a href=\"http:\/\/www.apucarana.pr.gov.br\/site\/wp-content\/uploads\/2024\/10\/Feira-verde-015-1024x683.jpg\" target=\"_self\"    >Feira verde 015<\/a>\n\n\n\t<img decoding=\"async\" class=\"ms-thumb\" src=\"http:\/\/www.apucarana.pr.gov.br\/site\/wp-content\/uploads\/2024\/10\/Feira-verde-015-1024x683-140x80.jpg\" alt=\"Feira verde 015\" \/>\n\t\t\t\t<\/div>\n\t\t\t<div  class=\"ms-slide\" data-delay=\"3\"    >\n\t\t\t\t\t<img decoding=\"async\" src=\"http:\/\/www.apucarana.pr.gov.br\/site\/wp-content\/plugins\/masterslider\/public\/assets\/css\/blank.gif\" alt=\"Feira verde 019\" title=\"Feira verde 019\" data-src=\"http:\/\/www.apucarana.pr.gov.br\/site\/wp-content\/uploads\/2024\/10\/Feira-verde-019-1024x683.jpg\" \/>\n\t<a href=\"http:\/\/www.apucarana.pr.gov.br\/site\/wp-content\/uploads\/2024\/10\/Feira-verde-019-1024x683.jpg\" target=\"_self\"    >Feira verde 019<\/a>\n\n\n\t<img decoding=\"async\" class=\"ms-thumb\" src=\"http:\/\/www.apucarana.pr.gov.br\/site\/wp-content\/uploads\/2024\/10\/Feira-verde-019-1024x683-140x80.jpg\" alt=\"Feira verde 019\" \/>\n\t\t\t\t<\/div>\n\n\t\t\t<\/div>\n\t\t\t<!-- END MasterSlider Main -->\n\n\t\t\t \n\t\t<\/div>\n\t\t<!-- END MasterSlider -->\n\n\t\t<script>\n\t\t( window.MSReady = window.MSReady || [] ).push( function( $ ) {\n\n\t\t\t\"use strict\";\n\t\t\tvar masterslider_ee38 = new MasterSlider();\n\n\t\t\t\/\/ slider controls\n\t\t\tmasterslider_ee38.control('arrows'     ,{ autohide:true, overVideo:true  });\n\t\t\tmasterslider_ee38.control('thumblist'  ,{ autohide:false, overVideo:true, dir:'h', speed:17, inset:false, arrows:false, hover:false, customClass:'', align:'bottom',type:'thumbs', margin:2, width:140, height:80, space:2, fillMode:'fill'  });\n\t\t\t\/\/ slider setup\n\t\t\tmasterslider_ee38.setup(\"MS69f2f5f2cee38\", {\n\t\t\t\twidth           : 960,\n\t\t\t\theight          : 540,\n\t\t\t\tminHeight       : 0,\n\t\t\t\tspace           : 0,\n\t\t\t\tstart           : 1,\n\t\t\t\tgrabCursor      : true,\n\t\t\t\tswipe           : true,\n\t\t\t\tmouse           : true,\n\t\t\t\tkeyboard        : false,\n\t\t\t\tlayout          : \"fillwidth\",\n\t\t\t\twheel           : false,\n\t\t\t\tautoplay        : true,\n                instantStartLayers:false,\n\t\t\t\tmobileBGVideo:false,\n\t\t\t\tloop            : true,\n\t\t\t\tshuffle         : false,\n\t\t\t\tpreload         : 3,\n\t\t\t\theightLimit     : false,\n\t\t\t\tautoHeight      : false,\n\t\t\t\tsmoothHeight    : true,\n\t\t\t\tendPause        : false,\n\t\t\t\toverPause       : false,\n\t\t\t\tfillMode        : \"fill\",\n\t\t\t\tcenterControls  : true,\n\t\t\t\tstartOnAppear   : false,\n\t\t\t\tlayersMode      : \"center\",\n\t\t\t\tautofillTarget  : \"\",\n\t\t\t\thideLayers      : false,\n\t\t\t\tfullscreenMargin: 0,\n\t\t\t\tspeed           : 17,\n\t\t\t\tdir             : \"h\",\n\t\t\t\tresponsive      : true,\n\t\t\t\ttabletWidth     : 768,\n\t\t\t\ttabletHeight    : null,\n\t\t\t\tphoneWidth      : 480,\n\t\t\t\tphoneHeight    : null,\n\t\t\t\tsizingReference : window,\n\t\t\t\tparallaxMode    : 'swipe',\n\t\t\t\tview            : \"basic\"\n\t\t\t});\n\n\t\t\t\n\t\t\twindow.masterslider_instances = window.masterslider_instances || [];\n\t\t\twindow.masterslider_instances.push( masterslider_ee38 );\n\t\t});\n\t\t<\/script>\n\n\n<p>O Programa Feira Verde divulgou o calend\u00e1rio de atendimento do programa desta semana. As visitas acontecem nesta ter\u00e7a, quarta e quinta-feira, atendendo nove regi\u00f5es da cidade. A coordena\u00e7\u00e3o do programa pede para que a popula\u00e7\u00e3o leve os materiais recicl\u00e1veis at\u00e9 os pontos, para serem trocados por hortifrutigranjeiros.<\/p>\n<p>O prefeito Junior da Femac lembra que o programa, implantado em 2022, j\u00e1 atendeu dezenas de bairros e milhares de fam\u00edlias. \u201cSomente nesta ter\u00e7a-feira, mais quatro regi\u00f5es ser\u00e3o atendidas. Na parte da manh\u00e3, a troca acontece no Vale Verde\u00a0 &#8211; das 9h30 \u00e0s 10h30 &#8211;\u00a0 e no Jardim Ponta Grossa, das 10h30 \u00e0s 11h30. J\u00e1 na parte da tarde, a nossa equipe estar\u00e1 atendendo na Vila Feliz, das 14h30 \u00e0s 15h30, e na sequ\u00eancia, das 15h30 \u00e0s 16h30, na regi\u00e3o do Projeto Agr\u00edcola e do Jardim Casagrande\u201d, informa Junior da Femac.<\/p>\n<p>O secret\u00e1rio municipal de Agricultura, Gerson Canuto, afirma que a popula\u00e7\u00e3o pode conferir a agenda de atendimento no site da Prefeitura (<a href=\"http:\/\/www.apucarana.pr.gov.br\">www.apucarana.pr.gov.br<\/a>). \u201cNo calend\u00e1rio, que \u00e9 divulgado sempre com anteced\u00eancia, consta o hor\u00e1rio, o bairro atendido e o endere\u00e7o onde estar\u00e3o os caminh\u00f5es do programa\u201d, explica Canuto.<\/p>\n<p>A agenda prossegue na quarta de manh\u00e3, quando o atendimento ocorre na regi\u00e3o do Jardim Milani e, na sequ\u00eancia, na Vila Nova. J\u00e1 na quinta-feira, os caminh\u00f5es do Feira Verde estar\u00e3o fazendo a troca do recicl\u00e1vel pelos hortifrutigranjeiros no Jardim Interlagos, Osmar Guaraci Freire e no N\u00facleo Habitacional Jo\u00e3o Paulo.<\/p>\n<p><strong>CALEND\u00c1RIO DO FEIRA VERDE DESTA SEMANA<\/strong><\/p>\n<table width=\"573\">\n<tbody>\n<tr>\n<td>08\/10 das 09h30 \u00e0s 10h30<\/td>\n<td>Vale Verde<\/td>\n<td>Avenida Itarar\u00e9<\/td>\n<\/tr>\n<tr>\n<td>08\/10 das 10h30 \u00e0s 11h30<\/td>\n<td>Jardim Ponta Grossa<\/td>\n<td>Av. Itarar\u00e9 (pr\u00f3ximo ao Mercado Fam\u00edlia)<\/td>\n<\/tr>\n<tr>\n<td>08\/10 das 14h30 \u00e0s 15h30<\/td>\n<td>Vila Feliz<\/td>\n<td>Pr\u00f3ximo \u00e0 E.M. Gabriel de Lara (p\u00e1tio Igreja S\u00e3o Jos\u00e9)<\/td>\n<\/tr>\n<tr>\n<td>08\/10 das 15h30 \u00e0s 16h30<\/td>\n<td>Projeto Agr\u00edcola\/Jardim Casa Grande<\/td>\n<td>Rua Ouro Verde x R: S\u00e3o Vicente &#8211; Pr\u00f3ximo ao Parquinho<\/td>\n<\/tr>\n<tr>\n<td>09\/10 das 09h30 \u00e0s 10h30<\/td>\n<td>Jardim Milangi\/FAP\/Jardim Flamingos<\/td>\n<td>R: Manoel Per. Luanda x R: H\u00e9rmes da Fonseca<\/td>\n<\/tr>\n<tr>\n<td>09\/10 das 10h45 \u00e0s 11h30<\/td>\n<td>Vila Nova II<\/td>\n<td>R: \u00cdcaro x R: S\u00f3focles &#8211; Capela Santa Terezinha<\/td>\n<\/tr>\n<tr>\n<td>10\/10 das 9h30 \u00e0s 10h30<\/td>\n<td>Jardim Interlagos<\/td>\n<td>Pr\u00f3ximo ao Parquinho<\/td>\n<\/tr>\n<tr>\n<td>10\/10 das 10h30 \u00e0s 11h30<\/td>\n<td>Osmar Guaraci\/Jo\u00e3o Paulo<\/td>\n<td>R: Rio das Cinzas x R: Angelo Basso<\/td>\n<\/tr>\n<tr>\n<td>10\/10 das 14h30 \u00e0s 15h30<\/td>\n<td>Jo\u00e3o Paulo (igreja)<\/td>\n<td>P\u00e1tio Igreja Ros\u00e1rio de F\u00e1tima<\/td>\n<\/tr>\n<tr>\n<td>10\/10 das 15h30 \u00e0s 16h30<\/td>\n<td>Jo\u00e3o Paulo (bocha)<\/td>\n<td>Pr\u00f3ximo ao antigo Bocha<\/td>\n<\/tr>\n<\/tbody>\n<\/table>\n<p>&nbsp;<\/p>\n","protected":false},"excerpt":{"rendered":"<p>O Programa Feira Verde divulgou o calend&aacute;rio de atendimento do programa desta semana. As visitas acontecem nesta ter&ccedil;a, quarta e quinta-feira, atendendo nove regi&otilde;es da cidade. A coordena&ccedil;&atilde;o do programa pede para que a popula&ccedil;&atilde;o leve os materiais recicl&aacute;veis at&eacute; os pontos, para serem trocados por hortifrutigranjeiros. O prefeito Junior da Femac lembra que o [&hellip;]<\/p>\n","protected":false},"author":7,"featured_media":106919,"comment_status":"closed","ping_status":"closed","sticky":false,"template":"","format":"standard","meta":{"footnotes":""},"categories":[24],"tags":[],"class_list":["post-106917","post","type-post","status-publish","format-standard","has-post-thumbnail","hentry","category-noticias"],"acf":[],"_links":{"self":[{"href":"http:\/\/www.apucarana.pr.gov.br\/site\/wp-json\/wp\/v2\/posts\/106917","targetHints":{"allow":["GET"]}}],"collection":[{"href":"http:\/\/www.apucarana.pr.gov.br\/site\/wp-json\/wp\/v2\/posts"}],"about":[{"href":"http:\/\/www.apucarana.pr.gov.br\/site\/wp-json\/wp\/v2\/types\/post"}],"author":[{"embeddable":true,"href":"http:\/\/www.apucarana.pr.gov.br\/site\/wp-json\/wp\/v2\/users\/7"}],"replies":[{"embeddable":true,"href":"http:\/\/www.apucarana.pr.gov.br\/site\/wp-json\/wp\/v2\/comments?post=106917"}],"version-history":[{"count":2,"href":"http:\/\/www.apucarana.pr.gov.br\/site\/wp-json\/wp\/v2\/posts\/106917\/revisions"}],"predecessor-version":[{"id":106955,"href":"http:\/\/www.apucarana.pr.gov.br\/site\/wp-json\/wp\/v2\/posts\/106917\/revisions\/106955"}],"wp:featuredmedia":[{"embeddable":true,"href":"http:\/\/www.apucarana.pr.gov.br\/site\/wp-json\/wp\/v2\/media\/106919"}],"wp:attachment":[{"href":"http:\/\/www.apucarana.pr.gov.br\/site\/wp-json\/wp\/v2\/media?parent=106917"}],"wp:term":[{"taxonomy":"category","embeddable":true,"href":"http:\/\/www.apucarana.pr.gov.br\/site\/wp-json\/wp\/v2\/categories?post=106917"},{"taxonomy":"post_tag","embeddable":true,"href":"http:\/\/www.apucarana.pr.gov.br\/site\/wp-json\/wp\/v2\/tags?post=106917"}],"curies":[{"name":"wp","href":"https:\/\/api.w.org\/{rel}","templated":true}]}}