{"id":10621,"date":"2017-10-30T15:13:37","date_gmt":"2017-10-30T17:13:37","guid":{"rendered":"http:\/\/172.16.0.7\/site-antigo\/?p=10621"},"modified":"2024-10-08T09:15:36","modified_gmt":"2024-10-08T12:15:36","slug":"concurso-agrinho-premia-aluno-da-rede-municipal-de-apucarana","status":"publish","type":"post","link":"http:\/\/www.apucarana.pr.gov.br\/site\/concurso-agrinho-premia-aluno-da-rede-municipal-de-apucarana\/","title":{"rendered":"Concurso Agrinho premia aluno da rede municipal de Apucarana"},"content":{"rendered":"<p>A Educa\u00e7\u00e3o de Apucarana \u00e9 destaque em n\u00edvel estadual. O aluno Edcarlos dos Santos Greg\u00f3rio, matriculado no 4\u00ba ano, da Escola Municipal Vereador Jos\u00e9 Ramos de Oliveira, conquistou o primeiro lugar paranaense no concurso de reda\u00e7\u00e3o do Programa Agrinho. \u00a0A cerim\u00f4nia de premia\u00e7\u00e3o aconteceu na manh\u00e3 de hoje (30\/10), no Expotrade Pinhais, na Regi\u00e3o Metropolitana de Curitiba.<br \/>\nO Agrinho \u00e9 o maior programa de responsabilidade social da Federa\u00e7\u00e3o da Agricultura do Estado do Paran\u00e1 (FAEP) e do Servi\u00e7o Nacional de Aprendizagem Rural (SENAR-PR). Anualmente, a atividade movimenta cerca de 80 mil professores e 1 milh\u00e3o de estudantes de todo o Estado.<br \/>\nOs participantes recebem materiais did\u00e1ticos, capacita\u00e7\u00e3o e s\u00e3o estimulados a refletirem em sala de aula sobre temas transversais como sa\u00fade, meio ambiente e cidadania. Os concursos de desenho, reda\u00e7\u00e3o e experi\u00eancia pedag\u00f3gica giram em torno do tema \u201cAs coisas que ligam o campo e a cidade e nosso papel para melhorar o mundo\u201d.<br \/>\nA professora Daniele Cristina dos Santos orientou o aluno na constru\u00e7\u00e3o da reda\u00e7\u00e3o, que foi escolhida a melhor de todo o Paran\u00e1. Os dois receberam tablets pela conquista da fase regional e notebooks pela fase estadual.<br \/>\nA secret\u00e1ria municipal de Educa\u00e7\u00e3o, Marli Fernandes, acompanhou a premia\u00e7\u00e3o na Expotrade Pinhais. \u201cA inscri\u00e7\u00e3o em concursos n\u00e3o \u00e9 obrigat\u00f3ria na rede municipal de ensino, mas n\u00f3s incentivamos a participa\u00e7\u00e3o quando percebemos que a atividade pode ampliar os conhecimentos dos alunos. Parab\u00e9ns ao estudante Edcarlos e \u00e0 professora Daniela pelo brilhante trabalho realizado, e nossos agradecimentos ao sistema FAEP pela organiza\u00e7\u00e3o do programa Agrinho e,\u201d felicitou.<\/p>\n","protected":false},"excerpt":{"rendered":"<p>Edcarlos dos Santos Greg\u00f3rio, da Escola Municipal Vereador Jos\u00e9 Ramos de Oliveira, escreveu o melhor texto do Paran\u00e1 sobre o tema \u201cAs coisas que ligam o campo \u00e0 cidade e nosso papel para melhorar o mundo\u201d<\/p>\n","protected":false},"author":4,"featured_media":10626,"comment_status":"closed","ping_status":"open","sticky":false,"template":"","format":"standard","meta":{"footnotes":""},"categories":[24],"tags":[101,53,100,102],"class_list":["post-10621","post","type-post","status-publish","format-standard","has-post-thumbnail","hentry","category-noticias","tag-concurso-de-redacao","tag-educacao","tag-premiacao","tag-programa-agrinho"],"acf":[],"_links":{"self":[{"href":"http:\/\/www.apucarana.pr.gov.br\/site\/wp-json\/wp\/v2\/posts\/10621","targetHints":{"allow":["GET"]}}],"collection":[{"href":"http:\/\/www.apucarana.pr.gov.br\/site\/wp-json\/wp\/v2\/posts"}],"about":[{"href":"http:\/\/www.apucarana.pr.gov.br\/site\/wp-json\/wp\/v2\/types\/post"}],"author":[{"embeddable":true,"href":"http:\/\/www.apucarana.pr.gov.br\/site\/wp-json\/wp\/v2\/users\/4"}],"replies":[{"embeddable":true,"href":"http:\/\/www.apucarana.pr.gov.br\/site\/wp-json\/wp\/v2\/comments?post=10621"}],"version-history":[{"count":1,"href":"http:\/\/www.apucarana.pr.gov.br\/site\/wp-json\/wp\/v2\/posts\/10621\/revisions"}],"predecessor-version":[{"id":101926,"href":"http:\/\/www.apucarana.pr.gov.br\/site\/wp-json\/wp\/v2\/posts\/10621\/revisions\/101926"}],"wp:featuredmedia":[{"embeddable":true,"href":"http:\/\/www.apucarana.pr.gov.br\/site\/wp-json\/"}],"wp:attachment":[{"href":"http:\/\/www.apucarana.pr.gov.br\/site\/wp-json\/wp\/v2\/media?parent=10621"}],"wp:term":[{"taxonomy":"category","embeddable":true,"href":"http:\/\/www.apucarana.pr.gov.br\/site\/wp-json\/wp\/v2\/categories?post=10621"},{"taxonomy":"post_tag","embeddable":true,"href":"http:\/\/www.apucarana.pr.gov.br\/site\/wp-json\/wp\/v2\/tags?post=10621"}],"curies":[{"name":"wp","href":"https:\/\/api.w.org\/{rel}","templated":true}]}}