{"id":10443,"date":"2017-10-20T15:04:33","date_gmt":"2017-10-20T17:04:33","guid":{"rendered":"http:\/\/172.16.0.7\/site-antigo\/?p=10443"},"modified":"2024-10-08T09:15:37","modified_gmt":"2024-10-08T12:15:37","slug":"projeto-televisando-o-futuro-premia-aluna-apucaranense","status":"publish","type":"post","link":"http:\/\/www.apucarana.pr.gov.br\/site\/projeto-televisando-o-futuro-premia-aluna-apucaranense\/","title":{"rendered":"Projeto Televisando o Futuro premia aluna apucaranense"},"content":{"rendered":"<p>Essa sexta-feira (20\/10) foi de festa para a Escola Municipal Jos\u00e9 Id\u00e9sio Brianezi, localizada no N\u00facleo Jo\u00e3o Paulo. Classificada na fase municipal do Concurso Cultural Televisando o Futuro, a aluna Mariana Alannys dos Santos Chaves, do 4\u00ba ano, recebeu sua premia\u00e7\u00e3o, na manh\u00e3 de hoje, durante visita da coordenadora regional da iniciativa, Rafaela Vieira Marinho.<br \/>\nDesenvolvido em parceria pelo Instituto GRPCOM, RPCTV e Autarquia Municipal de Educa\u00e7\u00e3o (AME), o Televisando o Futuro conscientizou os alunos, nesta edi\u00e7\u00e3o, para uma vida mais saud\u00e1vel e motivada.<br \/>\nEm 2017, os 1.320 alunos apucaranenses envolvidos &#8211; matriculados no 4\u00ba ano das 37 escolas municipais \u2013 discutiram o tema \u201cViver bem, que mal tem?\u201d e foram convidados a produzir uma hist\u00f3ria em quadrinhos a partir dele.<br \/>\n\u201cEu n\u00e3o esperava que o meu trabalho fosse escolhido, estou muito feliz. Com esse projeto, aprendi a ter uma alimenta\u00e7\u00e3o saud\u00e1vel e a me dedicar aos esportes,\u201d contou a aluna.<br \/>\nA professora D\u00e9bora Cristina Madrona Tavares orientou a estudante na constru\u00e7\u00e3o do cartoon. As duas foram premiadas com certificados e tablets.<br \/>\nA secret\u00e1ria municipal de Educa\u00e7\u00e3o, Marli Fernandes, e o presidente da C\u00e2mara Municipal de Apucarana, vereador Mauro Bertoli, acompanharam a premia\u00e7\u00e3o na Escola Jos\u00e9 Id\u00e9sio Brianezi.<br \/>\n\u201cN\u00f3s desenvolvemos diversas iniciativas, nas escolas e CMEIs, em conjunto com empresas e institui\u00e7\u00f5es. Essas parcerias acontecem quando os projetos complementam os conte\u00fados previstos no curr\u00edculo unificado da rede municipal,\u201d disse a secret\u00e1ria.<\/p>\n","protected":false},"excerpt":{"rendered":"<p>Esse ano, 1.320 alunos da rede municipal de ensino participaram do projeto e confeccionaram hist\u00f3rias em quadrinho sobre o tema \u201cViver bem, que mal tem?\u201d (Fotos: Profeta)<\/p>\n","protected":false},"author":4,"featured_media":10447,"comment_status":"closed","ping_status":"open","sticky":false,"template":"","format":"standard","meta":{"footnotes":""},"categories":[24],"tags":[99,53,98,100],"class_list":["post-10443","post","type-post","status-publish","format-standard","has-post-thumbnail","hentry","category-noticias","tag-concurso-cultural","tag-educacao","tag-escola-municipal","tag-premiacao"],"acf":[],"_links":{"self":[{"href":"http:\/\/www.apucarana.pr.gov.br\/site\/wp-json\/wp\/v2\/posts\/10443","targetHints":{"allow":["GET"]}}],"collection":[{"href":"http:\/\/www.apucarana.pr.gov.br\/site\/wp-json\/wp\/v2\/posts"}],"about":[{"href":"http:\/\/www.apucarana.pr.gov.br\/site\/wp-json\/wp\/v2\/types\/post"}],"author":[{"embeddable":true,"href":"http:\/\/www.apucarana.pr.gov.br\/site\/wp-json\/wp\/v2\/users\/4"}],"replies":[{"embeddable":true,"href":"http:\/\/www.apucarana.pr.gov.br\/site\/wp-json\/wp\/v2\/comments?post=10443"}],"version-history":[{"count":1,"href":"http:\/\/www.apucarana.pr.gov.br\/site\/wp-json\/wp\/v2\/posts\/10443\/revisions"}],"predecessor-version":[{"id":101948,"href":"http:\/\/www.apucarana.pr.gov.br\/site\/wp-json\/wp\/v2\/posts\/10443\/revisions\/101948"}],"wp:featuredmedia":[{"embeddable":true,"href":"http:\/\/www.apucarana.pr.gov.br\/site\/wp-json\/"}],"wp:attachment":[{"href":"http:\/\/www.apucarana.pr.gov.br\/site\/wp-json\/wp\/v2\/media?parent=10443"}],"wp:term":[{"taxonomy":"category","embeddable":true,"href":"http:\/\/www.apucarana.pr.gov.br\/site\/wp-json\/wp\/v2\/categories?post=10443"},{"taxonomy":"post_tag","embeddable":true,"href":"http:\/\/www.apucarana.pr.gov.br\/site\/wp-json\/wp\/v2\/tags?post=10443"}],"curies":[{"name":"wp","href":"https:\/\/api.w.org\/{rel}","templated":true}]}}