{"id":9848,"date":"2021-09-29T18:07:09","date_gmt":"2021-09-29T21:07:09","guid":{"rendered":"http:\/\/www.apucarana.pr.gov.br\/ame\/?p=9848"},"modified":"2024-10-08T09:09:47","modified_gmt":"2024-10-08T12:09:47","slug":"estudantes-fragilizados-pela-pandemia-receberao-acompanhamento-psicologico-na-rede-municipal-de-apucarana","status":"publish","type":"post","link":"http:\/\/www.apucarana.pr.gov.br\/ame\/estudantes-fragilizados-pela-pandemia-receberao-acompanhamento-psicologico-na-rede-municipal-de-apucarana\/","title":{"rendered":"Estudantes fragilizados pela pandemia receber\u00e3o acompanhamento psicol\u00f3gico  na rede municipal de Apucarana"},"content":{"rendered":"<p>A Prefeitura de Apucarana, a Autarquia Municipal de Educa\u00e7\u00e3o (AME), o Centro de Apoio Multiprofissional ao Escolar (CAME) e a Faculdade de Apucarana (FAP) firmaram uma parceria, na tarde de hoje (29\/9), para oferecer acompanhamento psicol\u00f3gico aos alunos e educadores que se encontram fragilizados em consequ\u00eancia da pandemia de Covid-19.<\/p>\n<p>O projeto <em>Olhar acolhedor no contexto educacional<\/em> ser\u00e1 desenvolvido nos 23 centros infantis (CMEIs) e 35 escolas da rede municipal de ensino at\u00e9 dezembro de 2022, beneficiando aproximadamente doze mil crian\u00e7as e mil e quatrocentos professores e servidores.<\/p>\n<p>\u201cA pandemia causou enorme impacto na sa\u00fade mental da popula\u00e7\u00e3o. As fam\u00edlias que j\u00e1 viviam em situa\u00e7\u00e3o de vulnerabilidade, por exemplo, tiveram suas estruturas financeira e emocional ainda mais abaladas nos \u00faltimos dezoito meses. E as crian\u00e7as, al\u00e9m de ficarem distantes dos bancos escolares, devido \u00e0 suspens\u00e3o das aulas presenciais, muitas vezes foram afetadas pela perda da m\u00e3e, do pai e de outros familiares,\u201d afirmou o prefeito Junior da Femac.<\/p>\n<p>De acordo com a secret\u00e1ria de educa\u00e7\u00e3o, Marli Fernandes, uma perda familiar pode fomentar diferentes comportamentos e refletir em dificuldades no processo de ensino-aprendizagem. \u201cDessa forma, cabe \u00e0 escola, sendo um ambiente social e pluricultural, desenvolver a\u00e7\u00f5es de apoio aos alunos que enfrentam o luto, a orfandade, o abandono e mesmo situa\u00e7\u00f5es de maus-tratos,\u201d disse.<\/p>\n<p>Por meio da parceria, a Autarquia Municipal de Educa\u00e7\u00e3o vai ofertar forma\u00e7\u00e3o continuada aos professores e assistentes infantis para que eles consigam incentivar as crian\u00e7as a expressarem suas emo\u00e7\u00f5es e identificar mudan\u00e7as no comportamento dos alunos.<\/p>\n<p>\u201cOs CMEIs e Escolas costumeiramente j\u00e1 realizam diversas a\u00e7\u00f5es de acolhimento e de encaminhamento de casos de vulnerabilidade para setores especializados de apoio. Por\u00e9m, neste momento de retomada das aulas presenciais no contexto pand\u00eamico, percebemos a necessidade de refor\u00e7ar as iniciativas, com foco na escuta e no cuidado com o outro de modo respeitoso e solid\u00e1rio,\u201d explicou a secret\u00e1ria.<\/p>\n<p>O diretor geral da FAP, Lisandro Rog\u00e9rio Modesto, acrescentou que os acad\u00eamicos do curso superior em Psicologia da institui\u00e7\u00e3o realizar\u00e3o interven\u00e7\u00f5es regulares no ambiente dos CMEIs e Escolas. \u201cAl\u00e9m disso, a nossa Cl\u00ednica Escola oferecer\u00e1 acompanhamento psicol\u00f3gico gratuito aos alunos, professores e servidores da rede municipal de ensino que necessitarem,\u201d detalhou.<\/p>\n<p>\u201cJ\u00e1 os profissionais do CAME far\u00e3o o encaminhamento dos casos mais graves para a Rede de Prote\u00e7\u00e3o \u00e0 Crian\u00e7a e ao Adolescente (Macrorrede) do munic\u00edpio de Apucarana,\u201d completou a coordenadora do \u00f3rg\u00e3o, L\u00e9ia Sofia Viale.<\/p>\n<p>Participaram ainda da assinatura do termo de conv\u00eanio para o desenvolvimento do projeto <em>Olhar acolhedor no contexto educacional<\/em>, a coordenadora do curso superior em Psicologia da FAP, Juliani Naiara de Almeida Pinto, e o coordenador da Cl\u00ednica Escola de Psicologia da FAP, Eduardo Souza Hashimoto.<\/p>\n<div class = 'socialMediaOnEveryPost'>Compartilhe<div id=\"sgmbShare1-1\" class=\"sgmbShare jssocials-theme-classic sgmbWidget1-1\"><\/div><div class=\"dropdownWrapper dropdownWrapper1 dropdownWrapper-for-widget \" id=\"dropdownWrapper-for-widget\">\r\n\t\t\t\t\t\t<div class=\"dropdownLabel\" id=\"dropdownLabel-share-list\"><span class=\"sgmbButtonListLabel1\">Share List<\/span><\/div>\r\n\t\t\t\t\t\t<div class=\"dropdownPanel dropdownPanel1-1\">\r\n\t\t\t\t\t\t<\/div>\r\n\t\t\t\t\t<\/div><script>  SGMB_URL = \"http:\/\/www.apucarana.pr.gov.br\/ame\/wp-content\/plugins\/social-media-builder\/\"; jQuery(\".dropdownWrapper\").hide(); SGMB_GOOGLE_ACOUNT = \"\"; <\/script><script type=\"text\/javascript\">\r\n\t\tjQuery(document).ready(function($){var widget = new SGMBWidget();widget.show({\"id\":\"1\",\"title\":\"Face\\\/Twitter\",\"options\":{\"currentUrl\":\"1\",\"url\":\"\",\"shareText\":\"\",\"fontSize\":\"14\",\"betweenButtons\":\"1px\",\"theme\":\"classic\",\"sgmbButtonsPosition\":\"bottomLeft\",\"socialTheme\":\"\",\"icon\":\"default\",\"buttonsPanelEffect\":\"No Effect\",\"buttonsEffect\":\"No Effect\",\"iconsEffect\":\"No Effect\",\"buttons\":\"{\\\"facebook\\\":{\\\"label\\\":\\\"Share\\\",\\\"icon\\\":\\\"default-facebook\\\"},\\\"twitter\\\":{\\\"label\\\":\\\"Tweet\\\",\\\"icon\\\":\\\"default-twitter\\\",\\\"via\\\":\\\"\\\",\\\"hashtags\\\":\\\"\\\"}}\",\"roundButton\":\"\",\"showLabels\":\"\",\"showCounts\":\"\",\"showCenter\":\"\",\"showButtonsAsList\":\"\",\"sgmbDropdownColor\":\"\",\"sgmbDropdownLabelFontSize\":\"14\",\"sgmbDropdownLabelColor\":\"\",\"showButtonsOnEveryPost\":\"on\",\"selectedOrExcluded\":\"\",\"showButtonsOnEveryPage\":\"\",\"textOnEveryPost\":\"Compartilhe\",\"showButtonsOnCustomPost\":\"\",\"textOnCustomPost\":\"\",\"showButtonsOnMobileDirect\":\"on\",\"showButtonsOnDesktopDirect\":\"on\",\"sgmbSelectedPages\":[\"\"],\"sgmbExcludedPosts\":[\"\"],\"sgmbSelectedCustomPosts\":[],\"showButtonsInPopup\":\"\",\"titleOfPopup\":\"\",\"descriptionOfPopup\":\"\",\"showPopupOnLoad\":\"\",\"showPopupOnScroll\":\"\",\"showPopupOnExit\":\"\",\"openSecondsOfPopup\":\"\",\"googleAnaliticsAccount\":\"\"},\"buttonOptions\":{\"facebook\":{\"label\":\"Share\",\"icon\":\"default-facebook\"},\"twitter\":{\"label\":\"Tweet\",\"icon\":\"default-twitter\",\"via\":\"\",\"hashtags\":\"\"}},\"button\":[\"facebook\",\"twitter\"]}, 1, '', 'http:\/\/www.apucarana.pr.gov.br\/ame\/wp-content\/uploads\/2021\/09\/IMG_3460-scaled.jpg', '', 'http:\/\/www.apucarana.pr.gov.br\/ame\/estudantes-fragilizados-pela-pandemia-receberao-acompanhamento-psicologico-na-rede-municipal-de-apucarana\/'); });<\/script><\/div><script> jQuery(\".socialMediaOnEveryPost\").addClass(\"sgmb-left\") <\/script>","protected":false},"excerpt":{"rendered":"<p>Nesta quarta-feira (29\/9), a Autarquia de Educa\u00e7\u00e3o e a Faculdade de Apucarana firmaram parceria para o desenvolvimento do projeto \u2018Olhar acolhedor no contexto educacional\u2019 <\/p>\n","protected":false},"author":10,"featured_media":9852,"comment_status":"closed","ping_status":"open","sticky":false,"template":"","format":"standard","meta":[],"categories":[9],"tags":[],"_links":{"self":[{"href":"http:\/\/www.apucarana.pr.gov.br\/ame\/wp-json\/wp\/v2\/posts\/9848"}],"collection":[{"href":"http:\/\/www.apucarana.pr.gov.br\/ame\/wp-json\/wp\/v2\/posts"}],"about":[{"href":"http:\/\/www.apucarana.pr.gov.br\/ame\/wp-json\/wp\/v2\/types\/post"}],"author":[{"embeddable":true,"href":"http:\/\/www.apucarana.pr.gov.br\/ame\/wp-json\/wp\/v2\/users\/10"}],"replies":[{"embeddable":true,"href":"http:\/\/www.apucarana.pr.gov.br\/ame\/wp-json\/wp\/v2\/comments?post=9848"}],"version-history":[{"count":1,"href":"http:\/\/www.apucarana.pr.gov.br\/ame\/wp-json\/wp\/v2\/posts\/9848\/revisions"}],"predecessor-version":[{"id":9854,"href":"http:\/\/www.apucarana.pr.gov.br\/ame\/wp-json\/wp\/v2\/posts\/9848\/revisions\/9854"}],"wp:featuredmedia":[{"embeddable":true,"href":"http:\/\/www.apucarana.pr.gov.br\/ame\/wp-json\/wp\/v2\/media\/9852"}],"wp:attachment":[{"href":"http:\/\/www.apucarana.pr.gov.br\/ame\/wp-json\/wp\/v2\/media?parent=9848"}],"wp:term":[{"taxonomy":"category","embeddable":true,"href":"http:\/\/www.apucarana.pr.gov.br\/ame\/wp-json\/wp\/v2\/categories?post=9848"},{"taxonomy":"post_tag","embeddable":true,"href":"http:\/\/www.apucarana.pr.gov.br\/ame\/wp-json\/wp\/v2\/tags?post=9848"}],"curies":[{"name":"wp","href":"https:\/\/api.w.org\/{rel}","templated":true}]}}