{"id":9703,"date":"2021-08-04T17:40:47","date_gmt":"2021-08-04T20:40:47","guid":{"rendered":"http:\/\/www.apucarana.pr.gov.br\/ame\/?p=9703"},"modified":"2024-10-08T09:09:48","modified_gmt":"2024-10-08T12:09:48","slug":"comitivas-conhecem-a-rede-municipal-de-educacao-de-apucarana","status":"publish","type":"post","link":"http:\/\/www.apucarana.pr.gov.br\/ame\/comitivas-conhecem-a-rede-municipal-de-educacao-de-apucarana\/","title":{"rendered":"Comitivas conhecem a rede municipal de educa\u00e7\u00e3o de Apucarana"},"content":{"rendered":"<p>O prefeito Junior da Femac e a secret\u00e1ria de educa\u00e7\u00e3o Marli Fernandes receberam, nesta semana, a visita de duas comitivas de cidades da regi\u00e3o que vieram conhecer a estrutura, os projetos e os investimentos que v\u00eam sendo feitos, nos \u00faltimos anos, na rede municipal de ensino de Apucarana.<\/p>\n<p>Na manh\u00e3 desta quarta-feira (4\/8), a secret\u00e1ria de educa\u00e7\u00e3o de Maring\u00e1, Tania Periotto, e suas assessoras Andreia Am\u00e9rico e Ros\u00e2ngela de Aguiar estiveram na sede da Autarquia Municipal de Educa\u00e7\u00e3o de Apucarana. \u201cEu vim conhecer pessoalmente a professora Marli Fernandes e trocar ideias com ela sobre boas pr\u00e1ticas no ensino p\u00fablico. Entre os projetos apresentados, eu gostei particularmente daquele que leva bibliotecas para dentro das salas de aula,\u201d disse a secret\u00e1ria T\u00e2nia.<\/p>\n<p>Outro grupo de educadores, proveniente da cidade de Ivaipor\u00e3, visitou a rede municipal de ensino de Apucarana na manh\u00e3 de ontem (3\/8). \u201cEu fiquei impressionada com a estrutura e a equipe que voc\u00eas t\u00eam aqui. Estou levando diversas ideias interessantes que pretendo apresentar ao nosso prefeito Luiz Carlos Gil,\u201d disse a secret\u00e1ria de educa\u00e7\u00e3o de Ivaipor\u00e3, Roseli de Carvalho Oliveira.<\/p>\n<p>Al\u00e9m da secret\u00e1ria Roseli Oliveira, a comitiva de Ivaipor\u00e3 era formada pelas assessoras t\u00e9cnicas Hozana Gon\u00e7alves, Jusc\u00e9lia Sebold, Edicreusa Huida, Tais Diniz Silva, Daiane Soares, Margarete Mattei e Ivanira Feitosa da Silva.<\/p>\n<p>O prefeito Junior da Femac acompanhou a visita da comitiva de Maring\u00e1. \u201cA educa\u00e7\u00e3o apucaranense \u00e9 refer\u00eancia atualmente para o Brasil. No \u00faltimo final de semana, o Pr\u00eamio Band Cidades Excelentes apontou estamos em 4\u00ba lugar no ranking dos munic\u00edpios, com mais de cem mil habitantes, que oferecem o melhor ensino p\u00fablico \u00e0s suas crian\u00e7as. \u00c9 uma honra recebermos comitivas de outros munic\u00edpios e compartilharmos os projetos e iniciativas que trouxeram nossa educa\u00e7\u00e3o a este patamar,\u201d disse o gestor.<\/p>\n<p>Para a secret\u00e1ria de educa\u00e7\u00e3o de Apucarana, Marli Fernandes, as trocas de experi\u00eancias s\u00e3o sempre valiosas. \u201cOs nossos alunos v\u00eam se destacando em diversas premia\u00e7\u00f5es e avalia\u00e7\u00f5es externas. Isso chama a aten\u00e7\u00e3o de outros munic\u00edpios, que eventualmente nos procuram em busca de informa\u00e7\u00f5es sobre o nosso trabalho. Por\u00e9m, \u00e9 importante frisar que as visitas s\u00e3o como uma via de m\u00e3o dupla e n\u00f3s tamb\u00e9m aprendemos muito com os relatos que ouvimos,\u201d afirmou.<\/p>\n<p>A Autarquia Municipal de Educa\u00e7\u00e3o de Apucarana ainda deve receber, na pr\u00f3xima ter\u00e7a-feira (10\/8), a visita de uma comitiva proveniente do munic\u00edpio de C\u00e2ndido de Abreu.<\/p>\n<div class = 'socialMediaOnEveryPost'>Compartilhe<div id=\"sgmbShare1-1\" class=\"sgmbShare jssocials-theme-classic sgmbWidget1-1\"><\/div><div class=\"dropdownWrapper dropdownWrapper1 dropdownWrapper-for-widget \" id=\"dropdownWrapper-for-widget\">\r\n\t\t\t\t\t\t<div class=\"dropdownLabel\" id=\"dropdownLabel-share-list\"><span class=\"sgmbButtonListLabel1\">Share List<\/span><\/div>\r\n\t\t\t\t\t\t<div class=\"dropdownPanel dropdownPanel1-1\">\r\n\t\t\t\t\t\t<\/div>\r\n\t\t\t\t\t<\/div><script>  SGMB_URL = \"http:\/\/www.apucarana.pr.gov.br\/ame\/wp-content\/plugins\/social-media-builder\/\"; jQuery(\".dropdownWrapper\").hide(); SGMB_GOOGLE_ACOUNT = \"\"; <\/script><script type=\"text\/javascript\">\r\n\t\tjQuery(document).ready(function($){var widget = new SGMBWidget();widget.show({\"id\":\"1\",\"title\":\"Face\\\/Twitter\",\"options\":{\"currentUrl\":\"1\",\"url\":\"\",\"shareText\":\"\",\"fontSize\":\"14\",\"betweenButtons\":\"1px\",\"theme\":\"classic\",\"sgmbButtonsPosition\":\"bottomLeft\",\"socialTheme\":\"\",\"icon\":\"default\",\"buttonsPanelEffect\":\"No Effect\",\"buttonsEffect\":\"No Effect\",\"iconsEffect\":\"No Effect\",\"buttons\":\"{\\\"facebook\\\":{\\\"label\\\":\\\"Share\\\",\\\"icon\\\":\\\"default-facebook\\\"},\\\"twitter\\\":{\\\"label\\\":\\\"Tweet\\\",\\\"icon\\\":\\\"default-twitter\\\",\\\"via\\\":\\\"\\\",\\\"hashtags\\\":\\\"\\\"}}\",\"roundButton\":\"\",\"showLabels\":\"\",\"showCounts\":\"\",\"showCenter\":\"\",\"showButtonsAsList\":\"\",\"sgmbDropdownColor\":\"\",\"sgmbDropdownLabelFontSize\":\"14\",\"sgmbDropdownLabelColor\":\"\",\"showButtonsOnEveryPost\":\"on\",\"selectedOrExcluded\":\"\",\"showButtonsOnEveryPage\":\"\",\"textOnEveryPost\":\"Compartilhe\",\"showButtonsOnCustomPost\":\"\",\"textOnCustomPost\":\"\",\"showButtonsOnMobileDirect\":\"on\",\"showButtonsOnDesktopDirect\":\"on\",\"sgmbSelectedPages\":[\"\"],\"sgmbExcludedPosts\":[\"\"],\"sgmbSelectedCustomPosts\":[],\"showButtonsInPopup\":\"\",\"titleOfPopup\":\"\",\"descriptionOfPopup\":\"\",\"showPopupOnLoad\":\"\",\"showPopupOnScroll\":\"\",\"showPopupOnExit\":\"\",\"openSecondsOfPopup\":\"\",\"googleAnaliticsAccount\":\"\"},\"buttonOptions\":{\"facebook\":{\"label\":\"Share\",\"icon\":\"default-facebook\"},\"twitter\":{\"label\":\"Tweet\",\"icon\":\"default-twitter\",\"via\":\"\",\"hashtags\":\"\"}},\"button\":[\"facebook\",\"twitter\"]}, 1, '', 'http:\/\/www.apucarana.pr.gov.br\/ame\/wp-content\/uploads\/2021\/08\/VISITAEDSON-DENOBI-6-scaled.jpg', '', 'http:\/\/www.apucarana.pr.gov.br\/ame\/comitivas-conhecem-a-rede-municipal-de-educacao-de-apucarana\/'); });<\/script><\/div><script> jQuery(\".socialMediaOnEveryPost\").addClass(\"sgmb-left\") <\/script>","protected":false},"excerpt":{"rendered":"<p>O prefeito Junior da Femac e a secret\u00e1ria Marli Fernandes receberam um grupo de educadores da cidade de Maring\u00e1 na manh\u00e3 de hoje (4\/8) e outro proveniente do munic\u00edpio de Ivaipor\u00e3 ontem (3\/8)<\/p>\n","protected":false},"author":10,"featured_media":9705,"comment_status":"closed","ping_status":"open","sticky":false,"template":"","format":"standard","meta":[],"categories":[9],"tags":[],"_links":{"self":[{"href":"http:\/\/www.apucarana.pr.gov.br\/ame\/wp-json\/wp\/v2\/posts\/9703"}],"collection":[{"href":"http:\/\/www.apucarana.pr.gov.br\/ame\/wp-json\/wp\/v2\/posts"}],"about":[{"href":"http:\/\/www.apucarana.pr.gov.br\/ame\/wp-json\/wp\/v2\/types\/post"}],"author":[{"embeddable":true,"href":"http:\/\/www.apucarana.pr.gov.br\/ame\/wp-json\/wp\/v2\/users\/10"}],"replies":[{"embeddable":true,"href":"http:\/\/www.apucarana.pr.gov.br\/ame\/wp-json\/wp\/v2\/comments?post=9703"}],"version-history":[{"count":4,"href":"http:\/\/www.apucarana.pr.gov.br\/ame\/wp-json\/wp\/v2\/posts\/9703\/revisions"}],"predecessor-version":[{"id":9709,"href":"http:\/\/www.apucarana.pr.gov.br\/ame\/wp-json\/wp\/v2\/posts\/9703\/revisions\/9709"}],"wp:featuredmedia":[{"embeddable":true,"href":"http:\/\/www.apucarana.pr.gov.br\/ame\/wp-json\/wp\/v2\/media\/9705"}],"wp:attachment":[{"href":"http:\/\/www.apucarana.pr.gov.br\/ame\/wp-json\/wp\/v2\/media?parent=9703"}],"wp:term":[{"taxonomy":"category","embeddable":true,"href":"http:\/\/www.apucarana.pr.gov.br\/ame\/wp-json\/wp\/v2\/categories?post=9703"},{"taxonomy":"post_tag","embeddable":true,"href":"http:\/\/www.apucarana.pr.gov.br\/ame\/wp-json\/wp\/v2\/tags?post=9703"}],"curies":[{"name":"wp","href":"https:\/\/api.w.org\/{rel}","templated":true}]}}