{"id":9698,"date":"2021-08-03T13:12:06","date_gmt":"2021-08-03T16:12:06","guid":{"rendered":"http:\/\/www.apucarana.pr.gov.br\/ame\/?p=9698"},"modified":"2024-10-08T09:09:48","modified_gmt":"2024-10-08T12:09:48","slug":"apucarana-esta-entre-os-municipios-que-oferecem-a-melhor-educacao-do-brasil","status":"publish","type":"post","link":"http:\/\/www.apucarana.pr.gov.br\/ame\/apucarana-esta-entre-os-municipios-que-oferecem-a-melhor-educacao-do-brasil\/","title":{"rendered":"Apucarana est\u00e1 entre os munic\u00edpios que oferecem a melhor educa\u00e7\u00e3o do Brasil"},"content":{"rendered":"<p>A qualidade da educa\u00e7\u00e3o apucaranense est\u00e1 em evid\u00eancia mais uma vez. De acordo com o Pr\u00eamio Band Cidades Excelentes, promovido pelo Grupo Bandeirantes de Televis\u00e3o e o Instituto Aquila, Apucarana est\u00e1 em quarto lugar no ranking dos munic\u00edpios, com mais de cem mil habitantes, que oferecem o melhor ensino p\u00fablico do pa\u00eds.<\/p>\n<p>O Pr\u00eamio Band Cidades Excelentes foi criado com o objetivo de reconhecer iniciativas pioneiras de gest\u00e3o, incentivar a implementa\u00e7\u00e3o de projetos de melhoria na esfera p\u00fablica, disseminar solu\u00e7\u00f5es que sirvam de refer\u00eancia para outros munic\u00edpios e valorizar os servidores p\u00fablicos que atuam de forma proativa em benef\u00edcio da popula\u00e7\u00e3o.<\/p>\n<p>A sele\u00e7\u00e3o dos munic\u00edpios com as melhores pr\u00e1ticas \u00e9 feita por meio do \u00cdndice de Gest\u00e3o Municipal Aquila (IGMA), uma plataforma de Intelig\u00eancia Artificial que consolida resultados de at\u00e9 41 indicadores, com o aux\u00edlio de um algoritmo, em uma \u00fanica nota final. Na \u00e1rea da educa\u00e7\u00e3o, os indicadores municipais levados em considera\u00e7\u00e3o s\u00e3o a taxa de analfabetismo, a expectativa em anos de estudo, a taxa de abandono nos anos iniciais do Ensino Fundamental, o gasto com Educa\u00e7\u00e3o por aluno, os resultados do \u00cdndice de Desenvolvimento da Educa\u00e7\u00e3o B\u00e1sica (IDEB), a distor\u00e7\u00e3o idade-s\u00e9rie e o acesso \u00e0 Educa\u00e7\u00e3o Infantil.<\/p>\n<p>Para o prefeito Junior da Femac, Apucarana alcan\u00e7ou o quarto lugar no Pr\u00eamio Band Cidades Excelentes gra\u00e7as aos muitos investimentos que a administra\u00e7\u00e3o municipal tem feito nos CMEIs e Escolas. \u201cDesde 2013, quando eu e o Beto Preto assumimos a prefeitura, a educa\u00e7\u00e3o tornou-se, de fato, uma prioridade. N\u00f3s reformamos e ampliamos quase todas as unidades escolares da rede municipal, equipamos cerca de seiscentas salas de aula com bibliotecas itinerantes e modernos equipamentos tecnol\u00f3gicos, tornamos a merenda de doze mil alunos mais saud\u00e1vel e nutritiva com a compra de alimentos direto da agricultura familiar e garantimos forma\u00e7\u00e3o continuada de qualidade aos nossos professores, assistentes infantis e servidores,\u201d detalhou o gestor.<\/p>\n<p>A secret\u00e1ria de educa\u00e7\u00e3o, Marli Fernandes, destacou ainda a unifica\u00e7\u00e3o do curr\u00edculo da rede municipal de Apucarana. \u201cAo contr\u00e1rio do que acontecia antigamente, os nossos CMEIs e Escolas seguem hoje o mesmo curr\u00edculo, que foi constru\u00eddo democraticamente pelos professores, coordenadores e diretores, em conformidade com a Base Nacional Comum Curricular e o Referencial Curricular do Estado do Paran\u00e1. Em outras palavras, todas as crian\u00e7as apucaranenses aprendem os mesmos conte\u00fados, independentemente de estudarem em unidades localizadas nos distritos, nos bairros ou na \u00e1rea central. As disciplinas de L\u00edngua Inglesa e L\u00edngua Espanhola tamb\u00e9m foram inclu\u00eddas na grade curricular das turmas da Educa\u00e7\u00e3o Infantil e dos anos iniciais do Ensino Fundamental. E, por meio de projetos integrados, os alunos ainda aprendem no\u00e7\u00f5es de empreendedorismo, cooperativismo, cidadania, sustentabilidade, educa\u00e7\u00e3o financeira e fiscal, express\u00e3o corporal, musicaliza\u00e7\u00e3o, artes marciais, entre outros conte\u00fados relevantes para a sua forma\u00e7\u00e3o,\u201d acrescentou.<\/p>\n<p>Na \u00faltima edi\u00e7\u00e3o do \u00cdndice de Desenvolvimento da Educa\u00e7\u00e3o B\u00e1sica (IDEB), em 2019, os alunos da rede municipal apucaranense alcan\u00e7aram nota 7,6, \u00a0a melhor m\u00e9dia entre os munic\u00edpios paranaenses com mais de 100 mil habitantes.<\/p>\n<p>No ranking do Pr\u00eamio Band Cidades Excelentes, na \u00e1rea de Educa\u00e7\u00e3o, figuram Jaragu\u00e1 do Sul-SC, em 1\u00ba lugar, Toledo-PR, em 2\u00ba, Indaiatuba-SP, em 3\u00ba, Apucarana-PR, em 4\u00ba, e Varginha-MG, em 5\u00ba. A divulga\u00e7\u00e3o foi feita em rede nacional pelo Grupo Bandeirantes de Televis\u00e3o, no \u00faltimo final de semana.<\/p>\n<div class = 'socialMediaOnEveryPost'>Compartilhe<div id=\"sgmbShare1-1\" class=\"sgmbShare jssocials-theme-classic sgmbWidget1-1\"><\/div><div class=\"dropdownWrapper dropdownWrapper1 dropdownWrapper-for-widget \" id=\"dropdownWrapper-for-widget\">\r\n\t\t\t\t\t\t<div class=\"dropdownLabel\" id=\"dropdownLabel-share-list\"><span class=\"sgmbButtonListLabel1\">Share List<\/span><\/div>\r\n\t\t\t\t\t\t<div class=\"dropdownPanel dropdownPanel1-1\">\r\n\t\t\t\t\t\t<\/div>\r\n\t\t\t\t\t<\/div><script>  SGMB_URL = \"http:\/\/www.apucarana.pr.gov.br\/ame\/wp-content\/plugins\/social-media-builder\/\"; jQuery(\".dropdownWrapper\").hide(); SGMB_GOOGLE_ACOUNT = \"\"; <\/script><script type=\"text\/javascript\">\r\n\t\tjQuery(document).ready(function($){var widget = new SGMBWidget();widget.show({\"id\":\"1\",\"title\":\"Face\\\/Twitter\",\"options\":{\"currentUrl\":\"1\",\"url\":\"\",\"shareText\":\"\",\"fontSize\":\"14\",\"betweenButtons\":\"1px\",\"theme\":\"classic\",\"sgmbButtonsPosition\":\"bottomLeft\",\"socialTheme\":\"\",\"icon\":\"default\",\"buttonsPanelEffect\":\"No Effect\",\"buttonsEffect\":\"No Effect\",\"iconsEffect\":\"No Effect\",\"buttons\":\"{\\\"facebook\\\":{\\\"label\\\":\\\"Share\\\",\\\"icon\\\":\\\"default-facebook\\\"},\\\"twitter\\\":{\\\"label\\\":\\\"Tweet\\\",\\\"icon\\\":\\\"default-twitter\\\",\\\"via\\\":\\\"\\\",\\\"hashtags\\\":\\\"\\\"}}\",\"roundButton\":\"\",\"showLabels\":\"\",\"showCounts\":\"\",\"showCenter\":\"\",\"showButtonsAsList\":\"\",\"sgmbDropdownColor\":\"\",\"sgmbDropdownLabelFontSize\":\"14\",\"sgmbDropdownLabelColor\":\"\",\"showButtonsOnEveryPost\":\"on\",\"selectedOrExcluded\":\"\",\"showButtonsOnEveryPage\":\"\",\"textOnEveryPost\":\"Compartilhe\",\"showButtonsOnCustomPost\":\"\",\"textOnCustomPost\":\"\",\"showButtonsOnMobileDirect\":\"on\",\"showButtonsOnDesktopDirect\":\"on\",\"sgmbSelectedPages\":[\"\"],\"sgmbExcludedPosts\":[\"\"],\"sgmbSelectedCustomPosts\":[],\"showButtonsInPopup\":\"\",\"titleOfPopup\":\"\",\"descriptionOfPopup\":\"\",\"showPopupOnLoad\":\"\",\"showPopupOnScroll\":\"\",\"showPopupOnExit\":\"\",\"openSecondsOfPopup\":\"\",\"googleAnaliticsAccount\":\"\"},\"buttonOptions\":{\"facebook\":{\"label\":\"Share\",\"icon\":\"default-facebook\"},\"twitter\":{\"label\":\"Tweet\",\"icon\":\"default-twitter\",\"via\":\"\",\"hashtags\":\"\"}},\"button\":[\"facebook\",\"twitter\"]}, 1, '', 'http:\/\/www.apucarana.pr.gov.br\/ame\/wp-content\/uploads\/2021\/08\/IMG_9046-scaled.jpg', '', 'http:\/\/www.apucarana.pr.gov.br\/ame\/apucarana-esta-entre-os-municipios-que-oferecem-a-melhor-educacao-do-brasil\/'); });<\/script><\/div><script> jQuery(\".socialMediaOnEveryPost\").addClass(\"sgmb-left\") <\/script>","protected":false},"excerpt":{"rendered":"<p>De acordo com o Pr\u00eamio Band Cidades Excelentes, Apucarana figura em quarto lugar no ranking dos munic\u00edpios, com mais de cem mil habitantes, que oferecem o melhor ensino p\u00fablico do pa\u00eds<\/p>\n","protected":false},"author":10,"featured_media":9700,"comment_status":"closed","ping_status":"open","sticky":false,"template":"","format":"standard","meta":[],"categories":[9],"tags":[],"_links":{"self":[{"href":"http:\/\/www.apucarana.pr.gov.br\/ame\/wp-json\/wp\/v2\/posts\/9698"}],"collection":[{"href":"http:\/\/www.apucarana.pr.gov.br\/ame\/wp-json\/wp\/v2\/posts"}],"about":[{"href":"http:\/\/www.apucarana.pr.gov.br\/ame\/wp-json\/wp\/v2\/types\/post"}],"author":[{"embeddable":true,"href":"http:\/\/www.apucarana.pr.gov.br\/ame\/wp-json\/wp\/v2\/users\/10"}],"replies":[{"embeddable":true,"href":"http:\/\/www.apucarana.pr.gov.br\/ame\/wp-json\/wp\/v2\/comments?post=9698"}],"version-history":[{"count":2,"href":"http:\/\/www.apucarana.pr.gov.br\/ame\/wp-json\/wp\/v2\/posts\/9698\/revisions"}],"predecessor-version":[{"id":9702,"href":"http:\/\/www.apucarana.pr.gov.br\/ame\/wp-json\/wp\/v2\/posts\/9698\/revisions\/9702"}],"wp:featuredmedia":[{"embeddable":true,"href":"http:\/\/www.apucarana.pr.gov.br\/ame\/wp-json\/wp\/v2\/media\/9700"}],"wp:attachment":[{"href":"http:\/\/www.apucarana.pr.gov.br\/ame\/wp-json\/wp\/v2\/media?parent=9698"}],"wp:term":[{"taxonomy":"category","embeddable":true,"href":"http:\/\/www.apucarana.pr.gov.br\/ame\/wp-json\/wp\/v2\/categories?post=9698"},{"taxonomy":"post_tag","embeddable":true,"href":"http:\/\/www.apucarana.pr.gov.br\/ame\/wp-json\/wp\/v2\/tags?post=9698"}],"curies":[{"name":"wp","href":"https:\/\/api.w.org\/{rel}","templated":true}]}}