{"id":9689,"date":"2021-07-26T16:40:07","date_gmt":"2021-07-26T19:40:07","guid":{"rendered":"http:\/\/www.apucarana.pr.gov.br\/ame\/?p=9689"},"modified":"2024-10-08T09:09:48","modified_gmt":"2024-10-08T12:09:48","slug":"provas-de-concurso-publico-da-educacao-sao-realizadas-em-clima-de-tranquilidade-e-sem-ocorrencias","status":"publish","type":"post","link":"http:\/\/www.apucarana.pr.gov.br\/ame\/provas-de-concurso-publico-da-educacao-sao-realizadas-em-clima-de-tranquilidade-e-sem-ocorrencias\/","title":{"rendered":"Provas de concurso p\u00fablico da educa\u00e7\u00e3o s\u00e3o realizadas em clima de tranquilidade e sem ocorr\u00eancias"},"content":{"rendered":"<p>Em clima de tranquilidade e sem nenhuma ocorr\u00eancia registrada, as provas do concurso p\u00fablico da Autarquia Municipal de Educa\u00e7\u00e3o foram aplicadas ontem (25\/7) aos mais de dois mil candidatos inscritos. O certame oferece quinze vagas para o cargo de Professor e cadastro de reserva para Assistente Infantil.<\/p>\n<p>A secret\u00e1ria de educa\u00e7\u00e3o, Marli Fernandes, lembrou que as provas objetivas e de reda\u00e7\u00e3o deveriam ter acontecido no dia 29 de mar\u00e7o de 2020. \u201cEntretanto, devido \u00e0 pandemia de Covid-19, as autoridades de sa\u00fade nos orientaram a suspender o concurso e adiar a realiza\u00e7\u00e3o dos exames para um momento mais oportuno,\u201d explicou.<\/p>\n<p>\u201cO processo seletivo foi reestabelecido no \u00faltimo m\u00eas de abril, tendo em vista que as aulas presenciais j\u00e1 est\u00e3o sendo retomadas gradualmente e precisamos recompor o quadro de funcion\u00e1rios dos nossos CMEIs e Escolas,\u201d acrescentou o prefeito Junior da Femac.<\/p>\n<p>A Funda\u00e7\u00e3o de Apoio ao Desenvolvimento da Universidade Estadual de Londrina \u2013 empresa contratada para organizar o concurso \u2013 colocou em pr\u00e1tica um protocolo r\u00edgido de biosseguran\u00e7a.<\/p>\n<p>\u201cAl\u00e9m da exig\u00eancia do uso de m\u00e1scaras, a equipe da FAUEL foi bastante criteriosa em rela\u00e7\u00e3o \u00e0 aferi\u00e7\u00e3o da temperatura corporal dos candidatos, ao distanciamento social dentro das salas de aula e \u00e0 higieniza\u00e7\u00e3o das carteiras e cadeiras antes de cada turno das provas. Tudo isso para n\u00e3o colocar em risco a sa\u00fade dos participantes e dos profissionais envolvidos no certame,\u201d disse a presidente da Comiss\u00e3o Especial do Concurso, Elida Lusia Fenato.<\/p>\n<p>Os gabaritos das provas e o cronograma com as demais etapas do concurso (Edital 012\/2021) ser\u00e3o disponibilizados nesta ter\u00e7a-feira (27\/7), por meio do Jornal Tribuna do Norte e do endere\u00e7o eletr\u00f4nico:<a href=\"http:\/\/sys.apucarana.pr.gov.br\/apucarana-pr\/FWLocal\/editais_concursos\/\"> http:\/\/sys.apucarana.pr.gov.br\/apucarana-pr\/FWLocal\/editais_concursos\/<\/a><\/p>\n<div class = 'socialMediaOnEveryPost'>Compartilhe<div id=\"sgmbShare1-1\" class=\"sgmbShare jssocials-theme-classic sgmbWidget1-1\"><\/div><div class=\"dropdownWrapper dropdownWrapper1 dropdownWrapper-for-widget \" id=\"dropdownWrapper-for-widget\">\r\n\t\t\t\t\t\t<div class=\"dropdownLabel\" id=\"dropdownLabel-share-list\"><span class=\"sgmbButtonListLabel1\">Share List<\/span><\/div>\r\n\t\t\t\t\t\t<div class=\"dropdownPanel dropdownPanel1-1\">\r\n\t\t\t\t\t\t<\/div>\r\n\t\t\t\t\t<\/div><script>  SGMB_URL = \"http:\/\/www.apucarana.pr.gov.br\/ame\/wp-content\/plugins\/social-media-builder\/\"; jQuery(\".dropdownWrapper\").hide(); SGMB_GOOGLE_ACOUNT = \"\"; <\/script><script type=\"text\/javascript\">\r\n\t\tjQuery(document).ready(function($){var widget = new SGMBWidget();widget.show({\"id\":\"1\",\"title\":\"Face\\\/Twitter\",\"options\":{\"currentUrl\":\"1\",\"url\":\"\",\"shareText\":\"\",\"fontSize\":\"14\",\"betweenButtons\":\"1px\",\"theme\":\"classic\",\"sgmbButtonsPosition\":\"bottomLeft\",\"socialTheme\":\"\",\"icon\":\"default\",\"buttonsPanelEffect\":\"No Effect\",\"buttonsEffect\":\"No Effect\",\"iconsEffect\":\"No Effect\",\"buttons\":\"{\\\"facebook\\\":{\\\"label\\\":\\\"Share\\\",\\\"icon\\\":\\\"default-facebook\\\"},\\\"twitter\\\":{\\\"label\\\":\\\"Tweet\\\",\\\"icon\\\":\\\"default-twitter\\\",\\\"via\\\":\\\"\\\",\\\"hashtags\\\":\\\"\\\"}}\",\"roundButton\":\"\",\"showLabels\":\"\",\"showCounts\":\"\",\"showCenter\":\"\",\"showButtonsAsList\":\"\",\"sgmbDropdownColor\":\"\",\"sgmbDropdownLabelFontSize\":\"14\",\"sgmbDropdownLabelColor\":\"\",\"showButtonsOnEveryPost\":\"on\",\"selectedOrExcluded\":\"\",\"showButtonsOnEveryPage\":\"\",\"textOnEveryPost\":\"Compartilhe\",\"showButtonsOnCustomPost\":\"\",\"textOnCustomPost\":\"\",\"showButtonsOnMobileDirect\":\"on\",\"showButtonsOnDesktopDirect\":\"on\",\"sgmbSelectedPages\":[\"\"],\"sgmbExcludedPosts\":[\"\"],\"sgmbSelectedCustomPosts\":[],\"showButtonsInPopup\":\"\",\"titleOfPopup\":\"\",\"descriptionOfPopup\":\"\",\"showPopupOnLoad\":\"\",\"showPopupOnScroll\":\"\",\"showPopupOnExit\":\"\",\"openSecondsOfPopup\":\"\",\"googleAnaliticsAccount\":\"\"},\"buttonOptions\":{\"facebook\":{\"label\":\"Share\",\"icon\":\"default-facebook\"},\"twitter\":{\"label\":\"Tweet\",\"icon\":\"default-twitter\",\"via\":\"\",\"hashtags\":\"\"}},\"button\":[\"facebook\",\"twitter\"]}, 1, '', 'http:\/\/www.apucarana.pr.gov.br\/ame\/wp-content\/uploads\/2021\/07\/IMG_9236-scaled.jpg', '', 'http:\/\/www.apucarana.pr.gov.br\/ame\/provas-de-concurso-publico-da-educacao-sao-realizadas-em-clima-de-tranquilidade-e-sem-ocorrencias\/'); });<\/script><\/div><script> jQuery(\".socialMediaOnEveryPost\").addClass(\"sgmb-left\") <\/script>","protected":false},"excerpt":{"rendered":"<p>Os candidatos poder\u00e3o consultar os gabaritos das provas a partir desta ter\u00e7a-feira (27\/7) <\/p>\n","protected":false},"author":10,"featured_media":9690,"comment_status":"closed","ping_status":"open","sticky":false,"template":"","format":"standard","meta":[],"categories":[9],"tags":[],"_links":{"self":[{"href":"http:\/\/www.apucarana.pr.gov.br\/ame\/wp-json\/wp\/v2\/posts\/9689"}],"collection":[{"href":"http:\/\/www.apucarana.pr.gov.br\/ame\/wp-json\/wp\/v2\/posts"}],"about":[{"href":"http:\/\/www.apucarana.pr.gov.br\/ame\/wp-json\/wp\/v2\/types\/post"}],"author":[{"embeddable":true,"href":"http:\/\/www.apucarana.pr.gov.br\/ame\/wp-json\/wp\/v2\/users\/10"}],"replies":[{"embeddable":true,"href":"http:\/\/www.apucarana.pr.gov.br\/ame\/wp-json\/wp\/v2\/comments?post=9689"}],"version-history":[{"count":1,"href":"http:\/\/www.apucarana.pr.gov.br\/ame\/wp-json\/wp\/v2\/posts\/9689\/revisions"}],"predecessor-version":[{"id":9696,"href":"http:\/\/www.apucarana.pr.gov.br\/ame\/wp-json\/wp\/v2\/posts\/9689\/revisions\/9696"}],"wp:featuredmedia":[{"embeddable":true,"href":"http:\/\/www.apucarana.pr.gov.br\/ame\/wp-json\/wp\/v2\/media\/9690"}],"wp:attachment":[{"href":"http:\/\/www.apucarana.pr.gov.br\/ame\/wp-json\/wp\/v2\/media?parent=9689"}],"wp:term":[{"taxonomy":"category","embeddable":true,"href":"http:\/\/www.apucarana.pr.gov.br\/ame\/wp-json\/wp\/v2\/categories?post=9689"},{"taxonomy":"post_tag","embeddable":true,"href":"http:\/\/www.apucarana.pr.gov.br\/ame\/wp-json\/wp\/v2\/tags?post=9689"}],"curies":[{"name":"wp","href":"https:\/\/api.w.org\/{rel}","templated":true}]}}