{"id":9686,"date":"2021-07-25T10:52:34","date_gmt":"2021-07-25T13:52:34","guid":{"rendered":"http:\/\/www.apucarana.pr.gov.br\/ame\/?p=9686"},"modified":"2024-10-08T09:09:48","modified_gmt":"2024-10-08T12:09:48","slug":"prefeito-e-secretaria-manifestam-pesar-pela-morte-do-servidor-rodrigo-jose-augusto-barboza","status":"publish","type":"post","link":"http:\/\/www.apucarana.pr.gov.br\/ame\/prefeito-e-secretaria-manifestam-pesar-pela-morte-do-servidor-rodrigo-jose-augusto-barboza\/","title":{"rendered":"Prefeito e secret\u00e1ria manifestam pesar pela morte do servidor Rodrigo Jos\u00e9 Augusto Barboza"},"content":{"rendered":"<p>O prefeito Junior da Femac e a secret\u00e1ria Marli Fernandes manifestam profundo pesar pelo falecimento do servidor Rodrigo Jos\u00e9 Augusto Barboza, aos 29 anos. Desde janeiro de 2014, ele trabalhava como assistente administrativo da Autarquia Municipal de Educa\u00e7\u00e3o, tendo atuado nas escolas municipais Monsenhor Arnaldo Beltrami e Senador Marcos de Barros Freire.<\/p>\n<p>\u201cNeste momento, estamos unidos na dor e na tristeza aos familiares e colegas de trabalho do Rodrigo. Suplicamos a Deus que console os cora\u00e7\u00f5es dos pais dele, Nivaldo e Vera L\u00facia, e tamb\u00e9m do irm\u00e3o Fl\u00e1vio. Nossos sinceros sentimentos a todos,\u201d disse o prefeito.<\/p>\n<p>A secret\u00e1ria de educa\u00e7\u00e3o, Marli Fernandes, destacou o profissionalismo do servidor. \u201cRodrigo era um funcion\u00e1rio exemplar, muito querido por todos os colegas de trabalho e tamb\u00e9m pelos pais dos alunos, a quem sempre atendia com muito carinho, respeito e dilig\u00eancia,\u201d afirmou.<\/p>\n<p>O vel\u00f3rio de Rodrigo Jos\u00e9 Augusto Barboza acontece na Capela Central de Apucarana. O sepultamento, por sua vez, ser\u00e1 ainda hoje (25\/7), \u00e0s 15 horas, no Cemit\u00e9rio da Saudade.<\/p>\n<div class = 'socialMediaOnEveryPost'>Compartilhe<div id=\"sgmbShare1-1\" class=\"sgmbShare jssocials-theme-classic sgmbWidget1-1\"><\/div><div class=\"dropdownWrapper dropdownWrapper1 dropdownWrapper-for-widget \" id=\"dropdownWrapper-for-widget\">\r\n\t\t\t\t\t\t<div class=\"dropdownLabel\" id=\"dropdownLabel-share-list\"><span class=\"sgmbButtonListLabel1\">Share List<\/span><\/div>\r\n\t\t\t\t\t\t<div class=\"dropdownPanel dropdownPanel1-1\">\r\n\t\t\t\t\t\t<\/div>\r\n\t\t\t\t\t<\/div><script>  SGMB_URL = \"http:\/\/www.apucarana.pr.gov.br\/ame\/wp-content\/plugins\/social-media-builder\/\"; jQuery(\".dropdownWrapper\").hide(); SGMB_GOOGLE_ACOUNT = \"\"; <\/script><script type=\"text\/javascript\">\r\n\t\tjQuery(document).ready(function($){var widget = new SGMBWidget();widget.show({\"id\":\"1\",\"title\":\"Face\\\/Twitter\",\"options\":{\"currentUrl\":\"1\",\"url\":\"\",\"shareText\":\"\",\"fontSize\":\"14\",\"betweenButtons\":\"1px\",\"theme\":\"classic\",\"sgmbButtonsPosition\":\"bottomLeft\",\"socialTheme\":\"\",\"icon\":\"default\",\"buttonsPanelEffect\":\"No Effect\",\"buttonsEffect\":\"No Effect\",\"iconsEffect\":\"No Effect\",\"buttons\":\"{\\\"facebook\\\":{\\\"label\\\":\\\"Share\\\",\\\"icon\\\":\\\"default-facebook\\\"},\\\"twitter\\\":{\\\"label\\\":\\\"Tweet\\\",\\\"icon\\\":\\\"default-twitter\\\",\\\"via\\\":\\\"\\\",\\\"hashtags\\\":\\\"\\\"}}\",\"roundButton\":\"\",\"showLabels\":\"\",\"showCounts\":\"\",\"showCenter\":\"\",\"showButtonsAsList\":\"\",\"sgmbDropdownColor\":\"\",\"sgmbDropdownLabelFontSize\":\"14\",\"sgmbDropdownLabelColor\":\"\",\"showButtonsOnEveryPost\":\"on\",\"selectedOrExcluded\":\"\",\"showButtonsOnEveryPage\":\"\",\"textOnEveryPost\":\"Compartilhe\",\"showButtonsOnCustomPost\":\"\",\"textOnCustomPost\":\"\",\"showButtonsOnMobileDirect\":\"on\",\"showButtonsOnDesktopDirect\":\"on\",\"sgmbSelectedPages\":[\"\"],\"sgmbExcludedPosts\":[\"\"],\"sgmbSelectedCustomPosts\":[],\"showButtonsInPopup\":\"\",\"titleOfPopup\":\"\",\"descriptionOfPopup\":\"\",\"showPopupOnLoad\":\"\",\"showPopupOnScroll\":\"\",\"showPopupOnExit\":\"\",\"openSecondsOfPopup\":\"\",\"googleAnaliticsAccount\":\"\"},\"buttonOptions\":{\"facebook\":{\"label\":\"Share\",\"icon\":\"default-facebook\"},\"twitter\":{\"label\":\"Tweet\",\"icon\":\"default-twitter\",\"via\":\"\",\"hashtags\":\"\"}},\"button\":[\"facebook\",\"twitter\"]}, 1, '', 'http:\/\/www.apucarana.pr.gov.br\/ame\/wp-content\/uploads\/2021\/07\/Rodrigo-Jose-Augusto-Barboza.jpg', '', 'http:\/\/www.apucarana.pr.gov.br\/ame\/prefeito-e-secretaria-manifestam-pesar-pela-morte-do-servidor-rodrigo-jose-augusto-barboza\/'); });<\/script><\/div><script> jQuery(\".socialMediaOnEveryPost\").addClass(\"sgmb-left\") <\/script>","protected":false},"excerpt":{"rendered":"<p>Desde janeiro de 2014, ele trabalhava como assistente administrativo da Autarquia Municipal de Educa\u00e7\u00e3o<\/p>\n","protected":false},"author":10,"featured_media":9687,"comment_status":"closed","ping_status":"open","sticky":false,"template":"","format":"standard","meta":[],"categories":[9],"tags":[],"_links":{"self":[{"href":"http:\/\/www.apucarana.pr.gov.br\/ame\/wp-json\/wp\/v2\/posts\/9686"}],"collection":[{"href":"http:\/\/www.apucarana.pr.gov.br\/ame\/wp-json\/wp\/v2\/posts"}],"about":[{"href":"http:\/\/www.apucarana.pr.gov.br\/ame\/wp-json\/wp\/v2\/types\/post"}],"author":[{"embeddable":true,"href":"http:\/\/www.apucarana.pr.gov.br\/ame\/wp-json\/wp\/v2\/users\/10"}],"replies":[{"embeddable":true,"href":"http:\/\/www.apucarana.pr.gov.br\/ame\/wp-json\/wp\/v2\/comments?post=9686"}],"version-history":[{"count":1,"href":"http:\/\/www.apucarana.pr.gov.br\/ame\/wp-json\/wp\/v2\/posts\/9686\/revisions"}],"predecessor-version":[{"id":9688,"href":"http:\/\/www.apucarana.pr.gov.br\/ame\/wp-json\/wp\/v2\/posts\/9686\/revisions\/9688"}],"wp:featuredmedia":[{"embeddable":true,"href":"http:\/\/www.apucarana.pr.gov.br\/ame\/wp-json\/wp\/v2\/media\/9687"}],"wp:attachment":[{"href":"http:\/\/www.apucarana.pr.gov.br\/ame\/wp-json\/wp\/v2\/media?parent=9686"}],"wp:term":[{"taxonomy":"category","embeddable":true,"href":"http:\/\/www.apucarana.pr.gov.br\/ame\/wp-json\/wp\/v2\/categories?post=9686"},{"taxonomy":"post_tag","embeddable":true,"href":"http:\/\/www.apucarana.pr.gov.br\/ame\/wp-json\/wp\/v2\/tags?post=9686"}],"curies":[{"name":"wp","href":"https:\/\/api.w.org\/{rel}","templated":true}]}}